{"id":47979,"date":"2026-09-02T23:40:13","date_gmt":"2026-09-03T02:40:13","guid":{"rendered":"https:\/\/ecosdelsur.com\/?p=47979"},"modified":"2026-09-02T23:40:13","modified_gmt":"2026-09-03T02:40:13","slug":"preocupacion-en-el-jardin-maternal-monoliso-denuncian-presencia-de-chinches-y-piden-suspender-las-actividades","status":"publish","type":"post","link":"https:\/\/ecosdelsur.com\/?p=47979","title":{"rendered":"Preocupaci\u00f3n en el Jard\u00edn Maternal Monoliso: denuncian presencia de chinches y piden suspender las actividades"},"content":{"rendered":"<p><span style=\"color: #ff0000;\">02 de Septiembre 2026.<\/span><\/p>\n<p>Hola, queremos dar a conocer y pedir difusi\u00f3n sobre una situaci\u00f3n que estamos atravesando en el Jard\u00edn Maternal Monoliso de la localidad de Caleta Olivia.<\/p>\n<p>&nbsp;<\/p>\n<p>Actualmente nos encontramos preocupados por la presencia de chinches, una situaci\u00f3n que consideramos debe ser atendida de manera adecuada y responsable. Nuestra preocupaci\u00f3n principal es que las actividades no han sido suspendidas, a pesar de que existe el temor de que esta plaga pueda trasladarse a los hogares de las familias y tambi\u00e9n de las trabajadoras.<\/p>\n<p>&nbsp;<\/p>\n<p>Seg\u00fan se nos ha informado, el se\u00f1or Luis Acosta y la se\u00f1ora Cintia Godoy no autorizan la suspensi\u00f3n de las actividades y se nos indic\u00f3 realizar la limpieza \u00fanicamente con agua caliente y alcohol.<\/p>\n<p>&nbsp;<\/p>\n<p>Consideramos que esta situaci\u00f3n merece una respuesta y una soluci\u00f3n adecuada, ya que entendemos que una problem\u00e1tica de este tipo requiere medidas efectivas para evitar su propagaci\u00f3n y brindar tranquilidad tanto a los ni\u00f1os y ni\u00f1as como a las familias y al personal que trabaja en la instituci\u00f3n.<\/p>\n<p>&nbsp;<\/p>\n<p>No buscamos generar conflicto, sino pedir que se escuche nuestra preocupaci\u00f3n y que se tomen las medidas necesarias para resolver esta situaci\u00f3n de manera responsable.<\/p>\n<p>&nbsp;<\/p>\n<p>Pedimos a la comunidad y a los medios de comunicaci\u00f3n que nos ayuden a difundir esta situaci\u00f3n, para que pueda encontrarse una pronta soluci\u00f3n y se priorice el bienestar de todos.<\/p>\n<p>&nbsp;<\/p>\n<p>Solicitamos respuestas y medidas concretas.<\/p>\n","protected":false},"excerpt":{"rendered":"<p>02 de Septiembre 2026. Hola, queremos dar a conocer y pedir difusi\u00f3n sobre una situaci\u00f3n que estamos atravesando en el<\/p>\n","protected":false},"author":8,"featured_media":47980,"comment_status":"open","ping_status":"closed","sticky":false,"template":"","format":"standard","meta":{"footnotes":""},"categories":[35],"tags":[],"class_list":["post-47979","post","type-post","status-publish","format-standard","has-post-thumbnail","hentry","category-sociedad"],"_links":{"self":[{"href":"https:\/\/ecosdelsur.com\/index.php?rest_route=\/wp\/v2\/posts\/47979","targetHints":{"allow":["GET"]}}],"collection":[{"href":"https:\/\/ecosdelsur.com\/index.php?rest_route=\/wp\/v2\/posts"}],"about":[{"href":"https:\/\/ecosdelsur.com\/index.php?rest_route=\/wp\/v2\/types\/post"}],"author":[{"embeddable":true,"href":"https:\/\/ecosdelsur.com\/index.php?rest_route=\/wp\/v2\/users\/8"}],"replies":[{"embeddable":true,"href":"https:\/\/ecosdelsur.com\/index.php?rest_route=%2Fwp%2Fv2%2Fcomments&post=47979"}],"version-history":[{"count":1,"href":"https:\/\/ecosdelsur.com\/index.php?rest_route=\/wp\/v2\/posts\/47979\/revisions"}],"predecessor-version":[{"id":47981,"href":"https:\/\/ecosdelsur.com\/index.php?rest_route=\/wp\/v2\/posts\/47979\/revisions\/47981"}],"wp:featuredmedia":[{"embeddable":true,"href":"https:\/\/ecosdelsur.com\/index.php?rest_route=\/wp\/v2\/media\/47980"}],"wp:attachment":[{"href":"https:\/\/ecosdelsur.com\/index.php?rest_route=%2Fwp%2Fv2%2Fmedia&parent=47979"}],"wp:term":[{"taxonomy":"category","embeddable":true,"href":"https:\/\/ecosdelsur.com\/index.php?rest_route=%2Fwp%2Fv2%2Fcategories&post=47979"},{"taxonomy":"post_tag","embeddable":true,"href":"https:\/\/ecosdelsur.com\/index.php?rest_route=%2Fwp%2Fv2%2Ftags&post=47979"}],"curies":[{"name":"wp","href":"https:\/\/api.w.org\/{rel}","templated":true}]}}