{"id":47972,"date":"2026-09-02T20:13:37","date_gmt":"2026-09-02T23:13:37","guid":{"rendered":"https:\/\/ecosdelsur.com\/?p=47972"},"modified":"2026-09-02T20:13:37","modified_gmt":"2026-09-02T23:13:37","slug":"jornada-de-trabajo-interinstitucional-para-la-proteccion-de-derechos-de-ninas-ninos-y-adolescentes","status":"publish","type":"post","link":"https:\/\/ecosdelsur.com\/?p=47972","title":{"rendered":"Jornada de trabajo interinstitucional para la protecci\u00f3n de derechos de ni\u00f1as, ni\u00f1os y adolescentes"},"content":{"rendered":"<p><span style=\"color: #ff0000;\">02 de Septiembre 2026. <\/span>La Secretar\u00eda de Estado de Ni\u00f1ez, Adolescencia y Familia, la Justicia y el Municipio de R\u00edo Gallegos avanzaron en estrategias conjuntas para fortalecer los abordajes familiares y el sistema de protecci\u00f3n integral.<\/p>\n<div class=\"redes mb-3\">\n<div class=\"d-flex flex-wrap justify-content-between align-items-center gap-3 my-2 mx-1\">\n<section class=\"ssi-block-main mb-5\">\n<div class=\"mb-2\">\n<div class=\"article-full\">\n<p>Este mi\u00e9rcoles, en la Sala de Situaci\u00f3n\u00a0<strong>del Ministerio de Desarrollo Social, Igualdad e Integraci\u00f3n<\/strong>, se llev\u00f3 adelante una reuni\u00f3n\u00a0<strong>de trabajo interinstitucional<\/strong>\u00a0con la participaci\u00f3n de autoridades y equipos t\u00e9cnicos de\u00a0<strong>la Secretar\u00eda de Estado de Ni\u00f1ez, Adolescencia y Familia<\/strong>, representantes de la\u00a0<strong>Defensor\u00eda General del Tribunal Superior de Justicia de Santa Cruz<\/strong>\u00a0y del\u00a0<strong>\u00e1rea de Ni\u00f1ez de la Municipalidad de R\u00edo Gallegos.<\/strong><\/p>\n<p>Durante la jornada se trabaj\u00f3 en la\u00a0<strong>coordinaci\u00f3n de abordajes familiares y planes de trabajo articulado con el Poder Judicial,<\/strong>\u00a0con la participaci\u00f3n de las \u00e1reas provinciales de Ni\u00f1ez y Discapacidad y del \u00e1rea municipal de Ni\u00f1ez.<\/p>\n<p>El objetivo es fortalecer las intervenciones de los distintos organismos y consolidar respuestas integrales frente a situaciones que involucren a\u00a0<strong>ni\u00f1as, ni\u00f1os, adolescentes y sus familias<\/strong>, de acuerdo con las normativas vigentes y los principios del sistema de protecci\u00f3n integral de derechos.<\/p>\n<p>El encuentro fue encabezado por el secretario de Estado de Ni\u00f1ez, Adolescencia y Familia<strong>, Luis Quiroga<\/strong>, y cont\u00f3 con la participaci\u00f3n de la defensora oficial,\u00a0<strong>Romina Sa\u00fal<\/strong>; la directora Provincial de Sistemas de Protecci\u00f3n,\u00a0<strong>Alicia Cabral<\/strong>; la subsecretaria de Protecci\u00f3n Integral de Ni\u00f1ez, Adolescencia y Familia,\u00a0<strong>Melisa Peralta<\/strong>; y la jefa del Departamento de Supervisi\u00f3n y Coordinaci\u00f3n de Equipos de la Secretar\u00eda de Ni\u00f1ez de la Municipalidad de R\u00edo Gallegos,\u00a0<strong>Luciana Coli.<\/strong><\/p>\n<p>Tambi\u00e9n participaron el subsecretario de Promoci\u00f3n y Protecci\u00f3n de Derechos Humanos,\u00a0<strong>Rub\u00e9n Fern\u00e1ndez<\/strong>; la subsecretaria de Pol\u00edticas contra las Violencias por Razones de G\u00e9nero,\u00a0<strong>Roxana Rodr\u00edguez;<\/strong>\u00a0la subsecretaria de Pol\u00edticas para Personas con Discapacidad,\u00a0<strong>Alejandra Ulloa<\/strong>; el asesor letrado de la Subsecretar\u00eda de Discapacidad,\u00a0<strong>Mario Pasqui<\/strong>; y la asesora letrada de la Subsecretar\u00eda de Ni\u00f1ez,\u00a0<strong>Deborah Ruzo.<\/strong><\/p>\n<p>Desde el Gobierno de Santa Cruz, bajo la gesti\u00f3n del gobernador\u00a0<strong>Claudio Vidal<\/strong>, se impulsa el fortalecimiento de las pol\u00edticas destinadas a garantizar la protecci\u00f3n integral de las infancias y adolescencias. En este marco, el Ministerio de Desarrollo Social, Igualdad e Integraci\u00f3n, conducido por el ministro\u00a0<strong>Sebasti\u00e1n Georgion<\/strong>, promueve el trabajo coordinado entre los distintos organismos e instituciones para mejorar las respuestas y\u00a0<strong>garantizar el ejercicio efectivo de derechos.<\/strong><\/p>\n<p>La articulaci\u00f3n entre el\u00a0<strong>Estado provincial, el Municipio y el Poder Judicial<\/strong>\u00a0constituye una herramienta fundamental para avanzar hacia intervenciones m\u00e1s coordinadas, oportunas e integrales en materia de\u00a0<strong>ni\u00f1ez y adolescencia.<\/strong><\/p>\n<\/div>\n<\/div>\n<\/section>\n<aside class=\"ssi-block-side\">\n<aside class=\"a-gallery mt-2\">\n<div class=\"row g-3 ssigallery-frontend mt-3 row-cols-2 row-cols-sm-3 row-cols-md-3 row-cols-lg-4\">\n<div class=\"col-6 col-sm-4 col-md-4 col-lg-3 mt-0\"><a class=\"ssig-item\" href=\"https:\/\/noticias.santacruz.gob.ar\/media\/ssigallery\/articulos\/26364\/galeria\/MDSII_REUNION_SENAF_JUSTICIA_MUNICIPIO__1_.jpeg\" data-ssig=\"1\" data-caption=\"\" data-fancybox=\"ssigallery-article-26364\"><img decoding=\"async\" class=\"img-fluid rounded lazyload\" data-src=\"https:\/\/noticias.santacruz.gob.ar\/media\/ssigallery\/articulos\/26364\/galeria\/thumbs\/MDSII_REUNION_SENAF_JUSTICIA_MUNICIPIO__1_.jpeg\" alt=\"Jornada de trabajo interinstitucional para la protecci\u00f3n de derechos de ni\u00f1as, ni\u00f1os y adolescentes\" src=\"data:image\/svg+xml;base64,PHN2ZyB3aWR0aD0iMSIgaGVpZ2h0PSIxIiB4bWxucz0iaHR0cDovL3d3dy53My5vcmcvMjAwMC9zdmciPjwvc3ZnPg==\" \/><\/a><\/div>\n<div class=\"col-6 col-sm-4 col-md-4 col-lg-3 mt-0\"><\/div>\n<\/div>\n<\/aside>\n<\/aside>\n<\/div>\n<\/div>\n","protected":false},"excerpt":{"rendered":"<p>02 de Septiembre 2026. La Secretar\u00eda de Estado de Ni\u00f1ez, Adolescencia y Familia, la Justicia y el Municipio de R\u00edo<\/p>\n","protected":false},"author":8,"featured_media":47973,"comment_status":"open","ping_status":"closed","sticky":false,"template":"","format":"standard","meta":{"footnotes":""},"categories":[1156],"tags":[],"class_list":["post-47972","post","type-post","status-publish","format-standard","has-post-thumbnail","hentry","category-ministerio-de-desarrollo-social"],"_links":{"self":[{"href":"https:\/\/ecosdelsur.com\/index.php?rest_route=\/wp\/v2\/posts\/47972","targetHints":{"allow":["GET"]}}],"collection":[{"href":"https:\/\/ecosdelsur.com\/index.php?rest_route=\/wp\/v2\/posts"}],"about":[{"href":"https:\/\/ecosdelsur.com\/index.php?rest_route=\/wp\/v2\/types\/post"}],"author":[{"embeddable":true,"href":"https:\/\/ecosdelsur.com\/index.php?rest_route=\/wp\/v2\/users\/8"}],"replies":[{"embeddable":true,"href":"https:\/\/ecosdelsur.com\/index.php?rest_route=%2Fwp%2Fv2%2Fcomments&post=47972"}],"version-history":[{"count":1,"href":"https:\/\/ecosdelsur.com\/index.php?rest_route=\/wp\/v2\/posts\/47972\/revisions"}],"predecessor-version":[{"id":47974,"href":"https:\/\/ecosdelsur.com\/index.php?rest_route=\/wp\/v2\/posts\/47972\/revisions\/47974"}],"wp:featuredmedia":[{"embeddable":true,"href":"https:\/\/ecosdelsur.com\/index.php?rest_route=\/wp\/v2\/media\/47973"}],"wp:attachment":[{"href":"https:\/\/ecosdelsur.com\/index.php?rest_route=%2Fwp%2Fv2%2Fmedia&parent=47972"}],"wp:term":[{"taxonomy":"category","embeddable":true,"href":"https:\/\/ecosdelsur.com\/index.php?rest_route=%2Fwp%2Fv2%2Fcategories&post=47972"},{"taxonomy":"post_tag","embeddable":true,"href":"https:\/\/ecosdelsur.com\/index.php?rest_route=%2Fwp%2Fv2%2Ftags&post=47972"}],"curies":[{"name":"wp","href":"https:\/\/api.w.org\/{rel}","templated":true}]}}