{"id":47965,"date":"2026-09-02T19:38:48","date_gmt":"2026-09-02T22:38:48","guid":{"rendered":"https:\/\/ecosdelsur.com\/?p=47965"},"modified":"2026-09-02T19:38:48","modified_gmt":"2026-09-02T22:38:48","slug":"santa-cruz-participo-de-una-nueva-jornada-de-trabajo-para-potenciar-la-educacion-superior","status":"publish","type":"post","link":"https:\/\/ecosdelsur.com\/?p=47965","title":{"rendered":"Santa Cruz particip\u00f3 de una nueva jornada de trabajo para potenciar la Educaci\u00f3n Superior"},"content":{"rendered":"<p><span style=\"color: #ff0000;\">02 de Septiembre 2026. <\/span>El Consejo Provincial de Educaci\u00f3n reforz\u00f3 las l\u00edneas de acci\u00f3n federales en este encuentro realizado en el Palacio Sarmiento, donde se abordaron la formaci\u00f3n continua, la oferta acad\u00e9mica y la validez nacional de t\u00edtulos.<\/p>\n<div class=\"redes mb-3\">\n<div class=\"d-flex flex-wrap justify-content-between align-items-center gap-3 my-2 mx-1\">\n<p>La Provincia de Santa Cruz particip\u00f3 de la IV Mesa Federal de Formaci\u00f3n Docente, desarrollada durante las jornadas del\u00a0<strong>martes 25 y mi\u00e9rcoles 26 de agosto<\/strong>\u00a0en el Sal\u00f3n Vera Pe\u00f1aloza del Palacio Sarmiento. En representaci\u00f3n de la jurisdicci\u00f3n, estuvo presente la directora provincial de Educaci\u00f3n Superior,\u00a0<strong>Florencia Igor.<\/strong><\/p>\n<p>El encuentro reuni\u00f3 a los directores de Educaci\u00f3n Superior de las 24 jurisdicciones del pa\u00eds junto a autoridades nacionales y equipos t\u00e9cnicos del Instituto Nacional de Formaci\u00f3n Docente\u00a0<strong>(INFoD)<\/strong>, encabezados por el secretario Nacional de Educaci\u00f3n,\u00a0<strong>Carlos Torrendell,<\/strong>\u00a0y el director Ejecutivo del INFoD,\u00a0<strong>Mart\u00edn M\u00fcller<\/strong>, con el objetivo de analizar el estado de avance de las\u00a0<strong>pol\u00edticas educativas<\/strong>\u00a0y acordar las acciones para el segundo semestre del a\u00f1o.<\/p>\n<h2>Formaci\u00f3n continua y renovaci\u00f3n curricular<\/h2>\n<p>Durante las comisiones de trabajo se evalu\u00f3 el estado de situaci\u00f3n de las propuestas de formaci\u00f3n continua y los resultados de las reuniones bilaterales sobre\u00a0<strong>los dise\u00f1os curriculares de las provincias<\/strong>. Al respecto, Igor detall\u00f3 que se present\u00f3 un relevamiento y diagn\u00f3stico inicial sobre\u00a0<strong>los N\u00facleos de Aprendizajes Prioritarios (NAP<\/strong>) para la Educaci\u00f3n Primaria, as\u00ed como el an\u00e1lisis de la presencia de los lenguajes art\u00edsticos en los niveles obligatorios y las capacidades requeridas para los profesorados.<\/p>\n<h2>Planificaci\u00f3n de la oferta e institucionalidad<\/h2>\n<p>En relaci\u00f3n con la organizaci\u00f3n de la oferta formativa, la directora provincial se\u00f1al\u00f3 que en la mesa de trabajo se analiz\u00f3 la propuesta de modificaci\u00f3n de\u00a0<strong>la Resoluci\u00f3n CFE N.\u00b0 140\/2011<\/strong>\u00a0y se presentaron los\u00a0<strong>Trayectos de Formaci\u00f3n Docente para la Educaci\u00f3n Secundaria<\/strong>\u00a0en segunda disciplina. Asimismo, se expuso el avance en la evaluaci\u00f3n de los Proyectos de Investigaci\u00f3n y se gener\u00f3 un espacio de intercambio sobre experiencias e iniciativas desarrolladas en los territorios.<\/p>\n<h2>Tr\u00e1mites y herramientas federales<\/h2>\n<p>En materia normativa y tecnol\u00f3gica, se dio a conocer el nuevo procedimiento para la tramitaci\u00f3n de la\u00a0<strong>validez nacional de t\u00edtulos<\/strong>, pensado para agilizar los procesos administrativos de las jurisdicciones. Del mismo modo, se comparti\u00f3 el estado de implementaci\u00f3n del\u00a0<strong>Sistema Federal Integral de Evaluaci\u00f3n, Certificaci\u00f3n y Acreditaci\u00f3n (SiFIECA).<\/strong><\/p>\n<p>Con su participaci\u00f3n en esta mesa de trabajo realizada en el Ministerio de Educaci\u00f3n, la provincia de\u00a0<strong>Santa Cruz reafirma su compromiso con el fortalecimiento del sistema formador,<\/strong>\u00a0el acompa\u00f1amiento a las trayectorias docentes y la consolidaci\u00f3n de consensos federales.<\/p>\n<\/div>\n<\/div>\n","protected":false},"excerpt":{"rendered":"<p>02 de Septiembre 2026. El Consejo Provincial de Educaci\u00f3n reforz\u00f3 las l\u00edneas de acci\u00f3n federales en este encuentro realizado en<\/p>\n","protected":false},"author":8,"featured_media":47966,"comment_status":"open","ping_status":"closed","sticky":false,"template":"","format":"standard","meta":{"footnotes":""},"categories":[89],"tags":[],"class_list":["post-47965","post","type-post","status-publish","format-standard","has-post-thumbnail","hentry","category-educacion"],"_links":{"self":[{"href":"https:\/\/ecosdelsur.com\/index.php?rest_route=\/wp\/v2\/posts\/47965","targetHints":{"allow":["GET"]}}],"collection":[{"href":"https:\/\/ecosdelsur.com\/index.php?rest_route=\/wp\/v2\/posts"}],"about":[{"href":"https:\/\/ecosdelsur.com\/index.php?rest_route=\/wp\/v2\/types\/post"}],"author":[{"embeddable":true,"href":"https:\/\/ecosdelsur.com\/index.php?rest_route=\/wp\/v2\/users\/8"}],"replies":[{"embeddable":true,"href":"https:\/\/ecosdelsur.com\/index.php?rest_route=%2Fwp%2Fv2%2Fcomments&post=47965"}],"version-history":[{"count":1,"href":"https:\/\/ecosdelsur.com\/index.php?rest_route=\/wp\/v2\/posts\/47965\/revisions"}],"predecessor-version":[{"id":47967,"href":"https:\/\/ecosdelsur.com\/index.php?rest_route=\/wp\/v2\/posts\/47965\/revisions\/47967"}],"wp:featuredmedia":[{"embeddable":true,"href":"https:\/\/ecosdelsur.com\/index.php?rest_route=\/wp\/v2\/media\/47966"}],"wp:attachment":[{"href":"https:\/\/ecosdelsur.com\/index.php?rest_route=%2Fwp%2Fv2%2Fmedia&parent=47965"}],"wp:term":[{"taxonomy":"category","embeddable":true,"href":"https:\/\/ecosdelsur.com\/index.php?rest_route=%2Fwp%2Fv2%2Fcategories&post=47965"},{"taxonomy":"post_tag","embeddable":true,"href":"https:\/\/ecosdelsur.com\/index.php?rest_route=%2Fwp%2Fv2%2Ftags&post=47965"}],"curies":[{"name":"wp","href":"https:\/\/api.w.org\/{rel}","templated":true}]}}