{"id":47962,"date":"2026-09-02T19:37:35","date_gmt":"2026-09-02T22:37:35","guid":{"rendered":"https:\/\/ecosdelsur.com\/?p=47962"},"modified":"2026-09-02T19:37:35","modified_gmt":"2026-09-02T22:37:35","slug":"entrega-de-libros-en-el-instituto-maria-auxiliadora-de-rio-gallegos","status":"publish","type":"post","link":"https:\/\/ecosdelsur.com\/?p=47962","title":{"rendered":"Entrega de libros en el Instituto Mar\u00eda Auxiliadora de R\u00edo Gallegos"},"content":{"rendered":"<p><span style=\"color: #ff0000;\">02 de Septiembre 2026. <\/span>El Consejo Provincial de Educaci\u00f3n, contin\u00faa desplegando las acciones del Plan Provincial de Alfabetizaci\u00f3n Plen@ en articulaci\u00f3n con el Programa Nacional \u00abLibros para Aprender\u00bb.<\/p>\n<div class=\"redes mb-3\">\n<div class=\"d-flex flex-wrap justify-content-between align-items-center gap-3 my-2 mx-1\">\n<section class=\"ssi-block-main mb-5\">\n<div class=\"mb-2\">\n<div class=\"article-full\">\n<p>En esta oportunidad, la distribuci\u00f3n de recursos pedag\u00f3gicos se llev\u00f3 a cabo en el<strong>\u00a0Instituto<\/strong>\u00a0<strong>Mar\u00eda Auxiliadora (IMA) de R\u00edo Gallegos<\/strong>, reafirmando el compromiso institucional de acompa\u00f1ar y fortalecer las trayectorias escolares de las infancias en Santa Cruz.<\/p>\n<h2>Acompa\u00f1amiento institucional y trabajo articulado<\/h2>\n<p>La jornada cont\u00f3 con la presencia de la supervisora de Nivel Primario de Gesti\u00f3n Privada,\u00a0<strong>Adriana Silva<\/strong>, y la referente provincial de Alfabetizaci\u00f3n,\u00a0<strong>Liliana Buryaile,<\/strong>\u00a0quienes acompa\u00f1aron el desarrollo de la entrega y destacaron la importancia de garantizar el acceso equitativo a\u00a0<strong>bibliograf\u00eda de calidad en las aulas de la provincia<\/strong>.<\/p>\n<p>Durante la actividad, los estudiantes recibieron sus ejemplares individuales de Lengua, Matem\u00e1tica y un t\u00edtulo de la colecci\u00f3n de literatura \u00ab<strong>Historias por leer<\/strong>\u00bb. Estos materiales est\u00e1n destinados al uso continuo tanto en el \u00e1mbito escolar como en el hogar, promoviendo el h\u00e1bito lector, el desarrollo del pensamiento cr\u00edtico y el trabajo aut\u00f3nomo.<\/p>\n<h2>Recursos para el aula y la participaci\u00f3n de las familias<\/h2>\n<p>Para acompa\u00f1ar de manera integral este proceso, la instituci\u00f3n notifica a los tutores mediante el cuaderno de comunicaciones sobre el material asignado y su din\u00e1mica de trabajo. Asimismo, los equipos\u00a0<strong>directivos registran y env\u00edan evidencias del trabajo pedag\u00f3gico<\/strong>\u00a0realizado para monitorear y evaluar el impacto real de la propuesta en el territorio.<\/p>\n<p>Con la continuidad de este despliegue institucional,\u00a0<strong>la provincia consolida la alfabetizaci\u00f3n<\/strong>\u00a0como un eje prioritario de la pol\u00edtica educativa, brindando herramientas concretas para el aprendizaje y fortaleciendo el v\u00ednculo entre\u00a0<strong>la escuela y las familias<\/strong>.<\/p>\n<\/div>\n<\/div>\n<\/section>\n<footer class=\"ssi-block-tags\"><\/footer>\n<aside class=\"ssi-block-side\">\n<aside class=\"a-gallery mt-2\">\n<h2 class=\"h5 border-bottom pb-2 mb-3\"><img decoding=\"async\" data-src=\"https:\/\/noticias.santacruz.gob.ar\/media\/ssigallery\/articulos\/26355\/galeria\/thumbs\/260902-ENTREGA_LIBROS_IMA__4_.jpeg\" alt=\"Entrega de libros en el Instituto Mar\u00eda Auxiliadora de R\u00edo Gallegos\" src=\"data:image\/svg+xml;base64,PHN2ZyB3aWR0aD0iMSIgaGVpZ2h0PSIxIiB4bWxucz0iaHR0cDovL3d3dy53My5vcmcvMjAwMC9zdmciPjwvc3ZnPg==\" class=\"lazyload\" \/><\/h2>\n<div class=\"row g-3 ssigallery-frontend mt-3 row-cols-2 row-cols-sm-3 row-cols-md-3 row-cols-lg-4\"><\/div>\n<\/aside>\n<\/aside>\n<\/div>\n<\/div>\n","protected":false},"excerpt":{"rendered":"<p>02 de Septiembre 2026. El Consejo Provincial de Educaci\u00f3n, contin\u00faa desplegando las acciones del Plan Provincial de Alfabetizaci\u00f3n Plen@ en<\/p>\n","protected":false},"author":8,"featured_media":47963,"comment_status":"open","ping_status":"closed","sticky":false,"template":"","format":"standard","meta":{"footnotes":""},"categories":[89],"tags":[],"class_list":["post-47962","post","type-post","status-publish","format-standard","has-post-thumbnail","hentry","category-educacion"],"_links":{"self":[{"href":"https:\/\/ecosdelsur.com\/index.php?rest_route=\/wp\/v2\/posts\/47962","targetHints":{"allow":["GET"]}}],"collection":[{"href":"https:\/\/ecosdelsur.com\/index.php?rest_route=\/wp\/v2\/posts"}],"about":[{"href":"https:\/\/ecosdelsur.com\/index.php?rest_route=\/wp\/v2\/types\/post"}],"author":[{"embeddable":true,"href":"https:\/\/ecosdelsur.com\/index.php?rest_route=\/wp\/v2\/users\/8"}],"replies":[{"embeddable":true,"href":"https:\/\/ecosdelsur.com\/index.php?rest_route=%2Fwp%2Fv2%2Fcomments&post=47962"}],"version-history":[{"count":1,"href":"https:\/\/ecosdelsur.com\/index.php?rest_route=\/wp\/v2\/posts\/47962\/revisions"}],"predecessor-version":[{"id":47964,"href":"https:\/\/ecosdelsur.com\/index.php?rest_route=\/wp\/v2\/posts\/47962\/revisions\/47964"}],"wp:featuredmedia":[{"embeddable":true,"href":"https:\/\/ecosdelsur.com\/index.php?rest_route=\/wp\/v2\/media\/47963"}],"wp:attachment":[{"href":"https:\/\/ecosdelsur.com\/index.php?rest_route=%2Fwp%2Fv2%2Fmedia&parent=47962"}],"wp:term":[{"taxonomy":"category","embeddable":true,"href":"https:\/\/ecosdelsur.com\/index.php?rest_route=%2Fwp%2Fv2%2Fcategories&post=47962"},{"taxonomy":"post_tag","embeddable":true,"href":"https:\/\/ecosdelsur.com\/index.php?rest_route=%2Fwp%2Fv2%2Ftags&post=47962"}],"curies":[{"name":"wp","href":"https:\/\/api.w.org\/{rel}","templated":true}]}}