{"id":47952,"date":"2026-09-02T19:29:36","date_gmt":"2026-09-02T22:29:36","guid":{"rendered":"https:\/\/ecosdelsur.com\/?p=47952"},"modified":"2026-09-02T19:45:35","modified_gmt":"2026-09-02T22:45:35","slug":"mechenien-celebra-33-anos-de-trayectoria-y-recibe-un-reconocimiento-en-el-centro-cultural-de-caleta-olivia","status":"publish","type":"post","link":"https:\/\/ecosdelsur.com\/?p=47952","title":{"rendered":"Mechenien celebra 33 a\u00f1os de trayectoria y recibe un reconocimiento en el Centro Cultural de Caleta Olivia"},"content":{"rendered":"<p>La Asociaci\u00f3n Amigos del Arte Mechenien fue reconocida por sus 33 a\u00f1os de trayectoria. El SUM del Centro Cultural lleva su nombre.<\/p>\n<p>El Concejo Deliberante aprob\u00f3 la Ordenanza N\u00ba 6745 para denominar con el nombre de Mechenien al espacio de usos m\u00faltiples del Centro Cultural. Myriam Rocci destac\u00f3 los 33 a\u00f1os de trayectoria de la instituci\u00f3n y su aporte al arte y la cultura de la ciudad.<\/p>\n<p>La Asociaci\u00f3n Amigos del Arte Mechenien recibi\u00f3 un importante reconocimiento por sus m\u00e1s de tres d\u00e9cadas de trabajo en favor del arte y la cultura de Caleta Olivia. En un acto realizado en el Centro Cultural, autoridades municipales y concejales hicieron entrega de la Ordenanza N\u00ba 6745, mediante la cual se establece la denominaci\u00f3n del Sal\u00f3n de Usos M\u00faltiples (SUM) de ese espacio cultural.<\/p>\n<p>La presidenta de la instituci\u00f3n, Myriam Rocci, fue la encargada de tomar la palabra durante el acto, que coincidi\u00f3 con el aniversario n\u00famero 33 de la asociaci\u00f3n.<\/p>\n<p>\u201cHoy hace exactamente 33 a\u00f1os que un grupo apasionado de vecinos decidieron conformar la Asociaci\u00f3n Amigos del Arte y me siento honrada de representarla como su actual presidenta\u201d, expres\u00f3 Rocci, visiblemente emocionada.<\/p>\n<p><a href=\"https:\/\/www.facebook.com\/share\/v\/1HXwm6gGF6\/\">https:\/\/www.facebook.com\/share\/v\/1HXwm6gGF6\/<\/a><\/p>\n<p>Una historia vinculada al cine y la cultura<\/p>\n<p>Durante su discurso, la presidenta de Mechenien repas\u00f3 los or\u00edgenes de la instituci\u00f3n y record\u00f3 que uno de sus principales objetivos fue recuperar la actividad cinematogr\u00e1fica en Caleta Olivia, que hab\u00eda desaparecido durante la d\u00e9cada de 1980.<\/p>\n<p>En los primeros a\u00f1os, la asociaci\u00f3n logr\u00f3 poner nuevamente en funcionamiento una sala de cine en Ca\u00f1ad\u00f3n Seco. Durante m\u00e1s de una d\u00e9cada se exhibieron pel\u00edculas y se generaron alternativas de transporte para que familias de Caleta Olivia pudieran acceder a las funciones.<\/p>\n<p>La experiencia permiti\u00f3 que el cine volviera a ocupar un lugar importante entre las actividades culturales de la comunidad y, al mismo tiempo, gener\u00f3 una nueva demanda de los vecinos: contar nuevamente con una sala cinematogr\u00e1fica en Caleta Olivia.<\/p>\n<p>Seg\u00fan record\u00f3 Rocci, aquella experiencia fue uno de los principales motores para que la asociaci\u00f3n avanzara en nuevos proyectos culturales.<\/p>\n<p>El Centro Cultural y una obra construida con recursos propios<\/p>\n<p>La presidenta tambi\u00e9n record\u00f3 las gestiones que permitieron avanzar en la construcci\u00f3n del Centro Cultural de Caleta Olivia, a partir de un convenio celebrado a fines de la d\u00e9cada de 1990 entre el municipio y el Gobierno provincial. El edificio fue inaugurado en 2003 y durante 17 a\u00f1os la asociaci\u00f3n estuvo a cargo de su administraci\u00f3n.<\/p>\n<p>Rocci destac\u00f3 que la instituci\u00f3n logr\u00f3 sostener las instalaciones y reinvertir en equipamiento y mejoras a partir de las actividades desarrolladas en el espacio.<\/p>\n<p>La dirigente remarc\u00f3 especialmente el modelo de trabajo basado en la articulaci\u00f3n entre el Estado y las organizaciones ciudadanas formalmente constituidas, al considerar que esa cooperaci\u00f3n permite generar espacios que contribuyen al bien com\u00fan.<\/p>\n<p>Un SUM para ampliar las actividades<\/p>\n<p>Con el paso de los a\u00f1os, Mechenien impuls\u00f3 la construcci\u00f3n de un nuevo espacio dentro del Centro Cultural destinado a actividades que no pod\u00edan desarrollarse adecuadamente en el auditorio principal.<\/p>\n<p>La obra fue dise\u00f1ada por el arquitecto Leandro Miguel, quien brind\u00f3 sus servicios profesionales de manera desinteresada, y ejecutada por la empresa MG, bajo la direcci\u00f3n del arquitecto Mauricio Guevara.<\/p>\n<p>Rocci destac\u00f3 que la construcci\u00f3n se realiz\u00f3 incluso durante el per\u00edodo de pandemia y que fue financiada \u00edntegramente con recursos propios generados por la asociaci\u00f3n a trav\u00e9s de las actividades realizadas en el Centro Cultural.<\/p>\n<p>Actualmente, el SUM permite desarrollar una amplia variedad de propuestas, entre ellas actos protocolares, ferias, convenciones, muestras, fiestas y exposiciones.<\/p>\n<p>\u201cHoy est\u00e1 claro que el SUM del Centro Cultural era absolutamente necesario, porque todo tipo de actividades se realizan aqu\u00ed\u201d, se\u00f1al\u00f3 Rocci.<\/p>\n<p>El reconocimiento a una trayectoria de 33 a\u00f1os<\/p>\n<p>La Ordenanza N\u00ba 6745 representa, para la instituci\u00f3n, un reconocimiento a una trayectoria construida durante m\u00e1s de tres d\u00e9cadas.<\/p>\n<p>Rocci agradeci\u00f3 especialmente al Concejo Deliberante por la iniciativa legislativa y al Ejecutivo municipal por promulgar y concretar la denominaci\u00f3n del espacio.<\/p>\n<p>La presidenta consider\u00f3 que este reconocimiento tambi\u00e9n pone en valor el trabajo de los voluntarios, asociados, trabajadores y vecinos que acompa\u00f1aron el crecimiento de la instituci\u00f3n a lo largo de los a\u00f1os.<\/p>\n<p>En ese sentido, sostuvo que la cultura y el arte constituyen herramientas fundamentales para la transformaci\u00f3n social y para la construcci\u00f3n de una ciudadan\u00eda activa.<\/p>\n<p>\u201cEs una caricia que remedia, es una actitud que invita a promover una sociedad involucrada y activa, dispuesta a ser part\u00edcipe de la construcci\u00f3n de un destino com\u00fan mejor para todos\u201d, expres\u00f3 Rocci al cerrar su discurso.<\/p>\n","protected":false},"excerpt":{"rendered":"<p>La Asociaci\u00f3n Amigos del Arte Mechenien fue reconocida por sus 33 a\u00f1os de trayectoria. El SUM del Centro Cultural lleva<\/p>\n","protected":false},"author":8,"featured_media":47960,"comment_status":"open","ping_status":"closed","sticky":false,"template":"","format":"standard","meta":{"footnotes":""},"categories":[88],"tags":[60,1909,400],"class_list":["post-47952","post","type-post","status-publish","format-standard","has-post-thumbnail","hentry","category-cultura","tag-caleta-olivia","tag-centro-cultural","tag-mechenien"],"_links":{"self":[{"href":"https:\/\/ecosdelsur.com\/index.php?rest_route=\/wp\/v2\/posts\/47952","targetHints":{"allow":["GET"]}}],"collection":[{"href":"https:\/\/ecosdelsur.com\/index.php?rest_route=\/wp\/v2\/posts"}],"about":[{"href":"https:\/\/ecosdelsur.com\/index.php?rest_route=\/wp\/v2\/types\/post"}],"author":[{"embeddable":true,"href":"https:\/\/ecosdelsur.com\/index.php?rest_route=\/wp\/v2\/users\/8"}],"replies":[{"embeddable":true,"href":"https:\/\/ecosdelsur.com\/index.php?rest_route=%2Fwp%2Fv2%2Fcomments&post=47952"}],"version-history":[{"count":2,"href":"https:\/\/ecosdelsur.com\/index.php?rest_route=\/wp\/v2\/posts\/47952\/revisions"}],"predecessor-version":[{"id":47971,"href":"https:\/\/ecosdelsur.com\/index.php?rest_route=\/wp\/v2\/posts\/47952\/revisions\/47971"}],"wp:featuredmedia":[{"embeddable":true,"href":"https:\/\/ecosdelsur.com\/index.php?rest_route=\/wp\/v2\/media\/47960"}],"wp:attachment":[{"href":"https:\/\/ecosdelsur.com\/index.php?rest_route=%2Fwp%2Fv2%2Fmedia&parent=47952"}],"wp:term":[{"taxonomy":"category","embeddable":true,"href":"https:\/\/ecosdelsur.com\/index.php?rest_route=%2Fwp%2Fv2%2Fcategories&post=47952"},{"taxonomy":"post_tag","embeddable":true,"href":"https:\/\/ecosdelsur.com\/index.php?rest_route=%2Fwp%2Fv2%2Ftags&post=47952"}],"curies":[{"name":"wp","href":"https:\/\/api.w.org\/{rel}","templated":true}]}}