{"id":47950,"date":"2026-09-02T19:26:22","date_gmt":"2026-09-02T22:26:22","guid":{"rendered":"https:\/\/ecosdelsur.com\/?p=47950"},"modified":"2026-09-02T19:26:22","modified_gmt":"2026-09-02T22:26:22","slug":"el-gobierno-provincial-realizo-una-inspeccion-ambiental-en-el-proyecto-minero-san-jose","status":"publish","type":"post","link":"https:\/\/ecosdelsur.com\/?p=47950","title":{"rendered":"El Gobierno Provincial realiz\u00f3 una inspecci\u00f3n ambiental en el proyecto minero San Jos\u00e9"},"content":{"rendered":"<p><span style=\"color: #ff0000;\">02 de Septiembre 2026. <\/span>La Secretar\u00eda de Estado de Fiscalizaci\u00f3n y Control Ambiental Energ\u00e9tico y Minero verific\u00f3 las condiciones de operaci\u00f3n, infraestructura y gesti\u00f3n ambiental del proyecto ubicado en cercan\u00edas de la ciudad de Perito Moreno. Se efectuaron nuevos requerimientos a la empresa.<\/p>\n<div class=\"redes mb-3\">\n<div class=\"d-flex flex-wrap justify-content-between align-items-center gap-3 my-2 mx-1\">\n<p>El Gobierno de Santa Cruz, a trav\u00e9s de la Secretar\u00eda de Estado de Fiscalizaci\u00f3n y Control Ambiental Energ\u00e9tico y Minero, dependiente del Ministerio de Energ\u00eda y Miner\u00eda, realiz\u00f3 d\u00edas atr\u00e1s una inspecci\u00f3n al proyecto \u201cSan Jos\u00e9\u201d, operado por Minera Santa Cruz S.A. y ubicado en cercan\u00edas de la localidad de Perito Moreno.<\/p>\n<figure class=\"ssi-inline-image my-3\"><img decoding=\"async\" class=\"img-fluid lazyload\" data-src=\"https:\/\/noticias.santacruz.gob.ar\/media\/ssigallery\/articulos\/26358\/inline\/INSPECCI__N_FISCA_MINA_SAN_JOS___2.jpg\" alt=\"Relevamiento de las instalaciones y sectores operativos, en el marco de la inspecci\u00f3n ambiental.\" src=\"data:image\/svg+xml;base64,PHN2ZyB3aWR0aD0iMSIgaGVpZ2h0PSIxIiB4bWxucz0iaHR0cDovL3d3dy53My5vcmcvMjAwMC9zdmciPjwvc3ZnPg==\" \/><figcaption class=\"small text-muted mt-1\">Relevamiento de las instalaciones y sectores operativos, en el marco de la inspecci\u00f3n ambiental.<\/figcaption><\/figure>\n<p>La inspecci\u00f3n, se desarroll\u00f3 en el marco de la normativa minera y ambiental vigente, y estuvo a cargo del Ing. Luis Lucero, jefe de Departamento de Coordinaci\u00f3n de Inspecciones Zona Sur, y de la Ing. Jesabel Sch\u00f6n, jefa de Departamento de Evaluaci\u00f3n de Estudios Ambientales, ambos del Ministerio de Energ\u00eda y Miner\u00eda.<\/p>\n<p>Por parte de Minera Santa Cruz S.A., participaron en las diferentes instancias N\u00e9stor Rigamontti, gerente General; Nadia Coutsiers, subgerente de Medio Ambiente; Claudio Maza, ingeniero s\u00e9nior de Medio Ambiente; Juan L\u00f3pez, jefe de Planta de PRH y PRA; Daniel Gonza, superintendente de Planeamiento; Brayan Espinoza, superintendente de Geotecnia; Cristian Carre\u00f1o, supervisor de Infraestructura; y N\u00e9stor G\u00f3mez, t\u00e9cnico de Tratamiento de Agua.<\/p>\n<figure class=\"ssi-inline-image my-3\"><img decoding=\"async\" class=\"img-fluid lazyload\" data-src=\"https:\/\/noticias.santacruz.gob.ar\/media\/ssigallery\/articulos\/26358\/inline\/INSPECCI__N_FISCA_MINA_SAN_JOS___5.jpg\" alt=\"El Gobierno Provincial realiz\u00f3 una inspecci\u00f3n ambiental en el proyecto minero San Jos\u00e9\" src=\"data:image\/svg+xml;base64,PHN2ZyB3aWR0aD0iMSIgaGVpZ2h0PSIxIiB4bWxucz0iaHR0cDovL3d3dy53My5vcmcvMjAwMC9zdmciPjwvc3ZnPg==\" \/><\/figure>\n<h2>Sectores inspeccionados<\/h2>\n<p>Durante las jornadas, se recorrieron los sectores de plantas de Relleno Hidr\u00e1ulico y Recuperaci\u00f3n de Agua, el Dique de Colas, reservorios de agua, \u00e1reas de explotaci\u00f3n, plantas de tratamiento de agua, depuradora, relleno sanitario, escombreras y sectores vinculados a la exploraci\u00f3n.<\/p>\n<p>En el marco de la fiscalizaci\u00f3n, tambi\u00e9n se verificaron las condiciones de funcionamiento de las instalaciones, y se requiri\u00f3 informaci\u00f3n t\u00e9cnica vinculada a distintos aspectos ambientales y operativos, destac\u00e1ndose entre los pedidos, la presentaci\u00f3n del desarrollo t\u00e9cnico del proyecto subterr\u00e1neo \u201cMaura\u201d, junto con un Estudio Hidrogeol\u00f3gico Integral actualizado de toda la unidad minera. Respecto del Open Pit Saavedra 102, se requiri\u00f3 la realizaci\u00f3n de un muestreo de calidad de agua.<\/p>\n<figure class=\"ssi-inline-image my-3\"><img decoding=\"async\" class=\"img-fluid lazyload\" data-src=\"https:\/\/noticias.santacruz.gob.ar\/media\/ssigallery\/articulos\/26358\/inline\/INSPECCI__N_FISCA_MINA_SAN_JOS___.jpg\" alt=\"El Gobierno Provincial realiz\u00f3 una inspecci\u00f3n ambiental en el proyecto minero San Jos\u00e9\" src=\"data:image\/svg+xml;base64,PHN2ZyB3aWR0aD0iMSIgaGVpZ2h0PSIxIiB4bWxucz0iaHR0cDovL3d3dy53My5vcmcvMjAwMC9zdmciPjwvc3ZnPg==\" \/><\/figure>\n<p>La fiscalizaci\u00f3n tambi\u00e9n permiti\u00f3 relevar mejoras y modificaciones recientes informadas por la empresa, como la incorporaci\u00f3n de un tercer molino en la planta de proceso, la readecuaci\u00f3n de un antiguo dique para su utilizaci\u00f3n como reservorio de agua, adem\u00e1s de modificaciones en distintos sistemas de tratamiento y gesti\u00f3n de residuos.<\/p>\n<p>Desde el Ministerio de Energ\u00eda y Miner\u00eda, se destac\u00f3 que las inspecciones forman parte de las tareas permanentes de control que lleva adelante el Gobierno Provincial sobre las actividades productivas, con el objetivo de verificar el cumplimiento de la normativa vigente y el adecuado desarrollo de las operaciones en territorio santacruce\u00f1o.<\/p>\n<\/div>\n<\/div>\n","protected":false},"excerpt":{"rendered":"<p>02 de Septiembre 2026. La Secretar\u00eda de Estado de Fiscalizaci\u00f3n y Control Ambiental Energ\u00e9tico y Minero verific\u00f3 las condiciones de<\/p>\n","protected":false},"author":8,"featured_media":47951,"comment_status":"open","ping_status":"closed","sticky":false,"template":"","format":"standard","meta":{"footnotes":""},"categories":[1859],"tags":[],"class_list":["post-47950","post","type-post","status-publish","format-standard","has-post-thumbnail","hentry","category-energia-2"],"_links":{"self":[{"href":"https:\/\/ecosdelsur.com\/index.php?rest_route=\/wp\/v2\/posts\/47950","targetHints":{"allow":["GET"]}}],"collection":[{"href":"https:\/\/ecosdelsur.com\/index.php?rest_route=\/wp\/v2\/posts"}],"about":[{"href":"https:\/\/ecosdelsur.com\/index.php?rest_route=\/wp\/v2\/types\/post"}],"author":[{"embeddable":true,"href":"https:\/\/ecosdelsur.com\/index.php?rest_route=\/wp\/v2\/users\/8"}],"replies":[{"embeddable":true,"href":"https:\/\/ecosdelsur.com\/index.php?rest_route=%2Fwp%2Fv2%2Fcomments&post=47950"}],"version-history":[{"count":1,"href":"https:\/\/ecosdelsur.com\/index.php?rest_route=\/wp\/v2\/posts\/47950\/revisions"}],"predecessor-version":[{"id":47953,"href":"https:\/\/ecosdelsur.com\/index.php?rest_route=\/wp\/v2\/posts\/47950\/revisions\/47953"}],"wp:featuredmedia":[{"embeddable":true,"href":"https:\/\/ecosdelsur.com\/index.php?rest_route=\/wp\/v2\/media\/47951"}],"wp:attachment":[{"href":"https:\/\/ecosdelsur.com\/index.php?rest_route=%2Fwp%2Fv2%2Fmedia&parent=47950"}],"wp:term":[{"taxonomy":"category","embeddable":true,"href":"https:\/\/ecosdelsur.com\/index.php?rest_route=%2Fwp%2Fv2%2Fcategories&post=47950"},{"taxonomy":"post_tag","embeddable":true,"href":"https:\/\/ecosdelsur.com\/index.php?rest_route=%2Fwp%2Fv2%2Ftags&post=47950"}],"curies":[{"name":"wp","href":"https:\/\/api.w.org\/{rel}","templated":true}]}}