{"id":47943,"date":"2026-09-02T18:38:02","date_gmt":"2026-09-02T21:38:02","guid":{"rendered":"https:\/\/ecosdelsur.com\/?p=47943"},"modified":"2026-09-02T18:38:53","modified_gmt":"2026-09-02T21:38:53","slug":"el-consejo-provincial-de-educacion-convoca-a-toda-la-comunidad-a-sumarse-a-las-actividades-del-programa-provincial-eduactiva-una-iniciativa-que-busca-fortalecer-el-aprendizaje-la-integracion-social","status":"publish","type":"post","link":"https:\/\/ecosdelsur.com\/?p=47943","title":{"rendered":"Invitan a participar de una jornada de Juegos Recreativos en R\u00edo Turbio"},"content":{"rendered":"<p><span style=\"color: #ff0000;\">02 de Septiembre 2026. <\/span>El Consejo Provincial de Educaci\u00f3n convoca a toda la comunidad a sumarse a las actividades del Programa Provincial EduActiva, una iniciativa que busca fortalecer el aprendizaje, la integraci\u00f3n social y el bienestar a trav\u00e9s del juego, el deporte y la recreaci\u00f3n.<\/p>\n<h2>Detalles del evento<\/h2>\n<p>La jornada se realizar\u00e1 este\u00a0<strong>s\u00e1bado 5\u00a0<\/strong>de octubre a partir de las\u00a0<strong>14:00 horas<\/strong>\u00a0en las instalaciones de la Escuela Provincial Primaria N\u00b0 64 de R\u00edo Turbio, siendo una propuesta\u00a0<strong>libre, gratuita\u00a0<\/strong>y abierta a toda la comunidad.<\/p>\n<p>Para un adecuado desarrollo de las actividades, se solicita a los asistentes\u00a0<strong>concurrir con calzado limpio<\/strong>\u00a0para realizar el cambio al ingresar a la instituci\u00f3n y\u00a0<strong>llevar su propia botella de agua<\/strong>\u00a0para mantener la hidrataci\u00f3n durante la tarde.<\/p>\n<p>Con este tipo de iniciativas, la cartera Educativa reafirma su compromiso con el\u00a0<strong>acompa\u00f1amiento integral<\/strong>\u00a0de los estudiantes y el fortalecimiento de los lazos comunitarios a trav\u00e9s del deporte y la recreaci\u00f3n saludable.<\/p>\n","protected":false},"excerpt":{"rendered":"<p>02 de Septiembre 2026. El Consejo Provincial de Educaci\u00f3n convoca a toda la comunidad a sumarse a las actividades del<\/p>\n","protected":false},"author":8,"featured_media":47944,"comment_status":"open","ping_status":"closed","sticky":false,"template":"","format":"standard","meta":{"footnotes":""},"categories":[1185],"tags":[],"class_list":["post-47943","post","type-post","status-publish","format-standard","has-post-thumbnail","hentry","category-comunicaciones-y-medios"],"_links":{"self":[{"href":"https:\/\/ecosdelsur.com\/index.php?rest_route=\/wp\/v2\/posts\/47943","targetHints":{"allow":["GET"]}}],"collection":[{"href":"https:\/\/ecosdelsur.com\/index.php?rest_route=\/wp\/v2\/posts"}],"about":[{"href":"https:\/\/ecosdelsur.com\/index.php?rest_route=\/wp\/v2\/types\/post"}],"author":[{"embeddable":true,"href":"https:\/\/ecosdelsur.com\/index.php?rest_route=\/wp\/v2\/users\/8"}],"replies":[{"embeddable":true,"href":"https:\/\/ecosdelsur.com\/index.php?rest_route=%2Fwp%2Fv2%2Fcomments&post=47943"}],"version-history":[{"count":2,"href":"https:\/\/ecosdelsur.com\/index.php?rest_route=\/wp\/v2\/posts\/47943\/revisions"}],"predecessor-version":[{"id":47946,"href":"https:\/\/ecosdelsur.com\/index.php?rest_route=\/wp\/v2\/posts\/47943\/revisions\/47946"}],"wp:featuredmedia":[{"embeddable":true,"href":"https:\/\/ecosdelsur.com\/index.php?rest_route=\/wp\/v2\/media\/47944"}],"wp:attachment":[{"href":"https:\/\/ecosdelsur.com\/index.php?rest_route=%2Fwp%2Fv2%2Fmedia&parent=47943"}],"wp:term":[{"taxonomy":"category","embeddable":true,"href":"https:\/\/ecosdelsur.com\/index.php?rest_route=%2Fwp%2Fv2%2Fcategories&post=47943"},{"taxonomy":"post_tag","embeddable":true,"href":"https:\/\/ecosdelsur.com\/index.php?rest_route=%2Fwp%2Fv2%2Ftags&post=47943"}],"curies":[{"name":"wp","href":"https:\/\/api.w.org\/{rel}","templated":true}]}}