{"id":47928,"date":"2026-09-02T18:29:55","date_gmt":"2026-09-02T21:29:55","guid":{"rendered":"https:\/\/ecosdelsur.com\/?p=47928"},"modified":"2026-09-02T18:29:55","modified_gmt":"2026-09-02T21:29:55","slug":"con-la-directiva-del-gobernador-claudio-vidal-fomicruz-llega-a-salta-en-busca-de-nuevos-socios-estrategicos","status":"publish","type":"post","link":"https:\/\/ecosdelsur.com\/?p=47928","title":{"rendered":"Con la directiva del gobernador Claudio Vidal, Fomicruz llega a Salta en busca de nuevos socios estrat\u00e9gicos"},"content":{"rendered":"<p><span style=\"color: #ff0000;\">02 de Septiembre 2026. <\/span>Con la firme premisa de convocar al capital privado a invertir en la provincia, Fomento Minero de Santa Cruz Sociedad del Estado (FOMICRUZ S.E.) dio inicio a su participaci\u00f3n en la feria internacional Argentina Mining Norte (AMN 2026), evento que celebra su 30\u00b0 Aniversario.<\/p>\n<div class=\"redes mb-3\">\n<div class=\"d-flex flex-wrap justify-content-between align-items-center gap-3 my-2 mx-1\">\n<p>La comitiva del Gobierno de Santa Cruz, encabezada por el presidente de Fomicruz S.E.,\u00a0<strong>Fernando Ba\u00f1os<\/strong>, acompa\u00f1ado por la ge\u00f3loga\u00a0<strong>Fernanda Pacheco<\/strong>\u00a0-vocal del Directorio de la empresa estatal- y su par, el ge\u00f3logo\u00a0<strong>Facundo Hern\u00e1ndez<\/strong>, subsecretario de Geolog\u00eda y Miner\u00eda, particip\u00f3 este mediod\u00eda de la ceremonia inaugural, a cargo del presidente de AMN,\u00a0<strong>Javier Rojas<\/strong>; el subsecretario de Desarrollo Minero de la Naci\u00f3n,\u00a0<strong>Mario Ricardo Thiem<\/strong>; y vicegobernadora de la provincia de Mendoza,\u00a0<strong>Hebe Casado<\/strong>, entre otros.<\/p>\n<h2>Fomicruz abre su portfolio al mundo<\/h2>\n<p>Fomicruz S.E. desembarca en el foro minero con un rol protag\u00f3nico, enfocado en cerrar alianzas estrat\u00e9gicas y concretar oportunidades de inversi\u00f3n. La l\u00ednea de gesti\u00f3n del Ejecutivo Provincial promueve de manera contundente el trabajo, el incentivo a la producci\u00f3n y la llegada de capital privado sustentado en la seguridad jur\u00eddica y la previsibilidad que ofrece Santa Cruz.<\/p>\n<p>En AMN 2026, la compa\u00f1\u00eda estatal presenta su nuevo portfolio de inversiones bajo el leit motiv:\u00a0<strong>\u201cFomicruz, tu socio estrat\u00e9gico en el territorio<\/strong><em>\u201d<\/em>. La oferta es vasta y variada en la provincia geol\u00f3gica por excelencia que es el\u00a0<strong>Macizo del Deseado: metales preciosos como oro y plata \u2014donde se destacan proyectos como San Agust\u00edn, Chicho y San Pedro y Argenta\u2014, as\u00ed como activos estrat\u00e9gicos orientados a la transici\u00f3n energ\u00e9tica global, como uranio, vanadio y tierras raras en Caballo Blanco-La Solita.<\/strong><\/p>\n<p>En esta edici\u00f3n, el stand institucional de la empresa fue concebido operativamente como un espacio de negocios (business hub), acondicionado para desarrollar reuniones de trabajo y encuentros bilaterales con grupos inversores. El espacio exhibe im\u00e1genes del territorio y sus riquezas minerales, facilitando a su vez el acceso inmediato a las fichas t\u00e9cnicas del portfolio a trav\u00e9s de c\u00f3digos QR.<\/p>\n<p>Entre las actividades agendadas,\u00a0<strong>la delegaci\u00f3n mantendr\u00e1 reuniones con inversores, encuentros t\u00e9cnicos interprovinciales y la participaci\u00f3n ejecutiva en paneles, consolidando el perfil de Santa Cruz como la plaza minera m\u00e1s s\u00f3lida y atractiva de la regi\u00f3n.<\/strong><\/p>\n<p>Como parte sobresaliente de la agenda de trabajo, el presidente de Fomicruz S.E., Fernando Ba\u00f1os, brindar\u00e1 este jueves un conversatorio t\u00e9cnico titulado \u201cSocios en el Macizo del Deseado: De los casos de \u00e9xito al nuevo portfolio de Fomicruz\u201d, donde profundizar\u00e1 sobre las oportunidades de inversi\u00f3n y el modelo de asociaci\u00f3n de la empresa provincial. Las jornadas y actividades de esta edici\u00f3n de la feria se extender\u00e1n hasta el pr\u00f3ximo viernes 4 de septiembre.<\/p>\n<figure class=\"ssi-inline-image my-3\"><img decoding=\"async\" class=\"img-fluid lazyload\" data-src=\"https:\/\/noticias.santacruz.gob.ar\/media\/ssigallery\/articulos\/26345\/inline\/22.jpeg\" alt=\"Con la directiva del gobernador Claudio Vidal, Fomicruz llega a Salta en busca de nuevos socios estrat\u00e9gicos\" src=\"data:image\/svg+xml;base64,PHN2ZyB3aWR0aD0iMSIgaGVpZ2h0PSIxIiB4bWxucz0iaHR0cDovL3d3dy53My5vcmcvMjAwMC9zdmciPjwvc3ZnPg==\" \/><\/figure>\n<\/div>\n<\/div>\n","protected":false},"excerpt":{"rendered":"<p>02 de Septiembre 2026. Con la firme premisa de convocar al capital privado a invertir en la provincia, Fomento Minero<\/p>\n","protected":false},"author":8,"featured_media":47929,"comment_status":"open","ping_status":"closed","sticky":false,"template":"","format":"standard","meta":{"footnotes":""},"categories":[1094],"tags":[],"class_list":["post-47928","post","type-post","status-publish","format-standard","has-post-thumbnail","hentry","category-gobierno"],"_links":{"self":[{"href":"https:\/\/ecosdelsur.com\/index.php?rest_route=\/wp\/v2\/posts\/47928","targetHints":{"allow":["GET"]}}],"collection":[{"href":"https:\/\/ecosdelsur.com\/index.php?rest_route=\/wp\/v2\/posts"}],"about":[{"href":"https:\/\/ecosdelsur.com\/index.php?rest_route=\/wp\/v2\/types\/post"}],"author":[{"embeddable":true,"href":"https:\/\/ecosdelsur.com\/index.php?rest_route=\/wp\/v2\/users\/8"}],"replies":[{"embeddable":true,"href":"https:\/\/ecosdelsur.com\/index.php?rest_route=%2Fwp%2Fv2%2Fcomments&post=47928"}],"version-history":[{"count":1,"href":"https:\/\/ecosdelsur.com\/index.php?rest_route=\/wp\/v2\/posts\/47928\/revisions"}],"predecessor-version":[{"id":47930,"href":"https:\/\/ecosdelsur.com\/index.php?rest_route=\/wp\/v2\/posts\/47928\/revisions\/47930"}],"wp:featuredmedia":[{"embeddable":true,"href":"https:\/\/ecosdelsur.com\/index.php?rest_route=\/wp\/v2\/media\/47929"}],"wp:attachment":[{"href":"https:\/\/ecosdelsur.com\/index.php?rest_route=%2Fwp%2Fv2%2Fmedia&parent=47928"}],"wp:term":[{"taxonomy":"category","embeddable":true,"href":"https:\/\/ecosdelsur.com\/index.php?rest_route=%2Fwp%2Fv2%2Fcategories&post=47928"},{"taxonomy":"post_tag","embeddable":true,"href":"https:\/\/ecosdelsur.com\/index.php?rest_route=%2Fwp%2Fv2%2Ftags&post=47928"}],"curies":[{"name":"wp","href":"https:\/\/api.w.org\/{rel}","templated":true}]}}