{"id":47915,"date":"2026-09-02T18:22:55","date_gmt":"2026-09-02T21:22:55","guid":{"rendered":"https:\/\/ecosdelsur.com\/?p=47915"},"modified":"2026-09-02T18:22:55","modified_gmt":"2026-09-02T21:22:55","slug":"se-llevo-adelante-jornadas-de-trabajo-territorial-en-las-heras","status":"publish","type":"post","link":"https:\/\/ecosdelsur.com\/?p=47915","title":{"rendered":"Se llev\u00f3 adelante jornadas de trabajo territorial en Las Heras"},"content":{"rendered":"<p><span style=\"color: #ff0000;\">02 de Septiembre 2026. <\/span>El Consejo Provincial de Educaci\u00f3n, llev\u00f3 adelante una jornada de trabajo territorial y acompa\u00f1amiento destinada a los equipos directivos de la Educaci\u00f3n Inicial de la localidad de Las Heras.<\/p>\n<div class=\"redes mb-3\">\n<div class=\"d-flex flex-wrap justify-content-between align-items-center gap-3 my-2 mx-1\">\n<section class=\"ssi-block-main mb-5\">\n<div class=\"mb-2\">\n<div class=\"article-full\">\n<p>El encuentro estuvo a cargo de la Supervisora del Nivel Inicial Zona Norte,\u00a0<strong>Mar\u00eda Elena Tapia,<\/strong>\u00a0tuvo lugar el martes\u00a0<strong>1 de septiembre de 2026 en Las Heras<\/strong>\u00a0y cont\u00f3 con la participaci\u00f3n activa de equipos directivos del\u00a0<strong>Jard\u00edn de Infantes N\u00b0 8, N\u00b0 47, N\u00b0 55, N\u00b0 59 y N\u00b0 69.<\/strong><\/p>\n<h2>Objetivos de la jornada<\/h2>\n<p>En este marco, la iniciativa tuvo como prop\u00f3sito principal fortalecer la revisi\u00f3n y actualizaci\u00f3n de\u00a0<strong>los Proyectos Educativos Institucionales (PEI)\u00a0<\/strong>mediante la reflexi\u00f3n colectiva, promoviendo acuerdos pedag\u00f3gicos que brinden coherencia y sentido a las pr\u00e1cticas cotidianas. Asimismo, se busc\u00f3 profundizar la construcci\u00f3n de los\u00a0<strong>perfiles del docente y del estudiante<\/strong>\u00a0en consonancia con el Dise\u00f1o Curricular Provincial, impulsando el\u00a0<strong>abordaje del Aprendizaje Basado en Proyectos (ABP)<\/strong>\u00a0y el dise\u00f1o de configuraciones did\u00e1cticas enfocadas en el protagonismo de las infancias.<\/p>\n<h2>El desarrollo de las actividades y los ejes de trabajo<\/h2>\n<p>Respecto a las din\u00e1micas implementadas y la perspectiva de la intervenci\u00f3n pedag\u00f3gica, la supervisora\u00a0<strong>Mar\u00eda Elena Tapia<\/strong>\u00a0explic\u00f3 que la jornada respondi\u00f3 a la necesidad de fortalecer la\u00a0<strong>revisi\u00f3n, actualizaci\u00f3n y resignificaci\u00f3n del PEI<\/strong>\u00a0en las instituciones de\u00a0<strong>Las Heras<\/strong>, al entenderlo como la herramienta central de gesti\u00f3n pedag\u00f3gica e institucional para orientar las decisiones y la mejora continua.<\/p>\n<p>En este sentido, se\u00f1al\u00f3 que el acompa\u00f1amiento situado desde la funci\u00f3n de supervisi\u00f3n busca superar el mero control administrativo o formal para generar espacios de\u00a0<strong>reflexi\u00f3n profesional<\/strong>, construcci\u00f3n colectiva de saberes y consolidaci\u00f3n de las capacidades institucionales.<\/p>\n<p>Sobre la modalidad de trabajo, Tapia remarc\u00f3 que reunir a los equipos directivos permiti\u00f3 consolidar la colaboraci\u00f3n entre instituciones con din\u00e1micas territoriales y sociales compartidas, facilitando la identificaci\u00f3n de problem\u00e1ticas comunes, el intercambio de experiencias de\u00a0<strong>gesti\u00f3n y la unificaci\u00f3n de criterios t\u00e9cnico-pedag\u00f3gicos<\/strong>.<\/p>\n<p>Adem\u00e1s, resalt\u00f3 la importancia de fundamentar la actualizaci\u00f3n de los proyectos en los marcos normativos e iniciativas provinciales como el\u00a0<strong>Plan Provincial de Alfabetizaci\u00f3n Plen@ y el programa EduActiva.<\/strong><\/p>\n<p>En relaci\u00f3n con las tareas concretas abordadas durante el encuentro, la supervisora detall\u00f3 que se trabaj\u00f3 en la construcci\u00f3n de diagn\u00f3sticos situados y en la elaboraci\u00f3n de los perfiles del docente y del alumno. Tambi\u00e9n mencion\u00f3 la realizaci\u00f3n de una experiencia directa articulada con la\u00a0<strong>Secretar\u00eda de Cultura local<\/strong>\u00a0y la profundizaci\u00f3n te\u00f3rica y pr\u00e1ctica en el\u00a0<strong>Aprendizaje Basado en Proyectos (ABP)<\/strong>\u00a0y en el an\u00e1lisis de las configuraciones did\u00e1cticas.<\/p>\n<h2>Compromiso con la continuidad pedag\u00f3gica<\/h2>\n<p>Finalmente, Tapia destac\u00f3 que los temas abordados surgieron de las demandas y evaluaciones realizadas por las propias comunidades educativas. Por ello, concluy\u00f3 que las pr\u00f3ximas instancias dar\u00e1n continuidad a este proceso con el objetivo de\u00a0<strong>consolidar acuerdos sobre la ense\u00f1anza, los contenidos y la evaluaci\u00f3n<\/strong>, sosteniendo el compromiso con trayectorias educativas de calidad, inclusivas e integrales para todas las infancias.<\/p>\n<\/div>\n<\/div>\n<\/section>\n<aside class=\"ssi-block-side\">\n<aside class=\"a-gallery mt-2\">\n<div class=\"row g-3 ssigallery-frontend mt-3 row-cols-2 row-cols-sm-3 row-cols-md-3 row-cols-lg-4\">\n<div class=\"col-6 col-sm-4 col-md-4 col-lg-3 mt-0\"><a class=\"ssig-item\" href=\"https:\/\/noticias.santacruz.gob.ar\/media\/ssigallery\/articulos\/26347\/galeria\/260902-JORNADA_TERRITORIAL_LAS_HERAS__1_.jpeg\" data-ssig=\"1\" data-caption=\"\" data-fancybox=\"ssigallery-article-26347\"><img decoding=\"async\" class=\"img-fluid rounded lazyload\" data-src=\"https:\/\/noticias.santacruz.gob.ar\/media\/ssigallery\/articulos\/26347\/galeria\/thumbs\/260902-JORNADA_TERRITORIAL_LAS_HERAS__1_.jpeg\" alt=\"Se llev\u00f3 adelante jornadas de trabajo territorial en Las Heras\" src=\"data:image\/svg+xml;base64,PHN2ZyB3aWR0aD0iMSIgaGVpZ2h0PSIxIiB4bWxucz0iaHR0cDovL3d3dy53My5vcmcvMjAwMC9zdmciPjwvc3ZnPg==\" \/><\/a><\/div>\n<div class=\"col-6 col-sm-4 col-md-4 col-lg-3 mt-0\"><a class=\"ssig-item\" href=\"https:\/\/noticias.santacruz.gob.ar\/media\/ssigallery\/articulos\/26347\/galeria\/260902-JORNADA_TERRITORIAL_LAS_HERAS__2_.jpeg\" data-ssig=\"1\" data-caption=\"\" data-fancybox=\"ssigallery-article-26347\"><img decoding=\"async\" class=\"img-fluid rounded lazyload\" data-src=\"https:\/\/noticias.santacruz.gob.ar\/media\/ssigallery\/articulos\/26347\/galeria\/thumbs\/260902-JORNADA_TERRITORIAL_LAS_HERAS__2_.jpeg\" alt=\"Se llev\u00f3 adelante jornadas de trabajo territorial en Las Heras\" src=\"data:image\/svg+xml;base64,PHN2ZyB3aWR0aD0iMSIgaGVpZ2h0PSIxIiB4bWxucz0iaHR0cDovL3d3dy53My5vcmcvMjAwMC9zdmciPjwvc3ZnPg==\" \/><\/a><\/div>\n<div class=\"col-6 col-sm-4 col-md-4 col-lg-3 mt-0\"><a class=\"ssig-item\" href=\"https:\/\/noticias.santacruz.gob.ar\/media\/ssigallery\/articulos\/26347\/galeria\/260902-JORNADA_TERRITORIAL_LAS_HERAS__3_.jpeg\" data-ssig=\"1\" data-caption=\"\" data-fancybox=\"ssigallery-article-26347\"><img decoding=\"async\" class=\"img-fluid rounded lazyload\" data-src=\"https:\/\/noticias.santacruz.gob.ar\/media\/ssigallery\/articulos\/26347\/galeria\/thumbs\/260902-JORNADA_TERRITORIAL_LAS_HERAS__3_.jpeg\" alt=\"Se llev\u00f3 adelante jornadas de trabajo territorial en Las Heras\" src=\"data:image\/svg+xml;base64,PHN2ZyB3aWR0aD0iMSIgaGVpZ2h0PSIxIiB4bWxucz0iaHR0cDovL3d3dy53My5vcmcvMjAwMC9zdmciPjwvc3ZnPg==\" \/><\/a><\/div>\n<\/div>\n<\/aside>\n<\/aside>\n<\/div>\n<\/div>\n","protected":false},"excerpt":{"rendered":"<p>02 de Septiembre 2026. El Consejo Provincial de Educaci\u00f3n, llev\u00f3 adelante una jornada de trabajo territorial y acompa\u00f1amiento destinada a<\/p>\n","protected":false},"author":8,"featured_media":47916,"comment_status":"open","ping_status":"closed","sticky":false,"template":"","format":"standard","meta":{"footnotes":""},"categories":[89],"tags":[],"class_list":["post-47915","post","type-post","status-publish","format-standard","has-post-thumbnail","hentry","category-educacion"],"_links":{"self":[{"href":"https:\/\/ecosdelsur.com\/index.php?rest_route=\/wp\/v2\/posts\/47915","targetHints":{"allow":["GET"]}}],"collection":[{"href":"https:\/\/ecosdelsur.com\/index.php?rest_route=\/wp\/v2\/posts"}],"about":[{"href":"https:\/\/ecosdelsur.com\/index.php?rest_route=\/wp\/v2\/types\/post"}],"author":[{"embeddable":true,"href":"https:\/\/ecosdelsur.com\/index.php?rest_route=\/wp\/v2\/users\/8"}],"replies":[{"embeddable":true,"href":"https:\/\/ecosdelsur.com\/index.php?rest_route=%2Fwp%2Fv2%2Fcomments&post=47915"}],"version-history":[{"count":1,"href":"https:\/\/ecosdelsur.com\/index.php?rest_route=\/wp\/v2\/posts\/47915\/revisions"}],"predecessor-version":[{"id":47917,"href":"https:\/\/ecosdelsur.com\/index.php?rest_route=\/wp\/v2\/posts\/47915\/revisions\/47917"}],"wp:featuredmedia":[{"embeddable":true,"href":"https:\/\/ecosdelsur.com\/index.php?rest_route=\/wp\/v2\/media\/47916"}],"wp:attachment":[{"href":"https:\/\/ecosdelsur.com\/index.php?rest_route=%2Fwp%2Fv2%2Fmedia&parent=47915"}],"wp:term":[{"taxonomy":"category","embeddable":true,"href":"https:\/\/ecosdelsur.com\/index.php?rest_route=%2Fwp%2Fv2%2Fcategories&post=47915"},{"taxonomy":"post_tag","embeddable":true,"href":"https:\/\/ecosdelsur.com\/index.php?rest_route=%2Fwp%2Fv2%2Ftags&post=47915"}],"curies":[{"name":"wp","href":"https:\/\/api.w.org\/{rel}","templated":true}]}}