{"id":47909,"date":"2026-09-02T18:19:27","date_gmt":"2026-09-02T21:19:27","guid":{"rendered":"https:\/\/ecosdelsur.com\/?p=47909"},"modified":"2026-09-02T18:19:27","modified_gmt":"2026-09-02T21:19:27","slug":"quelin-asumio-como-nuevo-delegado-del-consejo-agrario-provincial-en-la-cuenca-carbonifera","status":"publish","type":"post","link":"https:\/\/ecosdelsur.com\/?p=47909","title":{"rendered":"Quel\u00edn asumi\u00f3 como nuevo delegado del Consejo Agrario Provincial en la Cuenca Carbon\u00edfera"},"content":{"rendered":"<p><span style=\"color: #ff0000;\">02 de Septiembre 2026. <\/span>El Consejo Agrario Provincial inform\u00f3 que Horacio Quel\u00edn fue puesto en funciones como delegado en la Cuenca Carbon\u00edfera, asumiendo el compromiso de profundizar el acompa\u00f1amiento a productores y chacareros de la Cuenca Carbon\u00edfera.<\/p>\n<div class=\"redes mb-3\">\n<div class=\"d-flex flex-wrap justify-content-between align-items-center gap-3 my-2 mx-1\">\n<p>El presidente del Consejo Agrario Provincial (CAP), Hugo Garay, puso en funciones a Horacio Quel\u00edn como nuevo delegado del organismo en la Cuenca Carbon\u00edfera. Durante el encuentro se repas\u00f3 el trabajo realizado por el CAP y se plantearon los principales desaf\u00edos para esta nueva etapa.<\/p>\n<figure class=\"ssi-inline-image my-3\"><img decoding=\"async\" class=\"img-fluid lazyload\" data-src=\"https:\/\/noticias.santacruz.gob.ar\/media\/ssigallery\/articulos\/26351\/inline\/791996894_1313697275154214_5530918328280590351_n.jpg\" alt=\"Quel\u00edn asumi\u00f3 como nuevo delegado del Consejo Agrario Provincial en la Cuenca Carbon\u00edfera\" src=\"data:image\/svg+xml;base64,PHN2ZyB3aWR0aD0iMSIgaGVpZ2h0PSIxIiB4bWxucz0iaHR0cDovL3d3dy53My5vcmcvMjAwMC9zdmciPjwvc3ZnPg==\" \/><\/figure>\n<p>Garay destac\u00f3 la importancia de fortalecer la presencia territorial del organismo y reconoci\u00f3 la tarea realizada por\u00a0<strong>Cristian Mansilla<\/strong>\u00a0durante su paso por la delegaci\u00f3n.<\/p>\n<p>La asunci\u00f3n cont\u00f3 con el acompa\u00f1amiento de concejales, autoridades y referentes de distintos organismos y entidades de la Cuenca Carbon\u00edfera.<\/p>\n<figure class=\"ssi-inline-image my-3\"><img decoding=\"async\" class=\"img-fluid lazyload\" data-src=\"https:\/\/noticias.santacruz.gob.ar\/media\/ssigallery\/articulos\/26351\/inline\/793159089_1966503820680002_4900787831889414677_n.jpg\" alt=\"Quel\u00edn asumi\u00f3 como nuevo delegado del Consejo Agrario Provincial en la Cuenca Carbon\u00edfera\" src=\"data:image\/svg+xml;base64,PHN2ZyB3aWR0aD0iMSIgaGVpZ2h0PSIxIiB4bWxucz0iaHR0cDovL3d3dy53My5vcmcvMjAwMC9zdmciPjwvc3ZnPg==\" \/><\/figure>\n<p>Quel\u00edn cuenta con experiencia en la administraci\u00f3n p\u00fablica provincial, tanto en la Delegaci\u00f3n de Vialidad Provincial en 28 de Noviembre como en el \u00e1rea de Producci\u00f3n.<\/p>\n<p>Con su incorporaci\u00f3n, el CAP dar\u00e1 continuidad al trabajo realizado y profundizar\u00e1 el acompa\u00f1amiento a productores y chacareros de R\u00edo Turbio, 28 de Noviembre y toda la Cuenca Carbon\u00edfera, en l\u00ednea con la decisi\u00f3n del gobernador Claudio Vidal de fortalecer la presencia territorial del organismo.<\/p>\n<\/div>\n<\/div>\n","protected":false},"excerpt":{"rendered":"<p>02 de Septiembre 2026. El Consejo Agrario Provincial inform\u00f3 que Horacio Quel\u00edn fue puesto en funciones como delegado en la<\/p>\n","protected":false},"author":8,"featured_media":47910,"comment_status":"open","ping_status":"closed","sticky":false,"template":"","format":"standard","meta":{"footnotes":""},"categories":[1179],"tags":[],"class_list":["post-47909","post","type-post","status-publish","format-standard","has-post-thumbnail","hentry","category-consejo-agrario-provincial"],"_links":{"self":[{"href":"https:\/\/ecosdelsur.com\/index.php?rest_route=\/wp\/v2\/posts\/47909","targetHints":{"allow":["GET"]}}],"collection":[{"href":"https:\/\/ecosdelsur.com\/index.php?rest_route=\/wp\/v2\/posts"}],"about":[{"href":"https:\/\/ecosdelsur.com\/index.php?rest_route=\/wp\/v2\/types\/post"}],"author":[{"embeddable":true,"href":"https:\/\/ecosdelsur.com\/index.php?rest_route=\/wp\/v2\/users\/8"}],"replies":[{"embeddable":true,"href":"https:\/\/ecosdelsur.com\/index.php?rest_route=%2Fwp%2Fv2%2Fcomments&post=47909"}],"version-history":[{"count":1,"href":"https:\/\/ecosdelsur.com\/index.php?rest_route=\/wp\/v2\/posts\/47909\/revisions"}],"predecessor-version":[{"id":47911,"href":"https:\/\/ecosdelsur.com\/index.php?rest_route=\/wp\/v2\/posts\/47909\/revisions\/47911"}],"wp:featuredmedia":[{"embeddable":true,"href":"https:\/\/ecosdelsur.com\/index.php?rest_route=\/wp\/v2\/media\/47910"}],"wp:attachment":[{"href":"https:\/\/ecosdelsur.com\/index.php?rest_route=%2Fwp%2Fv2%2Fmedia&parent=47909"}],"wp:term":[{"taxonomy":"category","embeddable":true,"href":"https:\/\/ecosdelsur.com\/index.php?rest_route=%2Fwp%2Fv2%2Fcategories&post=47909"},{"taxonomy":"post_tag","embeddable":true,"href":"https:\/\/ecosdelsur.com\/index.php?rest_route=%2Fwp%2Fv2%2Ftags&post=47909"}],"curies":[{"name":"wp","href":"https:\/\/api.w.org\/{rel}","templated":true}]}}