{"id":47906,"date":"2026-09-02T18:17:49","date_gmt":"2026-09-02T21:17:49","guid":{"rendered":"https:\/\/ecosdelsur.com\/?p=47906"},"modified":"2026-09-02T18:17:49","modified_gmt":"2026-09-02T21:17:49","slug":"luis-y-liliana-recibieron-las-llaves-de-su-casa-propia-fueron-los-tiempos-de-dios","status":"publish","type":"post","link":"https:\/\/ecosdelsur.com\/?p=47906","title":{"rendered":"Luis y Liliana recibieron las llaves de su casa propia: \u201cFueron los tiempos de Dios\u201d"},"content":{"rendered":"<p><span style=\"color: #ff0000;\">02 de Septiembre 2026.<\/span>Son una familia santacruce\u00f1a de cinco integrantes. Ambos trabajan en la Polic\u00eda Provincial y durante m\u00e1s de dos d\u00e9cadas esperaron una vivienda que les permitiera dejar atr\u00e1s el alquiler y proyectar su futuro bajo un techo propio. \u201cEs una gran mochila que se arrastra\u201d, resumieron al recibir las llaves.<\/p>\n<div class=\"redes mb-3\">\n<div class=\"d-flex flex-wrap justify-content-between align-items-center gap-3 my-2 mx-1\">\n<p>Hay noticias que llegan de sorpresa, pero detr\u00e1s de ellas hay a\u00f1os enteros de espera. Para Luis Humberto Vargas y Liliana Sabrina Hermosilla, la noticia de que finalmente tendr\u00edan su casa lleg\u00f3 apenas un d\u00eda antes de la entrega.<\/p>\n<p>El lunes por la tarde recibieron el aviso de que deb\u00edan acercarse al barrio de las 56 Viviendas para avanzar con la documentaci\u00f3n correspondiente a la adjudicaci\u00f3n. Lo que sigui\u00f3 fue una noche casi sin dormir, atravesada por la ansiedad y la emoci\u00f3n de saber que aquello que esperaron durante 21 a\u00f1os finalmente estaba por suceder.<\/p>\n<blockquote class=\"ssi-editorial-block ssi-quote ssi-quote-featured\"><p>\u201cEn ese momento una emoci\u00f3n invade tu cabeza, no sab\u00e9s qu\u00e9 hacer, no sab\u00e9s c\u00f3mo reaccionar\u201d, cont\u00f3 Luis al recordar c\u00f3mo recibieron la noticia.<\/p><\/blockquote>\n<h3>Una familia que esper\u00f3 toda una vida<\/h3>\n<figure class=\"ssi-inline-image my-3\"><img decoding=\"async\" class=\"img-fluid lazyload\" data-src=\"https:\/\/noticias.santacruz.gob.ar\/media\/ssigallery\/articulos\/26350\/inline\/20260901_ENTREGA_DE_VIVIENDAS__37_.jpg\" alt=\"Liliana y Luis.\" src=\"data:image\/svg+xml;base64,PHN2ZyB3aWR0aD0iMSIgaGVpZ2h0PSIxIiB4bWxucz0iaHR0cDovL3d3dy53My5vcmcvMjAwMC9zdmciPjwvc3ZnPg==\" \/><figcaption class=\"small text-muted mt-1\">Liliana y Luis.<\/figcaption><\/figure>\n<blockquote class=\"ssi-editorial-block ssi-quote ssi-quote-featured\"><p>\u201cDespu\u00e9s de 20, casi 21 a\u00f1os de esperar que llegue el momento, lleg\u00f3. Todav\u00eda no terminamos de caer. Yo creo que cuando ya estemos en la primera noche durmiendo, reci\u00e9n ah\u00ed vamos a empezar a caer un poquito\u201d, expres\u00f3.<\/p><\/blockquote>\n<p>Luis y Liliana forman una familia de cinco integrantes. Sus tres hijos crecieron mientras sus padres esperaban la posibilidad de acceder a una vivienda propia: Milagros, de 20 a\u00f1os, estudia la Licenciatura en Trabajo Social en la UNPA; Lautaro, de 15 a\u00f1os, cursa el nivel secundario; y Mateo, de 5 a\u00f1os, asiste al Jard\u00edn de Infantes F\u00e1tima.<\/p>\n<figure class=\"a-media video-inline\">\n<div class=\"ratio ratio-16x9\"><img decoding=\"async\" class=\"w-100 h-100 object-fit-cover lazyload\" data-src=\"https:\/\/img.youtube.com\/vi\/pprGVd5g2lM\/hqdefault.jpg\" alt=\"Portada video\" src=\"data:image\/svg+xml;base64,PHN2ZyB3aWR0aD0iMSIgaGVpZ2h0PSIxIiB4bWxucz0iaHR0cDovL3d3dy53My5vcmcvMjAwMC9zdmciPjwvc3ZnPg==\" \/><\/div>\n<\/figure>\n<h3>Todos son nacidos en Santa Cruz<\/h3>\n<p>Durante todos estos a\u00f1os, la familia creci\u00f3. Tuvieron hijos en esta provincia. Alquilaron siempre, y desde hace un tiempo en una vivienda en las cercan\u00edas del nuevo barrio. A\u00f1o tras a\u00f1o, el alquiler fue parte de la econom\u00eda familiar y tambi\u00e9n de una preocupaci\u00f3n permanente: tener que destinar una parte importante de sus ingresos para garantizar un techo.<\/p>\n<p>\u201cEst\u00e1bamos alquilando por ac\u00e1 cerca, a\u00f1os alquilando, pagando alquiler. Y hoy se nos libera un peso y tenemos el techo propio del hogar. Es una gran mochila que se arrastra\u201d, explic\u00f3 Luis.<\/p>\n<p>Ahora esa mochila empieza a quedar atr\u00e1s.<\/p>\n<blockquote class=\"ssi-editorial-block ssi-quote ssi-quote-featured\"><p>\u201cEl tener un techo significa mucho.\u201d, sintetiz\u00f3.<\/p><\/blockquote>\n<p>Luis y Liliana son trabajadores de la Polic\u00eda Provincial. \u00c9l cumple funciones en el Despacho de la Jefatura de Polic\u00eda, mientras que Liliana se desempe\u00f1a en Bomberos Zona 1.<\/p>\n<p>Su historia tambi\u00e9n representa la de tantas familias santacruce\u00f1as que, durante a\u00f1os, sostuvieron su hogar mientras esperaban una oportunidad para acceder a una vivienda.<\/p>\n<p>La casa propia no significa solamente dejar de pagar un alquiler. Para ellos representa estabilidad, tranquilidad y la posibilidad de que sus hijos crezcan sabiendo que ese lugar ser\u00e1 definitivamente su hogar.<\/p>\n<p>Despu\u00e9s de 21 a\u00f1os, con sus 50 puntos acumulados, ya no tendr\u00e1n que pensar en la pr\u00f3xima mudanza, en el pr\u00f3ximo alquiler o en si el bolsillo permitir\u00e1 seguir permaneciendo en el mismo lugar.<\/p>\n<h3>\u201cQue sigan por muchas casas m\u00e1s\u201d<\/h3>\n<p>La emoci\u00f3n atraves\u00f3 cada palabra de Luis. Para una familia que esper\u00f3 durante m\u00e1s de dos d\u00e9cadas, recibir las llaves no es solamente la culminaci\u00f3n de un tr\u00e1mite: es la concreci\u00f3n de un proyecto de vida.<\/p>\n<blockquote class=\"ssi-editorial-block ssi-quote ssi-quote-featured\"><p>\u201cDios dijo: \u2018les toca ahora\u2019. Y bueno, ahora nos toc\u00f3\u201d, expres\u00f3 conmovido. \u201cFueron los tiempos de Dios\u201d.<\/p><\/blockquote>\n<p>Tambi\u00e9n destac\u00f3 la presencia del gobernador\u00a0<strong>Claudio Vidal<\/strong>\u00a0durante el momento en que ingresaron a su vivienda.<\/p>\n<blockquote class=\"ssi-editorial-block ssi-quote ssi-quote-featured\"><p>\u201cMuy lindo. Muy humilde de su parte estar presente en un proyecto que encara como Gobierno. Que venga significa mucho\u201d, se\u00f1al\u00f3.<\/p><\/blockquote>\n<p>Con la emoci\u00f3n todav\u00eda a flor de piel, Luis dej\u00f3 un deseo que resume lo que significa este momento para su familia y para quienes todav\u00eda esperan: \u201cQue sigan por muchas casas m\u00e1s y entregando muchos, muchos hogares\u201d.<\/p>\n<figure class=\"ssi-inline-image my-3\"><img decoding=\"async\" class=\"img-fluid lazyload\" data-src=\"https:\/\/noticias.santacruz.gob.ar\/media\/ssigallery\/articulos\/26350\/inline\/20260901_ENTREGA_DE_VIVIENDAS__32_.jpg\" alt=\"El gobernador Claudio Vidal junto a Luis Vargas plantaron un pino en la entrada.\" src=\"data:image\/svg+xml;base64,PHN2ZyB3aWR0aD0iMSIgaGVpZ2h0PSIxIiB4bWxucz0iaHR0cDovL3d3dy53My5vcmcvMjAwMC9zdmciPjwvc3ZnPg==\" \/><figcaption class=\"small text-muted mt-1\">El gobernador Claudio Vidal junto a Luis Vargas plantaron un pino en la entrada.<\/figcaption><\/figure>\n<p>Despu\u00e9s de 21 a\u00f1os de espera, Luis, Liliana y sus tres hijos ya tienen un lugar al que pueden llamar definitivamente casa.<\/p>\n<p>Una casa donde no habr\u00e1 que contar los meses de alquiler, ni pensar en la pr\u00f3xima mudanza. Una casa para que Milagros contin\u00fae sus estudios, para que Lautaro siga creciendo, para que Mateo juegue y para que sus padres puedan, finalmente, descansar.<\/p>\n<p>Porque a veces una llave no abre solamente una puerta. Abre una nueva etapa en la vida de una familia.<\/p>\n<\/div>\n<\/div>\n","protected":false},"excerpt":{"rendered":"<p>02 de Septiembre 2026.Son una familia santacruce\u00f1a de cinco integrantes. Ambos trabajan en la Polic\u00eda Provincial y durante m\u00e1s de<\/p>\n","protected":false},"author":8,"featured_media":47907,"comment_status":"open","ping_status":"closed","sticky":false,"template":"","format":"standard","meta":{"footnotes":""},"categories":[1094],"tags":[],"class_list":["post-47906","post","type-post","status-publish","format-standard","has-post-thumbnail","hentry","category-gobierno"],"_links":{"self":[{"href":"https:\/\/ecosdelsur.com\/index.php?rest_route=\/wp\/v2\/posts\/47906","targetHints":{"allow":["GET"]}}],"collection":[{"href":"https:\/\/ecosdelsur.com\/index.php?rest_route=\/wp\/v2\/posts"}],"about":[{"href":"https:\/\/ecosdelsur.com\/index.php?rest_route=\/wp\/v2\/types\/post"}],"author":[{"embeddable":true,"href":"https:\/\/ecosdelsur.com\/index.php?rest_route=\/wp\/v2\/users\/8"}],"replies":[{"embeddable":true,"href":"https:\/\/ecosdelsur.com\/index.php?rest_route=%2Fwp%2Fv2%2Fcomments&post=47906"}],"version-history":[{"count":1,"href":"https:\/\/ecosdelsur.com\/index.php?rest_route=\/wp\/v2\/posts\/47906\/revisions"}],"predecessor-version":[{"id":47908,"href":"https:\/\/ecosdelsur.com\/index.php?rest_route=\/wp\/v2\/posts\/47906\/revisions\/47908"}],"wp:featuredmedia":[{"embeddable":true,"href":"https:\/\/ecosdelsur.com\/index.php?rest_route=\/wp\/v2\/media\/47907"}],"wp:attachment":[{"href":"https:\/\/ecosdelsur.com\/index.php?rest_route=%2Fwp%2Fv2%2Fmedia&parent=47906"}],"wp:term":[{"taxonomy":"category","embeddable":true,"href":"https:\/\/ecosdelsur.com\/index.php?rest_route=%2Fwp%2Fv2%2Fcategories&post=47906"},{"taxonomy":"post_tag","embeddable":true,"href":"https:\/\/ecosdelsur.com\/index.php?rest_route=%2Fwp%2Fv2%2Ftags&post=47906"}],"curies":[{"name":"wp","href":"https:\/\/api.w.org\/{rel}","templated":true}]}}