{"id":47903,"date":"2026-09-02T18:15:36","date_gmt":"2026-09-02T21:15:36","guid":{"rendered":"https:\/\/ecosdelsur.com\/?p=47903"},"modified":"2026-09-02T18:15:36","modified_gmt":"2026-09-02T21:15:36","slug":"realizaran-manana-un-simulacro-en-caleta-olivia","status":"publish","type":"post","link":"https:\/\/ecosdelsur.com\/?p=47903","title":{"rendered":"Realizar\u00e1n ma\u00f1ana un simulacro en Caleta Olivia"},"content":{"rendered":"<p><span style=\"color: #ff0000;\">02 de Septiembre 2026. <\/span>El Ministerio de Seguridad informa a la comunidad que este jueves 3 de septiembre a partir de las 10:00 horas se realizar\u00e1 un simulacro de accidente vial en el acceso sur de Caleta Olivia.<\/p>\n<div class=\"redes mb-3\">\n<div class=\"d-flex flex-wrap justify-content-between align-items-center gap-3 my-2 mx-1\">\n<p>Desde el Ministerio de Seguridad informamos a la comunidad que ma\u00f1ana jueves 3 de septiembre, a partir de las 10:00, se llevar\u00e1 adelante un simulacro de accidente vial en la estaci\u00f3n de servicio El Bierzo, sobre la Ruta Nacional N\u00b03, acceso sur de Caleta Olivia.<\/p>\n<div class=\"ssi-social-embed ssi-social-embed-facebook\"><iframe data-src=\"https:\/\/www.facebook.com\/plugins\/post.php?href=https%3A%2F%2Ffacebook.com%2FMinseguridadsantacruz%2Fposts%2Fpfbid0KLmkFCNFMowtruNCanzn9DiWNjmrHC9U8AzLeyu3uSNmzjkV8oU9koDPEGyD6epul&amp;show_text=true&amp;width=500\" width=\"500\" height=\"757\" frameborder=\"0\" scrolling=\"no\" allowfullscreen=\"allowfullscreen\" src=\"about:blank\" class=\"lazyload\" data-load-mode=\"0\"><\/iframe><\/div>\n<p>La actividad contemplar\u00e1 un escenario simulado con principio de incendio, personas heridas y trasvase de producto, con la participaci\u00f3n de los organismos y equipos de emergencia correspondientes.<\/p>\n<p>Destacamos que se trata de un ejercicio preventivo y de capacitaci\u00f3n, motivo por el cual la comunidad caletense no debe alarmarse ante la presencia de veh\u00edculos de emergencia, personal operativo o el desarrollo de las tareas en el lugar.<\/p>\n<p>Este tipo de acciones nos permiten fortalecer la coordinaci\u00f3n y preparaci\u00f3n de los equipos de respuesta ante situaciones reales de emergencia.<\/p>\n<\/div>\n<\/div>\n","protected":false},"excerpt":{"rendered":"<p>02 de Septiembre 2026. El Ministerio de Seguridad informa a la comunidad que este jueves 3 de septiembre a partir<\/p>\n","protected":false},"author":8,"featured_media":47904,"comment_status":"open","ping_status":"closed","sticky":false,"template":"","format":"standard","meta":{"footnotes":""},"categories":[967],"tags":[],"class_list":["post-47903","post","type-post","status-publish","format-standard","has-post-thumbnail","hentry","category-seguridad"],"_links":{"self":[{"href":"https:\/\/ecosdelsur.com\/index.php?rest_route=\/wp\/v2\/posts\/47903","targetHints":{"allow":["GET"]}}],"collection":[{"href":"https:\/\/ecosdelsur.com\/index.php?rest_route=\/wp\/v2\/posts"}],"about":[{"href":"https:\/\/ecosdelsur.com\/index.php?rest_route=\/wp\/v2\/types\/post"}],"author":[{"embeddable":true,"href":"https:\/\/ecosdelsur.com\/index.php?rest_route=\/wp\/v2\/users\/8"}],"replies":[{"embeddable":true,"href":"https:\/\/ecosdelsur.com\/index.php?rest_route=%2Fwp%2Fv2%2Fcomments&post=47903"}],"version-history":[{"count":1,"href":"https:\/\/ecosdelsur.com\/index.php?rest_route=\/wp\/v2\/posts\/47903\/revisions"}],"predecessor-version":[{"id":47905,"href":"https:\/\/ecosdelsur.com\/index.php?rest_route=\/wp\/v2\/posts\/47903\/revisions\/47905"}],"wp:featuredmedia":[{"embeddable":true,"href":"https:\/\/ecosdelsur.com\/index.php?rest_route=\/wp\/v2\/media\/47904"}],"wp:attachment":[{"href":"https:\/\/ecosdelsur.com\/index.php?rest_route=%2Fwp%2Fv2%2Fmedia&parent=47903"}],"wp:term":[{"taxonomy":"category","embeddable":true,"href":"https:\/\/ecosdelsur.com\/index.php?rest_route=%2Fwp%2Fv2%2Fcategories&post=47903"},{"taxonomy":"post_tag","embeddable":true,"href":"https:\/\/ecosdelsur.com\/index.php?rest_route=%2Fwp%2Fv2%2Ftags&post=47903"}],"curies":[{"name":"wp","href":"https:\/\/api.w.org\/{rel}","templated":true}]}}