{"id":47897,"date":"2026-09-02T18:12:10","date_gmt":"2026-09-02T21:12:10","guid":{"rendered":"https:\/\/ecosdelsur.com\/?p=47897"},"modified":"2026-09-02T18:12:10","modified_gmt":"2026-09-02T21:12:10","slug":"el-cpe-abre-la-primera-ventana-de-preinscripciones-para-los-niveles-inicial-primario-y-secundario","status":"publish","type":"post","link":"https:\/\/ecosdelsur.com\/?p=47897","title":{"rendered":"El CPE abre la primera ventana de preinscripciones para los niveles Inicial, Primario y Secundario"},"content":{"rendered":"<p><span style=\"color: #ff0000;\">02 de Septiembre 2026. <\/span>Del 1 al 15 de septiembre estar\u00e1 habilitado el tr\u00e1mite presencial en los establecimientos educativos. Esta primera etapa est\u00e1 destinada exclusivamente a hermanos de alumnos ya matriculados e hijos del personal de la instituci\u00f3n.<\/p>\n<section class=\"ssi-block-main mb-5\">\n<div class=\"mb-2\">\n<div class=\"article-full\">\n<p>El Consejo Provincial de Educaci\u00f3n informa a la comunidad que del\u00a0<strong>1 al 15 de septiembre<\/strong>\u00a0se encuentra abierta la\u00a0<strong>Primera Ventana de Preinscripciones<\/strong>\u00a0para el ingreso a instituciones educativas de Nivel Inicial, Primario, Secundario y Escuelas T\u00e9cnicas de cara al\u00a0<strong>Ciclo Lectivo 2027<\/strong>.<\/p>\n<p>Esta instancia inicial est\u00e1 dirigida de manera\u00a0<strong>exclusiva<\/strong>\u00a0a:<\/p>\n<ul type=\"disc\">\n<li><strong>Hermanos y hermanas<\/strong>\u00a0de estudiantes que asisten actualmente al establecimiento.<\/li>\n<li><strong>Hijos e hijas<\/strong>\u00a0del personal que se desempe\u00f1a en la instituci\u00f3n.<\/li>\n<\/ul>\n<h2>Alcance por niveles y grados<\/h2>\n<p>La convocatoria corresponde \u00fanicamente a las siguientes vacantes de ingreso:<\/p>\n<ul type=\"disc\">\n<li><strong>Nivel Inicial:<\/strong>\u00a0\u00danicamente ingreso a\u00a0<strong>Sala de 4 a\u00f1os<\/strong>.<\/li>\n<li><strong>Nivel Primario:<\/strong>\u00a0Ingreso a\u00a0<strong>1.\u00b0 Grado<\/strong>.<\/li>\n<li><strong>Nivel Secundario y Modalidad T\u00e9cnico Profesional:<\/strong>\u00a0Ingreso a\u00a0<strong>1.\u00b0 A\u00f1o<\/strong>.<\/li>\n<\/ul>\n<h2>Modalidad del tr\u00e1mite<\/h2>\n<p>Las familias interesadas deber\u00e1n dirigirse de forma\u00a0<strong>presencial<\/strong>\u00a0a la instituci\u00f3n educativa correspondiente para completar la preinscripci\u00f3n o solicitar m\u00e1s informaci\u00f3n, respetando los d\u00edas y horarios de atenci\u00f3n al p\u00fablico establecidos por cada establecimiento.<\/p>\n<p>De esta manera, el Consejo Provincial de Educaci\u00f3n contin\u00faa garantizando y acompa\u00f1ando el desarrollo de las trayectorias educativas de los estudiantes en toda la provincia.<\/p>\n<\/div>\n<\/div>\n<\/section>\n<aside class=\"ssi-block-side\">\n<aside class=\"a-gallery mt-2\">\n<div class=\"row g-3 ssigallery-frontend mt-3 row-cols-2 row-cols-sm-3 row-cols-md-3 row-cols-lg-4\">\n<div class=\"col-6 col-sm-4 col-md-4 col-lg-3 mt-0\"><a class=\"ssig-item\" href=\"https:\/\/noticias.santacruz.gob.ar\/media\/ssigallery\/articulos\/26343\/galeria\/PREINSCRIPCIONES_2027.jpeg\" data-ssig=\"1\" data-caption=\"\" data-fancybox=\"ssigallery-article-26343\"><img decoding=\"async\" class=\"img-fluid rounded lazyload\" data-src=\"https:\/\/noticias.santacruz.gob.ar\/media\/ssigallery\/articulos\/26343\/galeria\/thumbs\/PREINSCRIPCIONES_2027.jpeg\" alt=\"El CPE abre la primera ventana de preinscripciones para los niveles Inicial, Primario y Secundario\" src=\"data:image\/svg+xml;base64,PHN2ZyB3aWR0aD0iMSIgaGVpZ2h0PSIxIiB4bWxucz0iaHR0cDovL3d3dy53My5vcmcvMjAwMC9zdmciPjwvc3ZnPg==\" \/><\/a><\/div>\n<\/div>\n<\/aside>\n<\/aside>\n<div class=\"redes mb-3\">\n<div class=\"d-flex flex-wrap justify-content-between align-items-center gap-3 my-2 mx-1\"><\/div>\n<\/div>\n","protected":false},"excerpt":{"rendered":"<p>02 de Septiembre 2026. Del 1 al 15 de septiembre estar\u00e1 habilitado el tr\u00e1mite presencial en los establecimientos educativos. Esta<\/p>\n","protected":false},"author":8,"featured_media":47898,"comment_status":"open","ping_status":"closed","sticky":false,"template":"","format":"standard","meta":{"footnotes":""},"categories":[89],"tags":[],"class_list":["post-47897","post","type-post","status-publish","format-standard","has-post-thumbnail","hentry","category-educacion"],"_links":{"self":[{"href":"https:\/\/ecosdelsur.com\/index.php?rest_route=\/wp\/v2\/posts\/47897","targetHints":{"allow":["GET"]}}],"collection":[{"href":"https:\/\/ecosdelsur.com\/index.php?rest_route=\/wp\/v2\/posts"}],"about":[{"href":"https:\/\/ecosdelsur.com\/index.php?rest_route=\/wp\/v2\/types\/post"}],"author":[{"embeddable":true,"href":"https:\/\/ecosdelsur.com\/index.php?rest_route=\/wp\/v2\/users\/8"}],"replies":[{"embeddable":true,"href":"https:\/\/ecosdelsur.com\/index.php?rest_route=%2Fwp%2Fv2%2Fcomments&post=47897"}],"version-history":[{"count":1,"href":"https:\/\/ecosdelsur.com\/index.php?rest_route=\/wp\/v2\/posts\/47897\/revisions"}],"predecessor-version":[{"id":47899,"href":"https:\/\/ecosdelsur.com\/index.php?rest_route=\/wp\/v2\/posts\/47897\/revisions\/47899"}],"wp:featuredmedia":[{"embeddable":true,"href":"https:\/\/ecosdelsur.com\/index.php?rest_route=\/wp\/v2\/media\/47898"}],"wp:attachment":[{"href":"https:\/\/ecosdelsur.com\/index.php?rest_route=%2Fwp%2Fv2%2Fmedia&parent=47897"}],"wp:term":[{"taxonomy":"category","embeddable":true,"href":"https:\/\/ecosdelsur.com\/index.php?rest_route=%2Fwp%2Fv2%2Fcategories&post=47897"},{"taxonomy":"post_tag","embeddable":true,"href":"https:\/\/ecosdelsur.com\/index.php?rest_route=%2Fwp%2Fv2%2Ftags&post=47897"}],"curies":[{"name":"wp","href":"https:\/\/api.w.org\/{rel}","templated":true}]}}