{"id":47894,"date":"2026-09-02T18:10:27","date_gmt":"2026-09-02T21:10:27","guid":{"rendered":"https:\/\/ecosdelsur.com\/?p=47894"},"modified":"2026-09-02T18:10:27","modified_gmt":"2026-09-02T21:10:27","slug":"la-caja-de-servicios-sociales-informa-a-sus-afiliados-sobre-la-atencion-en-rio-gallegos","status":"publish","type":"post","link":"https:\/\/ecosdelsur.com\/?p=47894","title":{"rendered":"La Caja de Servicios Sociales informa a sus afiliados sobre la atenci\u00f3n en R\u00edo Gallegos"},"content":{"rendered":"<p><span style=\"color: #ff0000;\">02 de Septiembre 2026. <\/span>En el marco de las negociaciones que se lleva adelante con distintos prestadores de esta ciudad capital, la Caja de Servicios Sociales emiti\u00f3 un comunicado para conocimiento de todos sus afiliados.<\/p>\n<div class=\"redes mb-3\">\n<div class=\"d-flex flex-wrap justify-content-between align-items-center gap-3 my-2 mx-1\">\n<p>La obra social de la provincia de Santa Cruz y ante la decisi\u00f3n de Medisur de mantener el corte de servicio pese a las negociaciones encaradas, emiti\u00f3 un comunicado para informar sobre el alcance de todas las prestaciones en la capital provincial, con el fin de llevar tranquilidad a los afiliados de la Caja de Servicios Sociales.<\/p>\n<p>El comunicado expresa lo siguiente:<\/p>\n<h2>1. Continuidad de la cobertura:<\/h2>\n<p>La atenci\u00f3n m\u00e9dica de los afiliados en R\u00edo Gallegos est\u00e1 garantizada. La red de prestadores activa incluye al Hospital Regional, el Colegio M\u00e9dico, el Sanatorio Integral San Benito y otros centros de salud zonales.<\/p>\n<h2>2. Estado de situaci\u00f3n con Cl\u00ednica Medisur:<\/h2>\n<p>En el marco de las negociaciones, la Caja de Servicios Sociales formaliz\u00f3 una propuesta superadora para la regularizaci\u00f3n de la cadena de pagos semanal. Dicha oferta fue rechazada por el prestador, quien opt\u00f3 por mantener la suspensi\u00f3n de los servicios de manera unilateral.<\/p>\n<h2>3. Viabilidad financiera:<\/h2>\n<p>Los fondos de la obra social constituyen un patrimonio colectivo y finito. Acceder a las exigencias presupuestarias actuales de Medisur resulta materialmente inviable. Hacerlo comprometer\u00eda el sistema solidario de salud, cuyo sostenimiento ya enfrenta la constante inflaci\u00f3n de los costos m\u00e9dicos y el d\u00e9ficit generado por la falta de aportes patronales municipales.<\/p>\n<h2>4. Asistencia al afiliado:<\/h2>\n<p>Comprendemos los inconvenientes que esta decisi\u00f3n del prestador genera en los pacientes. Los equipos de todas nuestras delegaciones est\u00e1n a disposici\u00f3n para canalizar consultas y resolver situaciones particulares.<\/p>\n<p><strong>Consultas y reclamos online:<\/strong>\u00a0<a href=\"https:\/\/sigede.css.gov.ar\/rca\/\" target=\"_blank\" rel=\"noopener\">https:\/\/sigede.css.gov.ar\/rca\/<\/a><\/p>\n<\/div>\n<\/div>\n","protected":false},"excerpt":{"rendered":"<p>02 de Septiembre 2026. En el marco de las negociaciones que se lleva adelante con distintos prestadores de esta ciudad<\/p>\n","protected":false},"author":8,"featured_media":47895,"comment_status":"open","ping_status":"closed","sticky":false,"template":"","format":"standard","meta":{"footnotes":""},"categories":[1191],"tags":[],"class_list":["post-47894","post","type-post","status-publish","format-standard","has-post-thumbnail","hentry","category-caja-de-servicios-sociales"],"_links":{"self":[{"href":"https:\/\/ecosdelsur.com\/index.php?rest_route=\/wp\/v2\/posts\/47894","targetHints":{"allow":["GET"]}}],"collection":[{"href":"https:\/\/ecosdelsur.com\/index.php?rest_route=\/wp\/v2\/posts"}],"about":[{"href":"https:\/\/ecosdelsur.com\/index.php?rest_route=\/wp\/v2\/types\/post"}],"author":[{"embeddable":true,"href":"https:\/\/ecosdelsur.com\/index.php?rest_route=\/wp\/v2\/users\/8"}],"replies":[{"embeddable":true,"href":"https:\/\/ecosdelsur.com\/index.php?rest_route=%2Fwp%2Fv2%2Fcomments&post=47894"}],"version-history":[{"count":1,"href":"https:\/\/ecosdelsur.com\/index.php?rest_route=\/wp\/v2\/posts\/47894\/revisions"}],"predecessor-version":[{"id":47896,"href":"https:\/\/ecosdelsur.com\/index.php?rest_route=\/wp\/v2\/posts\/47894\/revisions\/47896"}],"wp:featuredmedia":[{"embeddable":true,"href":"https:\/\/ecosdelsur.com\/index.php?rest_route=\/wp\/v2\/media\/47895"}],"wp:attachment":[{"href":"https:\/\/ecosdelsur.com\/index.php?rest_route=%2Fwp%2Fv2%2Fmedia&parent=47894"}],"wp:term":[{"taxonomy":"category","embeddable":true,"href":"https:\/\/ecosdelsur.com\/index.php?rest_route=%2Fwp%2Fv2%2Fcategories&post=47894"},{"taxonomy":"post_tag","embeddable":true,"href":"https:\/\/ecosdelsur.com\/index.php?rest_route=%2Fwp%2Fv2%2Ftags&post=47894"}],"curies":[{"name":"wp","href":"https:\/\/api.w.org\/{rel}","templated":true}]}}