{"id":47884,"date":"2026-09-02T14:10:52","date_gmt":"2026-09-02T17:10:52","guid":{"rendered":"https:\/\/ecosdelsur.com\/?p=47884"},"modified":"2026-09-02T14:10:52","modified_gmt":"2026-09-02T17:10:52","slug":"las-zonas-francas-permiten-tener-una-ventaja-competitiva-y-generar-trabajo-afirmo-morales","status":"publish","type":"post","link":"https:\/\/ecosdelsur.com\/?p=47884","title":{"rendered":"Las zonas francas permiten \u201ctener una ventaja competitiva y generar trabajo\u201d afirm\u00f3 Morales"},"content":{"rendered":"<p><span style=\"color: #ff0000;\">02 de Septiembre 2026. <\/span>As\u00ed lo manifest\u00f3 el subsecretario de Coordinaci\u00f3n y Monitoreo de Zonas Francas, Guillermo Morales, sobre las gestiones y avances que se realizan en los nodos de R\u00edo Gallegos y Caleta Olivia.<\/p>\n<div class=\"redes mb-3\">\n<div class=\"d-flex flex-wrap justify-content-between align-items-center gap-3 my-2 mx-1\">\n<figure class=\"ssi-inline-image my-3\"><img decoding=\"async\" class=\"img-fluid lazyload\" data-src=\"https:\/\/noticias.santacruz.gob.ar\/media\/ssigallery\/articulos\/26341\/inline\/IMG_0851_1.jpg\" alt=\"Las zonas francas permiten \u201ctener una ventaja competitiva y generar trabajo\u201d afirm\u00f3 Morales\" src=\"data:image\/svg+xml;base64,PHN2ZyB3aWR0aD0iMSIgaGVpZ2h0PSIxIiB4bWxucz0iaHR0cDovL3d3dy53My5vcmcvMjAwMC9zdmciPjwvc3ZnPg==\" \/><\/figure>\n<p>El Gobierno de Santa Cruz, a trav\u00e9s del\u00a0<strong>Ministerio de la Producci\u00f3n, Comercio e Industria<\/strong>, lleva adelante pol\u00edtica p\u00fablicas para el funcionamiento de la Zona Franca de R\u00edo Gallegos, y la puesta en marcha de lo que ser\u00e1 su par en Caleta Olivia.<\/p>\n<figure class=\"ssi-inline-image my-3\"><img decoding=\"async\" class=\"img-fluid lazyload\" data-src=\"https:\/\/noticias.santacruz.gob.ar\/media\/ssigallery\/articulos\/26341\/inline\/IMG_0851.jpg\" alt=\"Las zonas francas permiten \u201ctener una ventaja competitiva y generar trabajo\u201d afirm\u00f3 Morales\" src=\"data:image\/svg+xml;base64,PHN2ZyB3aWR0aD0iMSIgaGVpZ2h0PSIxIiB4bWxucz0iaHR0cDovL3d3dy53My5vcmcvMjAwMC9zdmciPjwvc3ZnPg==\" \/><\/figure>\n<h2>En R\u00edo Gallegos<\/h2>\n<p>Estos nodos log\u00edsticos e industriales cuentan con \u00e1reas operativas, como locales de venta, oficinas administrativas, y el dep\u00f3sito de Verificaci\u00f3n y Control de Aduana. Sobre el desarrollo de las actividades, el subsecretario de Coordinaci\u00f3n y Monitoreo de Zonas Francas,\u00a0<strong>Guillermo Morales<\/strong>, coment\u00f3 que, en cuanto a la Zona Franca de R\u00edo Gallegos, \u201cse est\u00e1 trabajando de manera normal, es una Zona Franca que se encuentra habilitada y en operatividad\u201d.\u00a0<strong>\u201cEstamos teniendo una sostenida performance de esta Zona Franca\u201d<\/strong>.<\/p>\n<blockquote class=\"ssi-editorial-block ssi-quote ssi-quote-featured\"><p>Consultado por la Subsecretar\u00eda de Producci\u00f3n y Contenidos sobre las mesas de trabajo con los consignatarios de la zona franca minorista, en R\u00edo Gallegos, se\u00f1al\u00f3: \u201cTenemos siempre un fluido di\u00e1logo con la concesionaria, como as\u00ed tambi\u00e9n con los usuarios y los permisionarios\u201d.<\/p><\/blockquote>\n<p>El subsecretario de Coordinaci\u00f3n y Monitoreo de Zonas Francas adelant\u00f3 que mantendr\u00e1 en el d\u00eda de hoy, una reuni\u00f3n con quien est\u00e1 a cargo de la construcci\u00f3n de los nuevos galpones de la Zona Franca R\u00edo Gallegos, \u201cpara poder trabajar algunas cuestiones que nos hizo saber, siempre atendiendo a todos de la mejor manera, y no dejando de trabajar en conjunto\u201d.<\/p>\n<p>Sobre la fecha de inauguraci\u00f3n prevista para estos nuevos espacios, coment\u00f3: \u201cNos hab\u00edan dicho en una primera instancia que pod\u00eda ser a fines de este a\u00f1o. Estamos teniendo un avance significativo\u201d.<\/p>\n<p>\u201cSi han ido al predio, se nota que ya las obras est\u00e1n en ejecuci\u00f3n, que ya est\u00e1n en un grado de avance bastante importante. Entonces esperamos que sea para este a\u00f1o, y que se pueda cumplir con ese objetivo\u201d, consider\u00f3 el funcionario.<\/p>\n<h2>En Caleta Olivia<\/h2>\n<p>Con respecto a la \u00faltima visita, a mediados de agosto, de la ministra de l Producci\u00f3n, Comercio e Industria,\u00a0<strong>Nadia Ricci<\/strong>, el subsecretario Morales record\u00f3: \u201cS\u00ed, tuvimos una visita con la ministra para el recorrido del galp\u00f3n, del almacenaje, del tema de las oficinas, obviamente todav\u00eda est\u00e1 en proceso de construcci\u00f3n\u201d.<\/p>\n<p>\u201cTuvimos avances, tuvimos una charla con el apoderado de la concesionaria, para poder avanzar con el tema de las obras civiles, que es algo que nos exigen desde Aduana, es un requerimiento nacional, la ley lo dice as\u00ed, que tiene que tener algunas obras que todav\u00eda faltan, pero ya se est\u00e1 trabajando\u201d, detall\u00f3.<\/p>\n<p>Desde el \u00e1rea programan para este mes una visita, \u201cya con el inicio del trabajo de suelo, que es la primera parte como para tener tierra firme, y poder empezar a construir las calles y obviamente los dep\u00f3sitos y dem\u00e1s\u201d.<\/p>\n<h2>La agenda<\/h2>\n<p>El subsecretario de Coordinaci\u00f3n y Monitoreo de Zonas Francas reiter\u00f3 que a mitad de septiembre o un poco despu\u00e9s, visitar\u00e1n nuevamente la Zona Franca de Caleta Olivia, \u201cpara ver c\u00f3mo va avanzando el tema de las obras\u201d.<\/p>\n<p>En segundo lugar, est\u00e1 prevista la reuni\u00f3n del Comit\u00e9 de Vigilancia \u201cpactado para la semana que viene, tenemos usuarios para poder aprobar, ah\u00ed van a participar todos los miembros del comit\u00e9\u201d.<\/p>\n<p>\u201cTuvimos la posibilidad ayer de hacer un lugar en la agenda, porque tiene que participar tambi\u00e9n la ministra de la Producci\u00f3n, Nadia Ricci, como presidenta del Comit\u00e9 de Vigilancia, y todos los actores, tanto privados como p\u00fablicos, para poder llegar a un consenso, y dar la habilitaci\u00f3n de estos permisionarios. Tambi\u00e9n ir viendo todo lo que tiene que ver con las obras de Caleta\u201d, expres\u00f3 Morales.<\/p>\n<p>En tercer lugar, anunci\u00f3 la participaci\u00f3n de Santa Cruz en el Consejo Federal, \u201cque va a ser seguramente para la \u00faltima semana de septiembre, en la Ciudad Aut\u00f3noma de Buenos Aires, pero todav\u00eda no est\u00e1 confirmada la fecha\u201d.<\/p>\n<p>Sobre los temas en agenda para el Consejo Federal, mencion\u00f3 que se van a tratar \u201calgunas cuestiones de la normativa, tambi\u00e9n del Consejo Asesor, y algunas cuestiones m\u00e1s como para trabajar en conjunto, porque la Zona Franca responde a la ley nacional, y todos deber\u00edamos trabajar de la misma manera\u201d.<\/p>\n<p>Por \u00faltimo, Guillermo Morales hizo hincapi\u00e9 en sus expectativas sobre las prontas novedades de la habilitaci\u00f3n de la Zona Franca de Caleta, \u201cque fue uno de los hitos que puso el gobernador,\u00a0<strong>Claudio Vidal<\/strong>, en el inicio del periodo legislativo, para poder tener una ventaja competitiva dentro de lo que es esta cuesti\u00f3n de impuestos, como para poder sacar adelante cuestiones de la industria, tambi\u00e9n del comercio, para poder ayudar y generar trabajo\u201d.<\/p>\n<\/div>\n<\/div>\n","protected":false},"excerpt":{"rendered":"<p>02 de Septiembre 2026. As\u00ed lo manifest\u00f3 el subsecretario de Coordinaci\u00f3n y Monitoreo de Zonas Francas, Guillermo Morales, sobre las<\/p>\n","protected":false},"author":8,"featured_media":47885,"comment_status":"open","ping_status":"closed","sticky":false,"template":"","format":"standard","meta":{"footnotes":""},"categories":[1806],"tags":[],"class_list":["post-47884","post","type-post","status-publish","format-standard","has-post-thumbnail","hentry","category-produccion"],"_links":{"self":[{"href":"https:\/\/ecosdelsur.com\/index.php?rest_route=\/wp\/v2\/posts\/47884","targetHints":{"allow":["GET"]}}],"collection":[{"href":"https:\/\/ecosdelsur.com\/index.php?rest_route=\/wp\/v2\/posts"}],"about":[{"href":"https:\/\/ecosdelsur.com\/index.php?rest_route=\/wp\/v2\/types\/post"}],"author":[{"embeddable":true,"href":"https:\/\/ecosdelsur.com\/index.php?rest_route=\/wp\/v2\/users\/8"}],"replies":[{"embeddable":true,"href":"https:\/\/ecosdelsur.com\/index.php?rest_route=%2Fwp%2Fv2%2Fcomments&post=47884"}],"version-history":[{"count":1,"href":"https:\/\/ecosdelsur.com\/index.php?rest_route=\/wp\/v2\/posts\/47884\/revisions"}],"predecessor-version":[{"id":47886,"href":"https:\/\/ecosdelsur.com\/index.php?rest_route=\/wp\/v2\/posts\/47884\/revisions\/47886"}],"wp:featuredmedia":[{"embeddable":true,"href":"https:\/\/ecosdelsur.com\/index.php?rest_route=\/wp\/v2\/media\/47885"}],"wp:attachment":[{"href":"https:\/\/ecosdelsur.com\/index.php?rest_route=%2Fwp%2Fv2%2Fmedia&parent=47884"}],"wp:term":[{"taxonomy":"category","embeddable":true,"href":"https:\/\/ecosdelsur.com\/index.php?rest_route=%2Fwp%2Fv2%2Fcategories&post=47884"},{"taxonomy":"post_tag","embeddable":true,"href":"https:\/\/ecosdelsur.com\/index.php?rest_route=%2Fwp%2Fv2%2Ftags&post=47884"}],"curies":[{"name":"wp","href":"https:\/\/api.w.org\/{rel}","templated":true}]}}