{"id":47881,"date":"2026-09-02T14:09:22","date_gmt":"2026-09-02T17:09:22","guid":{"rendered":"https:\/\/ecosdelsur.com\/?p=47881"},"modified":"2026-09-02T14:09:22","modified_gmt":"2026-09-02T17:09:22","slug":"las-heras-avanza-con-mas-y-mejor-iluminacion","status":"publish","type":"post","link":"https:\/\/ecosdelsur.com\/?p=47881","title":{"rendered":"Las Heras avanza con m\u00e1s y mejor iluminaci\u00f3n"},"content":{"rendered":"<p><span style=\"color: #ff0000;\">02 de Septiembre 2026. <\/span>Servicios P\u00fablicos (SPSE) dio inicio a la colocaci\u00f3n de luminarias LED en el acceso a la localidad y en el barrio 110 viviendas, dando respuesta a una necesidad concreta de los vecinos y mejorando las condiciones de iluminaci\u00f3n y seguridad en los espacios p\u00fablicos.<\/p>\n<div class=\"redes mb-3\">\n<div class=\"d-flex flex-wrap justify-content-between align-items-center gap-3 my-2 mx-1\">\n<p>Esta intervenci\u00f3n forma parte de una gesti\u00f3n provincial que contin\u00faa llevando obras y soluciones a cada localidad de Santa Cruz, con una mirada federal y con el compromiso de mejorar la calidad de vida de los santacruce\u00f1os.<\/p>\n<figure class=\"ssi-inline-image my-3\"><img decoding=\"async\" class=\"img-fluid lazyload\" data-src=\"https:\/\/noticias.santacruz.gob.ar\/media\/ssigallery\/articulos\/26340\/inline\/WhatsApp_Image_2026-09-02_at_13.27.52_1.jpeg\" alt=\"Las Heras avanza con m\u00e1s y mejor iluminaci\u00f3n\" src=\"data:image\/svg+xml;base64,PHN2ZyB3aWR0aD0iMSIgaGVpZ2h0PSIxIiB4bWxucz0iaHR0cDovL3d3dy53My5vcmcvMjAwMC9zdmciPjwvc3ZnPg==\" \/><\/figure>\n<p>El Gobierno de Santa Cruz, bajo la conducci\u00f3n del gobernador\u00a0<strong>Claudio Vida<\/strong>l, sigue trabajando para que los recursos se transformen en obras concretas y lleguen a donde m\u00e1s se necesitan.<\/p>\n<p>M\u00e1s iluminaci\u00f3n, m\u00e1s seguridad y m\u00e1s infraestructura para Las Heras.<\/p>\n<\/div>\n<\/div>\n","protected":false},"excerpt":{"rendered":"<p>02 de Septiembre 2026. Servicios P\u00fablicos (SPSE) dio inicio a la colocaci\u00f3n de luminarias LED en el acceso a la<\/p>\n","protected":false},"author":8,"featured_media":47882,"comment_status":"open","ping_status":"closed","sticky":false,"template":"","format":"standard","meta":{"footnotes":""},"categories":[1111],"tags":[],"class_list":["post-47881","post","type-post","status-publish","format-standard","has-post-thumbnail","hentry","category-servicios-publicos"],"_links":{"self":[{"href":"https:\/\/ecosdelsur.com\/index.php?rest_route=\/wp\/v2\/posts\/47881","targetHints":{"allow":["GET"]}}],"collection":[{"href":"https:\/\/ecosdelsur.com\/index.php?rest_route=\/wp\/v2\/posts"}],"about":[{"href":"https:\/\/ecosdelsur.com\/index.php?rest_route=\/wp\/v2\/types\/post"}],"author":[{"embeddable":true,"href":"https:\/\/ecosdelsur.com\/index.php?rest_route=\/wp\/v2\/users\/8"}],"replies":[{"embeddable":true,"href":"https:\/\/ecosdelsur.com\/index.php?rest_route=%2Fwp%2Fv2%2Fcomments&post=47881"}],"version-history":[{"count":1,"href":"https:\/\/ecosdelsur.com\/index.php?rest_route=\/wp\/v2\/posts\/47881\/revisions"}],"predecessor-version":[{"id":47883,"href":"https:\/\/ecosdelsur.com\/index.php?rest_route=\/wp\/v2\/posts\/47881\/revisions\/47883"}],"wp:featuredmedia":[{"embeddable":true,"href":"https:\/\/ecosdelsur.com\/index.php?rest_route=\/wp\/v2\/media\/47882"}],"wp:attachment":[{"href":"https:\/\/ecosdelsur.com\/index.php?rest_route=%2Fwp%2Fv2%2Fmedia&parent=47881"}],"wp:term":[{"taxonomy":"category","embeddable":true,"href":"https:\/\/ecosdelsur.com\/index.php?rest_route=%2Fwp%2Fv2%2Fcategories&post=47881"},{"taxonomy":"post_tag","embeddable":true,"href":"https:\/\/ecosdelsur.com\/index.php?rest_route=%2Fwp%2Fv2%2Ftags&post=47881"}],"curies":[{"name":"wp","href":"https:\/\/api.w.org\/{rel}","templated":true}]}}