{"id":47876,"date":"2026-09-02T12:27:22","date_gmt":"2026-09-02T15:27:22","guid":{"rendered":"https:\/\/ecosdelsur.com\/?p=47876"},"modified":"2026-09-02T12:31:03","modified_gmt":"2026-09-02T15:31:03","slug":"el-proyecto-comunal-revalorizando-las-fechas-patrias-continua-con-gran-exito-en-los-colegios","status":"publish","type":"post","link":"https:\/\/ecosdelsur.com\/?p=47876","title":{"rendered":"El proyecto comunal \u201cRevalorizando las Fechas Patrias\u201d contin\u00faa con gran \u00e9xito en los colegios"},"content":{"rendered":"<p><span style=\"color: #ff0000;\">02 de Septiembre 2026. <\/span>Bajo la gesti\u00f3n del intendente Pablo Carrizo, la Municipalidad avanza con la propuesta territorial que busca revalorizar las fechas patrias y a su vez promueve el cuidado del medio ambiente a trav\u00e9s del reciclaje. Cabe mencionar que esta actividad es impulsada por la Secretar\u00eda de Desarrollo Social a trav\u00e9s de la Supervisi\u00f3n de Pol\u00edticas Laborales y Gesti\u00f3n Comunitaria.<\/p>\n<figure class=\"wp-block-image size-large\"><img decoding=\"async\" class=\"wp-image-21859 lazyload\" data-src=\"https:\/\/caletaolivia.gov.ar\/wp-content\/uploads\/2026\/09\/WhatsApp-Image-2026-09-02-at-10.06.58-1-1024x576.jpeg\" data-sizes=\"(max-width: 1024px) 100vw, 1024px\" data-srcset=\"https:\/\/caletaolivia.gov.ar\/wp-content\/uploads\/2026\/09\/WhatsApp-Image-2026-09-02-at-10.06.58-1-1024x576.jpeg 1024w, https:\/\/caletaolivia.gov.ar\/wp-content\/uploads\/2026\/09\/WhatsApp-Image-2026-09-02-at-10.06.58-1-300x169.jpeg 300w, https:\/\/caletaolivia.gov.ar\/wp-content\/uploads\/2026\/09\/WhatsApp-Image-2026-09-02-at-10.06.58-1-768x432.jpeg 768w, https:\/\/caletaolivia.gov.ar\/wp-content\/uploads\/2026\/09\/WhatsApp-Image-2026-09-02-at-10.06.58-1.jpeg 1280w\" alt=\"\" width=\"1024\" height=\"576\" src=\"data:image\/svg+xml;base64,PHN2ZyB3aWR0aD0iMSIgaGVpZ2h0PSIxIiB4bWxucz0iaHR0cDovL3d3dy53My5vcmcvMjAwMC9zdmciPjwvc3ZnPg==\" style=\"--smush-placeholder-width: 1024px; --smush-placeholder-aspect-ratio: 1024\/576;\" \/><\/figure>\n<p>Asimismo, vale recordar que dicho taller est\u00e1 dirigido a los alumnos de los colegios secundarios de la ciudad y consiste en confeccionar pins y escarapelas a partir del reciclaje de monedas fuera de uso. Es en este contexto que, durante aproximadamente tres meses, el equipo de la Supervisi\u00f3n mencionada estuvo brindando el taller a distintos cursos del Colegio Secundario N\u00b0 6 \u201cNicol\u00e1s Avellaneda\u201d.<\/p>\n<figure class=\"wp-block-image size-large\"><img decoding=\"async\" class=\"wp-image-21858 lazyload\" data-src=\"https:\/\/caletaolivia.gov.ar\/wp-content\/uploads\/2026\/09\/WhatsApp-Image-2026-09-02-at-10.06.58-2-1024x576.jpeg\" data-sizes=\"(max-width: 1024px) 100vw, 1024px\" data-srcset=\"https:\/\/caletaolivia.gov.ar\/wp-content\/uploads\/2026\/09\/WhatsApp-Image-2026-09-02-at-10.06.58-2-1024x576.jpeg 1024w, https:\/\/caletaolivia.gov.ar\/wp-content\/uploads\/2026\/09\/WhatsApp-Image-2026-09-02-at-10.06.58-2-300x169.jpeg 300w, https:\/\/caletaolivia.gov.ar\/wp-content\/uploads\/2026\/09\/WhatsApp-Image-2026-09-02-at-10.06.58-2-768x432.jpeg 768w, https:\/\/caletaolivia.gov.ar\/wp-content\/uploads\/2026\/09\/WhatsApp-Image-2026-09-02-at-10.06.58-2.jpeg 1280w\" alt=\"\" width=\"1024\" height=\"576\" src=\"data:image\/svg+xml;base64,PHN2ZyB3aWR0aD0iMSIgaGVpZ2h0PSIxIiB4bWxucz0iaHR0cDovL3d3dy53My5vcmcvMjAwMC9zdmciPjwvc3ZnPg==\" style=\"--smush-placeholder-width: 1024px; --smush-placeholder-aspect-ratio: 1024\/576;\" \/><\/figure>\n<p>En primera instancia, Cintia Oviedo, referente de la Supervisi\u00f3n, agradeci\u00f3 la apertura de la instituci\u00f3n que permiti\u00f3 desarrollar el proyecto. \u201cLa verdad que nos llevamos una linda experiencia porque los alumnos se mostraron muy entusiasmados siempre; si bien hoy culminamos con los chicos de tercer a\u00f1o de este establecimiento, seguramente vamos a llevar la propuesta a otros colegios de nuestra ciudad\u201d, finaliz\u00f3.<\/p>\n","protected":false},"excerpt":{"rendered":"<p>02 de Septiembre 2026. Bajo la gesti\u00f3n del intendente Pablo Carrizo, la Municipalidad avanza con la propuesta territorial que busca<\/p>\n","protected":false},"author":8,"featured_media":47877,"comment_status":"open","ping_status":"closed","sticky":false,"template":"","format":"standard","meta":{"footnotes":""},"categories":[1185],"tags":[],"class_list":["post-47876","post","type-post","status-publish","format-standard","has-post-thumbnail","hentry","category-comunicaciones-y-medios"],"_links":{"self":[{"href":"https:\/\/ecosdelsur.com\/index.php?rest_route=\/wp\/v2\/posts\/47876","targetHints":{"allow":["GET"]}}],"collection":[{"href":"https:\/\/ecosdelsur.com\/index.php?rest_route=\/wp\/v2\/posts"}],"about":[{"href":"https:\/\/ecosdelsur.com\/index.php?rest_route=\/wp\/v2\/types\/post"}],"author":[{"embeddable":true,"href":"https:\/\/ecosdelsur.com\/index.php?rest_route=\/wp\/v2\/users\/8"}],"replies":[{"embeddable":true,"href":"https:\/\/ecosdelsur.com\/index.php?rest_route=%2Fwp%2Fv2%2Fcomments&post=47876"}],"version-history":[{"count":2,"href":"https:\/\/ecosdelsur.com\/index.php?rest_route=\/wp\/v2\/posts\/47876\/revisions"}],"predecessor-version":[{"id":47879,"href":"https:\/\/ecosdelsur.com\/index.php?rest_route=\/wp\/v2\/posts\/47876\/revisions\/47879"}],"wp:featuredmedia":[{"embeddable":true,"href":"https:\/\/ecosdelsur.com\/index.php?rest_route=\/wp\/v2\/media\/47877"}],"wp:attachment":[{"href":"https:\/\/ecosdelsur.com\/index.php?rest_route=%2Fwp%2Fv2%2Fmedia&parent=47876"}],"wp:term":[{"taxonomy":"category","embeddable":true,"href":"https:\/\/ecosdelsur.com\/index.php?rest_route=%2Fwp%2Fv2%2Fcategories&post=47876"},{"taxonomy":"post_tag","embeddable":true,"href":"https:\/\/ecosdelsur.com\/index.php?rest_route=%2Fwp%2Fv2%2Ftags&post=47876"}],"curies":[{"name":"wp","href":"https:\/\/api.w.org\/{rel}","templated":true}]}}