{"id":47872,"date":"2026-09-02T12:25:44","date_gmt":"2026-09-02T15:25:44","guid":{"rendered":"https:\/\/ecosdelsur.com\/?p=47872"},"modified":"2026-09-02T12:25:44","modified_gmt":"2026-09-02T15:25:44","slug":"el-municipio-de-caleta-olivia-sumo-una-nueva-capacitacion-para-su-personal","status":"publish","type":"post","link":"https:\/\/ecosdelsur.com\/?p=47872","title":{"rendered":"El Municipio de Caleta Olivia sum\u00f3 una nueva capacitaci\u00f3n para su personal"},"content":{"rendered":"<p><span style=\"color: #ff0000;\">02 de Septiembre 2026. <\/span>En el marco de la pol\u00edtica de modernizaci\u00f3n del Estado, impulsada por el intendente Pablo Carrizo, la Supervisi\u00f3n de Pol\u00edticas Laborales y Gesti\u00f3n Comunitaria, dependiente de la Secretar\u00eda de Desarrollo Social, se encuentra llevando adelante una jornada de formaci\u00f3n intensiva sobre herramientas digitales y trabajo en red, dirigida a los empleados que desempe\u00f1an su labor en las distintas \u00e1reas de Recursos Humanos de la comuna.<\/p>\n<p>La actividad orientada al uso y manejo de herramientas colaborativas en red (Google Drive) busca unificar criterios de trabajo que permitir\u00e1n optimizar los procesos administrativos y as\u00ed brindar una mejor atenci\u00f3n. En cuanto a la primera etapa, esta se desarroll\u00f3 en las instalaciones de la Universidad Nacional de la Patagonia Austral, Unidad Acad\u00e9mica Caleta Olivia (UNPA \u2013 UACO), lugar donde continuar\u00e1n con el avance de dicha capacitaci\u00f3n.<\/p>\n<figure class=\"wp-block-image size-large\"><img decoding=\"async\" class=\"wp-image-21854 lazyload\" data-src=\"https:\/\/caletaolivia.gov.ar\/wp-content\/uploads\/2026\/09\/WhatsApp-Image-2026-09-02-at-10.12.39-1-1024x576.jpeg\" data-sizes=\"(max-width: 1024px) 100vw, 1024px\" data-srcset=\"https:\/\/caletaolivia.gov.ar\/wp-content\/uploads\/2026\/09\/WhatsApp-Image-2026-09-02-at-10.12.39-1-1024x576.jpeg 1024w, https:\/\/caletaolivia.gov.ar\/wp-content\/uploads\/2026\/09\/WhatsApp-Image-2026-09-02-at-10.12.39-1-300x169.jpeg 300w, https:\/\/caletaolivia.gov.ar\/wp-content\/uploads\/2026\/09\/WhatsApp-Image-2026-09-02-at-10.12.39-1-768x432.jpeg 768w, https:\/\/caletaolivia.gov.ar\/wp-content\/uploads\/2026\/09\/WhatsApp-Image-2026-09-02-at-10.12.39-1.jpeg 1280w\" alt=\"\" width=\"1024\" height=\"576\" src=\"data:image\/svg+xml;base64,PHN2ZyB3aWR0aD0iMSIgaGVpZ2h0PSIxIiB4bWxucz0iaHR0cDovL3d3dy53My5vcmcvMjAwMC9zdmciPjwvc3ZnPg==\" style=\"--smush-placeholder-width: 1024px; --smush-placeholder-aspect-ratio: 1024\/576;\" \/><\/figure>\n<p>En este contexto, Francisca Gil, supervisora de Pol\u00edticas Laborales y Gesti\u00f3n Comunitaria, destac\u00f3 la decisi\u00f3n del Intendente, que garantiza espacios permanentes de capacitaci\u00f3n para los empleados municipales frente al continuo avance tecnol\u00f3gico informativo.<\/p>\n<p>\u201cPara llevar a cabo este aprendizaje, nos reunimos en varias oportunidades con la subsecretaria del sector, Daira C\u00f3rdoba, quien nos solicit\u00f3 esta formaci\u00f3n y luego mantuvimos otros encuentros con los directivos de la universidad, que nos facilitaron sus espacios para que todos cuenten con el material adecuado a la hora de adquirir el conocimiento correspondiente. La verdad es que tenemos una excelente recepci\u00f3n de los agentes y eso nos facilita la tarea\u201d.<\/p>\n<figure class=\"wp-block-image size-large\"><img decoding=\"async\" class=\"wp-image-21855 lazyload\" data-src=\"https:\/\/caletaolivia.gov.ar\/wp-content\/uploads\/2026\/09\/WhatsApp-Image-2026-09-02-at-10.12.39-1024x576.jpeg\" data-sizes=\"(max-width: 1024px) 100vw, 1024px\" data-srcset=\"https:\/\/caletaolivia.gov.ar\/wp-content\/uploads\/2026\/09\/WhatsApp-Image-2026-09-02-at-10.12.39-1024x576.jpeg 1024w, https:\/\/caletaolivia.gov.ar\/wp-content\/uploads\/2026\/09\/WhatsApp-Image-2026-09-02-at-10.12.39-300x169.jpeg 300w, https:\/\/caletaolivia.gov.ar\/wp-content\/uploads\/2026\/09\/WhatsApp-Image-2026-09-02-at-10.12.39-768x432.jpeg 768w, https:\/\/caletaolivia.gov.ar\/wp-content\/uploads\/2026\/09\/WhatsApp-Image-2026-09-02-at-10.12.39.jpeg 1280w\" alt=\"\" width=\"1024\" height=\"576\" src=\"data:image\/svg+xml;base64,PHN2ZyB3aWR0aD0iMSIgaGVpZ2h0PSIxIiB4bWxucz0iaHR0cDovL3d3dy53My5vcmcvMjAwMC9zdmciPjwvc3ZnPg==\" style=\"--smush-placeholder-width: 1024px; --smush-placeholder-aspect-ratio: 1024\/576;\" \/><\/figure>\n<p>Por \u00faltimo Gil agradeci\u00f3 al \u00e1rea de la Secretar\u00eda de Extensi\u00f3n de la Unidad Acad\u00e9mica, a cargo de Mat\u00edas Barrionuevo, por la predisposici\u00f3n constante la trabajo en conjunto.<\/p>\n","protected":false},"excerpt":{"rendered":"<p>02 de Septiembre 2026. En el marco de la pol\u00edtica de modernizaci\u00f3n del Estado, impulsada por el intendente Pablo Carrizo,<\/p>\n","protected":false},"author":8,"featured_media":47873,"comment_status":"open","ping_status":"closed","sticky":false,"template":"","format":"standard","meta":{"footnotes":""},"categories":[1185],"tags":[],"class_list":["post-47872","post","type-post","status-publish","format-standard","has-post-thumbnail","hentry","category-comunicaciones-y-medios"],"_links":{"self":[{"href":"https:\/\/ecosdelsur.com\/index.php?rest_route=\/wp\/v2\/posts\/47872","targetHints":{"allow":["GET"]}}],"collection":[{"href":"https:\/\/ecosdelsur.com\/index.php?rest_route=\/wp\/v2\/posts"}],"about":[{"href":"https:\/\/ecosdelsur.com\/index.php?rest_route=\/wp\/v2\/types\/post"}],"author":[{"embeddable":true,"href":"https:\/\/ecosdelsur.com\/index.php?rest_route=\/wp\/v2\/users\/8"}],"replies":[{"embeddable":true,"href":"https:\/\/ecosdelsur.com\/index.php?rest_route=%2Fwp%2Fv2%2Fcomments&post=47872"}],"version-history":[{"count":2,"href":"https:\/\/ecosdelsur.com\/index.php?rest_route=\/wp\/v2\/posts\/47872\/revisions"}],"predecessor-version":[{"id":47875,"href":"https:\/\/ecosdelsur.com\/index.php?rest_route=\/wp\/v2\/posts\/47872\/revisions\/47875"}],"wp:featuredmedia":[{"embeddable":true,"href":"https:\/\/ecosdelsur.com\/index.php?rest_route=\/wp\/v2\/media\/47873"}],"wp:attachment":[{"href":"https:\/\/ecosdelsur.com\/index.php?rest_route=%2Fwp%2Fv2%2Fmedia&parent=47872"}],"wp:term":[{"taxonomy":"category","embeddable":true,"href":"https:\/\/ecosdelsur.com\/index.php?rest_route=%2Fwp%2Fv2%2Fcategories&post=47872"},{"taxonomy":"post_tag","embeddable":true,"href":"https:\/\/ecosdelsur.com\/index.php?rest_route=%2Fwp%2Fv2%2Ftags&post=47872"}],"curies":[{"name":"wp","href":"https:\/\/api.w.org\/{rel}","templated":true}]}}