{"id":47869,"date":"2026-09-02T12:23:30","date_gmt":"2026-09-02T15:23:30","guid":{"rendered":"https:\/\/ecosdelsur.com\/?p=47869"},"modified":"2026-09-02T12:23:30","modified_gmt":"2026-09-02T15:23:30","slug":"egresaron-cinco-profesionales-que-se-especializaron-en-neonatologia-salud-mental-comunitaria-y-clinica-medica","status":"publish","type":"post","link":"https:\/\/ecosdelsur.com\/?p=47869","title":{"rendered":"Egresaron cinco profesionales que se especializaron en Neonatolog\u00eda, Salud Mental Comunitaria y Cl\u00ednica M\u00e9dica"},"content":{"rendered":"<p><span style=\"color: #ff0000;\">02 de Septiembre 2026. <\/span>El acto de colaci\u00f3n de los nuevos profesionales que continuar\u00e1n trabajando en el sistema de salud p\u00fablica, se realiz\u00f3 en el auditorio del Hospital de R\u00edo Gallegos.<\/p>\n<div class=\"redes mb-3\">\n<div class=\"d-flex flex-wrap justify-content-between align-items-center gap-3 my-2 mx-1\">\n<section class=\"ssi-block-main mb-5\">\n<div class=\"mb-2\">\n<div class=\"article-full\">\n<p>El Gobierno de Santa Cruz, a trav\u00e9s del\u00a0<strong>Ministerio de Salud y Ambiente<\/strong>\u00a0acompa\u00f1\u00f3 el egreso de diferentes especialistas que cumplieron su residencia en el\u00a0<strong>Hospital Regional R\u00edo Gallegos<\/strong>.\u00a0 Adem\u00e1s, se reconoci\u00f3 adem\u00e1s la trayectoria del Dr. Rudy Rozado Cuella por su jubilaci\u00f3n.<\/p>\n<p>Presidido por el secretario de Pol\u00edticas Sanitarias,\u00a0<strong>Ricardo Coloccini<\/strong>, junto al secretario de Estado de Salud y Seguridad del Paciente,\u00a0<strong>Sim\u00f3n Herrero<\/strong>; el director Ejecutivo del Hospital Regional R\u00edo Gallegos,\u00a0<strong>Gast\u00f3n Flores<\/strong>; y el director M\u00e9dico del HRRG,\u00a0<strong>Eduardo Alfonso<\/strong>, se desarroll\u00f3 esta ceremonia con la presencia tambi\u00e9n del plantel m\u00e9dico, autoridades de la Asociaci\u00f3n Cooperadora Benigno Carro, invitados especiales y familiares.<\/p>\n<p>El auditorio del nosocomio fue escenario del acto de finalizaci\u00f3n de formaci\u00f3n de la cohorte de residentes, instancia en la que se ratific\u00f3 adem\u00e1s la incorporaci\u00f3n directa de los egresados al sistema p\u00fablico de salud como profesionales de planta permanente.<\/p>\n<figure class=\"ssi-inline-image my-3\"><img decoding=\"async\" class=\"img-fluid lazyload\" data-src=\"https:\/\/noticias.santacruz.gob.ar\/media\/ssigallery\/articulos\/26338\/inline\/20260902_HRRG_COLACI__N_RESIDENTES-7.JPG\" alt=\"Egresaron cinco profesionales que se especializaron en Neonatolog\u00eda, Salud Mental Comunitaria y Cl\u00ednica M\u00e9dica\" src=\"data:image\/svg+xml;base64,PHN2ZyB3aWR0aD0iMSIgaGVpZ2h0PSIxIiB4bWxucz0iaHR0cDovL3d3dy53My5vcmcvMjAwMC9zdmciPjwvc3ZnPg==\" \/><\/figure>\n<h2>Nuevos profesionales para la salud p\u00fablica<\/h2>\n<p>Durante la ceremonia, las autoridades formalizaron la culminaci\u00f3n de la etapa formativa de\u00a0<strong>Carolina M\u00e9ndez<\/strong>, de Neonatolog\u00eda Articulada;\u00a0<strong>Roc\u00edo Manqui<\/strong>\u00a0y\u00a0<strong>Dayan Figueroa<\/strong>, de la Residencia Interdisciplinaria de Salud Mental Comunitaria (RISAMC); y\u00a0<strong>Mar\u00eda Luj\u00e1n Lay\u00fan<\/strong>\u00a0y\u00a0<strong>Andr\u00e9s Torres Chopite<\/strong>, de Cl\u00ednica M\u00e9dica.<\/p>\n<p>El secretario de Pol\u00edticas Sanitarias,\u00a0<strong>Ricardo Coloccini<\/strong>, destac\u00f3 la importancia que representa para Santa Cruz que profesionales formados dentro del sistema p\u00fablico culminen sus residencias y contin\u00faen desarrollando su tarea en la provincia.<\/p>\n<p>\u201cEstos son los d\u00edas que realmente te generan alegr\u00eda, cuando pod\u00e9s participar de este tipo de actos, donde los profesionales que se formaron en nuestro sistema p\u00fablico de salud culminan su etapa de formaci\u00f3n y se transforman en nuevos profesionales especializados para trabajar en los hospitales p\u00fablicos de la provincia\u201d, expres\u00f3.<\/p>\n<p>Coloccini remarc\u00f3 especialmente la pol\u00edtica de formaci\u00f3n y permanencia de profesionales que sostiene Santa Cruz frente a las particularidades geogr\u00e1ficas de la provincia.\u00a0<strong>\u201cVivimos alejados de los grandes centros urbanos donde se forman la mayor\u00eda de los especialistas, y esta pol\u00edtica que tiene la provincia de arraigo, desde la formaci\u00f3n hasta la culminaci\u00f3n de su etapa profesional, no se repite en muchos lugares del pa\u00eds. Es algo a lo que hay que darle mucho valor\u201d,<\/strong>\u00a0sostuvo.<\/p>\n<p>Asimismo, confirm\u00f3 que los profesionales egresados continuar\u00e1n prestando servicios en los establecimientos donde realizaron su formaci\u00f3n. \u201cLa gente que se form\u00f3 en estos hospitales, tanto en R\u00edo Gallegos como en Caleta Olivia, va a seguir prestando servicios en esos lugares como profesionales de planta permanente, en cada una de las \u00e1reas donde se formaron\u201d, se\u00f1al\u00f3.<\/p>\n<p><strong>Flores: \u201cHoy tenemos cinco nuevos especialistas en nuestro hospital\u201d<\/strong><\/p>\n<figure class=\"ssi-inline-image my-3\"><img decoding=\"async\" class=\"img-fluid lazyload\" data-src=\"https:\/\/noticias.santacruz.gob.ar\/media\/ssigallery\/articulos\/26338\/inline\/20260902_HRRG_COLACI__N_RESIDENTES-4.JPG\" alt=\"Egresaron cinco profesionales que se especializaron en Neonatolog\u00eda, Salud Mental Comunitaria y Cl\u00ednica M\u00e9dica\" src=\"data:image\/svg+xml;base64,PHN2ZyB3aWR0aD0iMSIgaGVpZ2h0PSIxIiB4bWxucz0iaHR0cDovL3d3dy53My5vcmcvMjAwMC9zdmciPjwvc3ZnPg==\" \/><\/figure>\n<p>El director Ejecutivo del Hospital Regional R\u00edo Gallegos,\u00a0<strong>Gast\u00f3n Flores<\/strong>, destac\u00f3 el valor estrat\u00e9gico de este egreso para la instituci\u00f3n hospitalaria.\u00a0<strong>\u201cEstamos muy contentos porque hoy tenemos cinco nuevos especialistas en nuestro hospital y que van a ingresar a planta permanente directamente\u201d<\/strong>, asegur\u00f3.<\/p>\n<p>El funcionario subray\u00f3 las particularidades del ejercicio profesional en la Patagonia y la vocaci\u00f3n de permanencia de los m\u00e9dicos.\u00a0<strong>\u201cEs un doble esfuerzo el que hacen estos profesionales porque no es f\u00e1cil hacer salud p\u00fablica en una provincia con distancias tan largas, con diferentes tem\u00e1ticas y diferentes complejidades a lo largo y ancho de Santa Cruz\u201d<\/strong>, remarc\u00f3 Flores.<\/p>\n<p>Asimismo, puso en valor la labor formativa de los instructores y de todo el personal que integra el hospital-escuela. \u201cEl especial\u00a0<strong>agradecimiento es para los instructores<\/strong>\u00a0de estos cinco residentes, hoy especialistas, porque creo que sin el trabajo de ellos hoy no podr\u00edamos estar ac\u00e1 realizando este acto\u201d, afirm\u00f3 el titular del HRRG.<\/p>\n<h2>Figueroa: \u201cApuesto a la salud p\u00fablica\u201d<\/h2>\n<p>Entre las profesionales que finalizaron su formaci\u00f3n se encuentra\u00a0<strong>Dayan Figueroa<\/strong>, licenciada en Psicolog\u00eda, quien complet\u00f3 tres a\u00f1os en la Residencia Interdisciplinaria de Salud Mental Comunitaria.<\/p>\n<p>Al referirse al camino recorrido, Figueroa destac\u00f3 tanto la\u00a0<strong>formaci\u00f3n profesional<\/strong>\u00a0como los v\u00ednculos construidos durante ese per\u00edodo. \u201cIntent\u00e9 resumir estos tres a\u00f1os, los desaf\u00edos que nos fuimos encontrando en la pr\u00e1ctica y los v\u00ednculos que construimos ac\u00e1, con compa\u00f1eros de trabajo que nos van a quedar para siempre\u201d, expres\u00f3.<\/p>\n<p>La flamante egresada, nacida en Santa Cruz, confirm\u00f3 adem\u00e1s que continuar\u00e1 desarrollando su profesi\u00f3n dentro del sistema sanitario provincial.\u00a0<strong>\u201cEleg\u00ed esto porque apuesto a la salud p\u00fablica\u201d<\/strong>, afirm\u00f3.<\/p>\n<figure class=\"ssi-inline-image my-3\"><img decoding=\"async\" class=\"img-fluid lazyload\" data-src=\"https:\/\/noticias.santacruz.gob.ar\/media\/ssigallery\/articulos\/26338\/inline\/20260902_HRRG_COLACI__N_RESIDENTES-16.JPG\" alt=\"Egresaron cinco profesionales que se especializaron en Neonatolog\u00eda, Salud Mental Comunitaria y Cl\u00ednica M\u00e9dica\" src=\"data:image\/svg+xml;base64,PHN2ZyB3aWR0aD0iMSIgaGVpZ2h0PSIxIiB4bWxucz0iaHR0cDovL3d3dy53My5vcmcvMjAwMC9zdmciPjwvc3ZnPg==\" \/><\/figure>\n<p>Figueroa tambi\u00e9n valor\u00f3 la residencia como una instancia que permite complementar permanentemente los conocimientos acad\u00e9micos con la experiencia cotidiana. \u201cEst\u00e1 buena la posibilidad de poder tener una pr\u00e1ctica a la misma vez que tenemos clases, porque eso hace m\u00e1s rigurosa la formaci\u00f3n\u201d, explic\u00f3.<\/p>\n<p>En ese sentido, alent\u00f3 a otros profesionales a conocer la propuesta: \u201cInvito a quienes est\u00e9n interesados a que se asesoren y se informen sobre esta residencia\u201d.<\/p>\n<h2>Reconocimiento institucional y apertura de inscripciones<\/h2>\n<p>La jornada incluy\u00f3 un homenaje especial al\u00a0<strong>Dr. Rudy Rozado Cuella<\/strong>, ex jefe del Servicio de Neonatolog\u00eda, quien concluy\u00f3 su etapa laboral para acogerse al beneficio de la jubilaci\u00f3n.<\/p>\n<p>\u201cEl doctor Rozado es una gran p\u00e9rdida que tiene este hospital porque lider\u00f3 un servicio de excelencia, no solamente ac\u00e1 en el centro de salud, sino para toda la provincia\u201d, expres\u00f3 Flores respecto al especialista.<\/p>\n<p>En paralelo con el egreso, el\u00a0<strong>Ministerio de Salud y Ambiente<\/strong>\u00a0mantiene abierta la convocatoria destinada a incorporar\u00a0<strong>nuevos profesionales a las residencias<\/strong>. Coloccini explic\u00f3 que \u201ccoincidentemente con la finalizaci\u00f3n de unos residentes, est\u00e1 el llamado a concurso y estamos tratando de incorporar residentes nuevos en las \u00e1reas donde hoy egresaron profesionales\u201d.<\/p>\n<p>Las autoridades provinciales recordaron que la inscripci\u00f3n corresponde al\u00a0<strong>Concurso Provincial de Residencias de los Equipos de Salud 2026<\/strong>, con vacantes para Cl\u00ednica M\u00e9dica, Neonatolog\u00eda y la Residencia Interdisciplinaria de Salud Mental Comunitaria.<\/p>\n<\/div>\n<\/div>\n<\/section>\n<aside class=\"ssi-block-side\">\n<aside class=\"a-gallery mt-2\">\n<div class=\"row g-3 ssigallery-frontend mt-3 row-cols-2 row-cols-sm-3 row-cols-md-3 row-cols-lg-4\">\n<div class=\"col-6 col-sm-4 col-md-4 col-lg-3 mt-0\"><a class=\"ssig-item\" href=\"https:\/\/noticias.santacruz.gob.ar\/media\/ssigallery\/articulos\/26338\/galeria\/20260902_HRRG_COLACI__N_RESIDENTES-12.JPG\" data-ssig=\"1\" data-caption=\"\" data-fancybox=\"ssigallery-article-26338\"><img decoding=\"async\" class=\"img-fluid rounded lazyload\" data-src=\"https:\/\/noticias.santacruz.gob.ar\/media\/ssigallery\/articulos\/26338\/galeria\/thumbs\/20260902_HRRG_COLACI__N_RESIDENTES-12.JPG\" alt=\"Egresaron cinco profesionales que se especializaron en Neonatolog\u00eda, Salud Mental Comunitaria y Cl\u00ednica M\u00e9dica\" src=\"data:image\/svg+xml;base64,PHN2ZyB3aWR0aD0iMSIgaGVpZ2h0PSIxIiB4bWxucz0iaHR0cDovL3d3dy53My5vcmcvMjAwMC9zdmciPjwvc3ZnPg==\" \/><\/a><\/div>\n<div class=\"col-6 col-sm-4 col-md-4 col-lg-3 mt-0\"><a class=\"ssig-item\" href=\"https:\/\/noticias.santacruz.gob.ar\/media\/ssigallery\/articulos\/26338\/galeria\/20260902_HRRG_COLACI__N_RESIDENTES-13.JPG\" data-ssig=\"1\" data-caption=\"\" data-fancybox=\"ssigallery-article-26338\"><img decoding=\"async\" class=\"img-fluid rounded lazyload\" data-src=\"https:\/\/noticias.santacruz.gob.ar\/media\/ssigallery\/articulos\/26338\/galeria\/thumbs\/20260902_HRRG_COLACI__N_RESIDENTES-13.JPG\" alt=\"Egresaron cinco profesionales que se especializaron en Neonatolog\u00eda, Salud Mental Comunitaria y Cl\u00ednica M\u00e9dica\" src=\"data:image\/svg+xml;base64,PHN2ZyB3aWR0aD0iMSIgaGVpZ2h0PSIxIiB4bWxucz0iaHR0cDovL3d3dy53My5vcmcvMjAwMC9zdmciPjwvc3ZnPg==\" \/><\/a><\/div>\n<div class=\"col-6 col-sm-4 col-md-4 col-lg-3 mt-0\"><a class=\"ssig-item\" href=\"https:\/\/noticias.santacruz.gob.ar\/media\/ssigallery\/articulos\/26338\/galeria\/20260902_HRRG_COLACI__N_RESIDENTES-15.JPG\" data-ssig=\"1\" data-caption=\"\" data-fancybox=\"ssigallery-article-26338\"><img decoding=\"async\" class=\"img-fluid rounded lazyload\" data-src=\"https:\/\/noticias.santacruz.gob.ar\/media\/ssigallery\/articulos\/26338\/galeria\/thumbs\/20260902_HRRG_COLACI__N_RESIDENTES-15.JPG\" alt=\"Egresaron cinco profesionales que se especializaron en Neonatolog\u00eda, Salud Mental Comunitaria y Cl\u00ednica M\u00e9dica\" src=\"data:image\/svg+xml;base64,PHN2ZyB3aWR0aD0iMSIgaGVpZ2h0PSIxIiB4bWxucz0iaHR0cDovL3d3dy53My5vcmcvMjAwMC9zdmciPjwvc3ZnPg==\" \/><\/a><\/div>\n<div class=\"col-6 col-sm-4 col-md-4 col-lg-3 mt-0\"><a class=\"ssig-item\" href=\"https:\/\/noticias.santacruz.gob.ar\/media\/ssigallery\/articulos\/26338\/galeria\/20260902_HRRG_COLACI__N_RESIDENTES-16.JPG\" data-ssig=\"1\" data-caption=\"\" data-fancybox=\"ssigallery-article-26338\"><img decoding=\"async\" class=\"img-fluid rounded lazyload\" data-src=\"https:\/\/noticias.santacruz.gob.ar\/media\/ssigallery\/articulos\/26338\/galeria\/thumbs\/20260902_HRRG_COLACI__N_RESIDENTES-16.JPG\" alt=\"Egresaron cinco profesionales que se especializaron en Neonatolog\u00eda, Salud Mental Comunitaria y Cl\u00ednica M\u00e9dica\" src=\"data:image\/svg+xml;base64,PHN2ZyB3aWR0aD0iMSIgaGVpZ2h0PSIxIiB4bWxucz0iaHR0cDovL3d3dy53My5vcmcvMjAwMC9zdmciPjwvc3ZnPg==\" \/><\/a><\/div>\n<div class=\"col-6 col-sm-4 col-md-4 col-lg-3 mt-0\"><a class=\"ssig-item\" href=\"https:\/\/noticias.santacruz.gob.ar\/media\/ssigallery\/articulos\/26338\/galeria\/20260902_HRRG_COLACI__N_RESIDENTES-17.JPG\" data-ssig=\"1\" data-caption=\"\" data-fancybox=\"ssigallery-article-26338\"><img decoding=\"async\" class=\"img-fluid rounded lazyload\" data-src=\"https:\/\/noticias.santacruz.gob.ar\/media\/ssigallery\/articulos\/26338\/galeria\/thumbs\/20260902_HRRG_COLACI__N_RESIDENTES-17.JPG\" alt=\"Egresaron cinco profesionales que se especializaron en Neonatolog\u00eda, Salud Mental Comunitaria y Cl\u00ednica M\u00e9dica\" src=\"data:image\/svg+xml;base64,PHN2ZyB3aWR0aD0iMSIgaGVpZ2h0PSIxIiB4bWxucz0iaHR0cDovL3d3dy53My5vcmcvMjAwMC9zdmciPjwvc3ZnPg==\" \/><\/a><\/div>\n<div class=\"col-6 col-sm-4 col-md-4 col-lg-3 mt-0\"><a class=\"ssig-item\" href=\"https:\/\/noticias.santacruz.gob.ar\/media\/ssigallery\/articulos\/26338\/galeria\/20260902_HRRG_COLACI__N_RESIDENTES-18.JPG\" data-ssig=\"1\" data-caption=\"\" data-fancybox=\"ssigallery-article-26338\"><img decoding=\"async\" class=\"img-fluid rounded lazyload\" data-src=\"https:\/\/noticias.santacruz.gob.ar\/media\/ssigallery\/articulos\/26338\/galeria\/thumbs\/20260902_HRRG_COLACI__N_RESIDENTES-18.JPG\" alt=\"Egresaron cinco profesionales que se especializaron en Neonatolog\u00eda, Salud Mental Comunitaria y Cl\u00ednica M\u00e9dica\" src=\"data:image\/svg+xml;base64,PHN2ZyB3aWR0aD0iMSIgaGVpZ2h0PSIxIiB4bWxucz0iaHR0cDovL3d3dy53My5vcmcvMjAwMC9zdmciPjwvc3ZnPg==\" \/><\/a><\/div>\n<div class=\"col-6 col-sm-4 col-md-4 col-lg-3 mt-0\"><a class=\"ssig-item\" href=\"https:\/\/noticias.santacruz.gob.ar\/media\/ssigallery\/articulos\/26338\/galeria\/20260902_HRRG_COLACI__N_RESIDENTES-19.JPG\" data-ssig=\"1\" data-caption=\"\" data-fancybox=\"ssigallery-article-26338\"><img decoding=\"async\" class=\"img-fluid rounded lazyload\" data-src=\"https:\/\/noticias.santacruz.gob.ar\/media\/ssigallery\/articulos\/26338\/galeria\/thumbs\/20260902_HRRG_COLACI__N_RESIDENTES-19.JPG\" alt=\"Egresaron cinco profesionales que se especializaron en Neonatolog\u00eda, Salud Mental Comunitaria y Cl\u00ednica M\u00e9dica\" src=\"data:image\/svg+xml;base64,PHN2ZyB3aWR0aD0iMSIgaGVpZ2h0PSIxIiB4bWxucz0iaHR0cDovL3d3dy53My5vcmcvMjAwMC9zdmciPjwvc3ZnPg==\" \/><\/a><\/div>\n<div class=\"col-6 col-sm-4 col-md-4 col-lg-3 mt-0\"><a class=\"ssig-item\" href=\"https:\/\/noticias.santacruz.gob.ar\/media\/ssigallery\/articulos\/26338\/galeria\/20260902_HRRG_COLACI__N_RESIDENTES-20.JPG\" data-ssig=\"1\" data-caption=\"\" data-fancybox=\"ssigallery-article-26338\"><img decoding=\"async\" class=\"img-fluid rounded lazyload\" data-src=\"https:\/\/noticias.santacruz.gob.ar\/media\/ssigallery\/articulos\/26338\/galeria\/thumbs\/20260902_HRRG_COLACI__N_RESIDENTES-20.JPG\" alt=\"Egresaron cinco profesionales que se especializaron en Neonatolog\u00eda, Salud Mental Comunitaria y Cl\u00ednica M\u00e9dica\" src=\"data:image\/svg+xml;base64,PHN2ZyB3aWR0aD0iMSIgaGVpZ2h0PSIxIiB4bWxucz0iaHR0cDovL3d3dy53My5vcmcvMjAwMC9zdmciPjwvc3ZnPg==\" \/><\/a><\/div>\n<div class=\"col-6 col-sm-4 col-md-4 col-lg-3 mt-0\"><a class=\"ssig-item\" href=\"https:\/\/noticias.santacruz.gob.ar\/media\/ssigallery\/articulos\/26338\/galeria\/20260902_HRRG_COLACI__N_RESIDENTES-21.JPG\" data-ssig=\"1\" data-caption=\"\" data-fancybox=\"ssigallery-article-26338\"><img decoding=\"async\" class=\"img-fluid rounded lazyload\" data-src=\"https:\/\/noticias.santacruz.gob.ar\/media\/ssigallery\/articulos\/26338\/galeria\/thumbs\/20260902_HRRG_COLACI__N_RESIDENTES-21.JPG\" alt=\"Egresaron cinco profesionales que se especializaron en Neonatolog\u00eda, Salud Mental Comunitaria y Cl\u00ednica M\u00e9dica\" src=\"data:image\/svg+xml;base64,PHN2ZyB3aWR0aD0iMSIgaGVpZ2h0PSIxIiB4bWxucz0iaHR0cDovL3d3dy53My5vcmcvMjAwMC9zdmciPjwvc3ZnPg==\" \/><\/a><\/div>\n<div class=\"col-6 col-sm-4 col-md-4 col-lg-3 mt-0\"><a class=\"ssig-item\" href=\"https:\/\/noticias.santacruz.gob.ar\/media\/ssigallery\/articulos\/26338\/galeria\/20260902_HRRG_COLACI__N_RESIDENTES-25.JPG\" data-ssig=\"1\" data-caption=\"\" data-fancybox=\"ssigallery-article-26338\"><img decoding=\"async\" class=\"img-fluid rounded lazyload\" data-src=\"https:\/\/noticias.santacruz.gob.ar\/media\/ssigallery\/articulos\/26338\/galeria\/thumbs\/20260902_HRRG_COLACI__N_RESIDENTES-25.JPG\" alt=\"Egresaron cinco profesionales que se especializaron en Neonatolog\u00eda, Salud Mental Comunitaria y Cl\u00ednica M\u00e9dica\" src=\"data:image\/svg+xml;base64,PHN2ZyB3aWR0aD0iMSIgaGVpZ2h0PSIxIiB4bWxucz0iaHR0cDovL3d3dy53My5vcmcvMjAwMC9zdmciPjwvc3ZnPg==\" \/><\/a><\/div>\n<div class=\"col-6 col-sm-4 col-md-4 col-lg-3 mt-0\"><a class=\"ssig-item\" href=\"https:\/\/noticias.santacruz.gob.ar\/media\/ssigallery\/articulos\/26338\/galeria\/20260902_HRRG_COLACI__N_RESIDENTES-26.JPG\" data-ssig=\"1\" data-caption=\"\" data-fancybox=\"ssigallery-article-26338\"><img decoding=\"async\" class=\"img-fluid rounded lazyload\" data-src=\"https:\/\/noticias.santacruz.gob.ar\/media\/ssigallery\/articulos\/26338\/galeria\/thumbs\/20260902_HRRG_COLACI__N_RESIDENTES-26.JPG\" alt=\"Egresaron cinco profesionales que se especializaron en Neonatolog\u00eda, Salud Mental Comunitaria y Cl\u00ednica M\u00e9dica\" src=\"data:image\/svg+xml;base64,PHN2ZyB3aWR0aD0iMSIgaGVpZ2h0PSIxIiB4bWxucz0iaHR0cDovL3d3dy53My5vcmcvMjAwMC9zdmciPjwvc3ZnPg==\" \/><\/a><\/div>\n<div class=\"col-6 col-sm-4 col-md-4 col-lg-3 mt-0\"><a class=\"ssig-item\" href=\"https:\/\/noticias.santacruz.gob.ar\/media\/ssigallery\/articulos\/26338\/galeria\/20260902_HRRG_COLACI__N_RESIDENTES-8.JPG\" data-ssig=\"1\" data-caption=\"\" data-fancybox=\"ssigallery-article-26338\"><img decoding=\"async\" class=\"img-fluid rounded lazyload\" data-src=\"https:\/\/noticias.santacruz.gob.ar\/media\/ssigallery\/articulos\/26338\/galeria\/thumbs\/20260902_HRRG_COLACI__N_RESIDENTES-8.JPG\" alt=\"Egresaron cinco profesionales que se especializaron en Neonatolog\u00eda, Salud Mental Comunitaria y Cl\u00ednica M\u00e9dica\" src=\"data:image\/svg+xml;base64,PHN2ZyB3aWR0aD0iMSIgaGVpZ2h0PSIxIiB4bWxucz0iaHR0cDovL3d3dy53My5vcmcvMjAwMC9zdmciPjwvc3ZnPg==\" \/><\/a><\/div>\n<\/div>\n<\/aside>\n<\/aside>\n<\/div>\n<\/div>\n","protected":false},"excerpt":{"rendered":"<p>02 de Septiembre 2026. El acto de colaci\u00f3n de los nuevos profesionales que continuar\u00e1n trabajando en el sistema de salud<\/p>\n","protected":false},"author":8,"featured_media":47870,"comment_status":"open","ping_status":"closed","sticky":false,"template":"","format":"standard","meta":{"footnotes":""},"categories":[1139],"tags":[],"class_list":["post-47869","post","type-post","status-publish","format-standard","has-post-thumbnail","hentry","category-ministerio-de-salud-y-ambiente"],"_links":{"self":[{"href":"https:\/\/ecosdelsur.com\/index.php?rest_route=\/wp\/v2\/posts\/47869","targetHints":{"allow":["GET"]}}],"collection":[{"href":"https:\/\/ecosdelsur.com\/index.php?rest_route=\/wp\/v2\/posts"}],"about":[{"href":"https:\/\/ecosdelsur.com\/index.php?rest_route=\/wp\/v2\/types\/post"}],"author":[{"embeddable":true,"href":"https:\/\/ecosdelsur.com\/index.php?rest_route=\/wp\/v2\/users\/8"}],"replies":[{"embeddable":true,"href":"https:\/\/ecosdelsur.com\/index.php?rest_route=%2Fwp%2Fv2%2Fcomments&post=47869"}],"version-history":[{"count":1,"href":"https:\/\/ecosdelsur.com\/index.php?rest_route=\/wp\/v2\/posts\/47869\/revisions"}],"predecessor-version":[{"id":47871,"href":"https:\/\/ecosdelsur.com\/index.php?rest_route=\/wp\/v2\/posts\/47869\/revisions\/47871"}],"wp:featuredmedia":[{"embeddable":true,"href":"https:\/\/ecosdelsur.com\/index.php?rest_route=\/wp\/v2\/media\/47870"}],"wp:attachment":[{"href":"https:\/\/ecosdelsur.com\/index.php?rest_route=%2Fwp%2Fv2%2Fmedia&parent=47869"}],"wp:term":[{"taxonomy":"category","embeddable":true,"href":"https:\/\/ecosdelsur.com\/index.php?rest_route=%2Fwp%2Fv2%2Fcategories&post=47869"},{"taxonomy":"post_tag","embeddable":true,"href":"https:\/\/ecosdelsur.com\/index.php?rest_route=%2Fwp%2Fv2%2Ftags&post=47869"}],"curies":[{"name":"wp","href":"https:\/\/api.w.org\/{rel}","templated":true}]}}