{"id":47866,"date":"2026-09-02T12:21:19","date_gmt":"2026-09-02T15:21:19","guid":{"rendered":"https:\/\/ecosdelsur.com\/?p=47866"},"modified":"2026-09-02T12:21:19","modified_gmt":"2026-09-02T15:21:19","slug":"hallazgo-de-guanacos-muertos-en-la-ruta-40-desde-fauna-explicaron-que-se-trata-de-un-fenomeno-natural-de-esta-epoca-del-ano","status":"publish","type":"post","link":"https:\/\/ecosdelsur.com\/?p=47866","title":{"rendered":"Hallazgo de guanacos muertos en la Ruta 40: desde Fauna explicaron que se trata de un fen\u00f3meno natural de esta \u00e9poca del a\u00f1o"},"content":{"rendered":"<p><span style=\"color: #ff0000;\">02 de Septiembre 2026. <\/span>Ante la difusi\u00f3n de im\u00e1genes sobre el hallazgo de guanacos muertos a la vera de la Ruta Nacional 40, desde la Direcci\u00f3n de Fauna del Consejo Agrario Provincial llevaron tranquilidad y explicaron que este tipo de situaciones puede presentarse de manera habitual durante esta \u00e9poca del a\u00f1o, especialmente ante la presencia de fuertes nevadas y bajas temperaturas.<\/p>\n<div class=\"redes mb-3\">\n<div class=\"d-flex flex-wrap justify-content-between align-items-center gap-3 my-2 mx-1\">\n<p>La directora de Fauna,\u00a0<strong>Luc\u00eda Fern\u00e1ndez<\/strong>, se\u00f1al\u00f3 que el hallazgo de ejemplares muertos \u201ces un evento posible de encontrar\u201d durante el invierno y explic\u00f3 que las condiciones clim\u00e1ticas constituyen uno de los factores naturales que intervienen en la regulaci\u00f3n de las poblaciones de guanacos.<\/p>\n<blockquote class=\"ssi-editorial-block ssi-quote ssi-quote-featured\"><p>\u201cLas fuertes nevadas y las bajas temperaturas son uno de los factores que regulan estas poblaciones. Es un evento que es posible encontrar\u201d, explic\u00f3 Fern\u00e1ndez.<\/p><\/blockquote>\n<p>En este sentido, remarc\u00f3 la necesidad de comprender estos episodios desde una perspectiva ambiental integral. \u201cEs importante entender al ambiente como un conjunto de factores que act\u00faan en conjunto y que tienen una din\u00e1mica natural. No solamente hay que ver la fauna, sino poder observar el ambiente en todo su contexto\u201d, sostuvo.<\/p>\n<h2>Una din\u00e1mica natural de las poblaciones<\/h2>\n<p>Desde el \u00e1rea de Fauna explicaron que, puntualmente\u00a0<strong>en el caso de los guanacos, la mortalidad natural forma parte de la din\u00e1mica de las poblaciones silvestres<\/strong>\u00a0y puede observarse con mayor frecuencia durante per\u00edodos de condiciones clim\u00e1ticas adversas.<\/p>\n<p>Fern\u00e1ndez destac\u00f3 que este proceso debe ser comprendido dentro del funcionamiento propio del ecosistema y aclar\u00f3 que el hallazgo registrado \u201cno constituye, por s\u00ed mismo, un hecho alarmante o preocupante\u201d.<\/p>\n<blockquote class=\"ssi-editorial-block ssi-quote ssi-quote-featured\"><p>\u201cEs normal que en este tipo de condiciones clim\u00e1ticas y en esta \u00e9poca del a\u00f1o surjan este tipo de hallazgos, porque es una manera natural en la que se manejan las poblaciones de guanacos\u201d, afirm\u00f3.<\/p><\/blockquote>\n<figure class=\"ssi-inline-image my-3\"><img decoding=\"async\" class=\"img-fluid lazyload\" data-src=\"https:\/\/noticias.santacruz.gob.ar\/media\/ssigallery\/articulos\/26337\/inline\/20260902_CAP_LUCIA_FERNANDEZ-5.JPG\" alt=\"Hallazgo de guanacos muertos en la Ruta 40: desde Fauna explicaron que se trata de un fen\u00f3meno natural de esta \u00e9poca del a\u00f1o\" src=\"data:image\/svg+xml;base64,PHN2ZyB3aWR0aD0iMSIgaGVpZ2h0PSIxIiB4bWxucz0iaHR0cDovL3d3dy53My5vcmcvMjAwMC9zdmciPjwvc3ZnPg==\" \/><\/figure>\n<h2>Monitoreo y manejo sustentable<\/h2>\n<p>La directora de Fauna record\u00f3 adem\u00e1s que en Santa Cruz se encuentra vigente el **Plan de Manejo de Guanaco**, orientado al aprovechamiento sustentable y al manejo de las poblaciones silvestres.<\/p>\n<p>En este marco, la provincia lleva adelante controles y relevamientos tanto a nivel predial como provincial, con el objetivo de contar con informaci\u00f3n sobre el estado y la din\u00e1mica de las poblaciones de guanacos.<\/p>\n<p>Finalmente, Fern\u00e1ndez insisti\u00f3 en la importancia de evitar interpretaciones aisladas a partir de una imagen o un hallazgo puntual y llam\u00f3 a incorporar una mirada integral sobre el ambiente.<\/p>\n<p><strong>\u201cEl ambiente tiene un conjunto de factores: no solamente es la fauna, tambi\u00e9n est\u00e1n la flora, el relieve, el clima y el suelo. Todos estos factores interact\u00faan entre s\u00ed, son din\u00e1micos, y es importante entender c\u00f3mo interact\u00faan para mantenerse en equilibrio\u201d,<\/strong>\u00a0concluy\u00f3.<\/p>\n<\/div>\n<\/div>\n","protected":false},"excerpt":{"rendered":"<p>02 de Septiembre 2026. Ante la difusi\u00f3n de im\u00e1genes sobre el hallazgo de guanacos muertos a la vera de la<\/p>\n","protected":false},"author":8,"featured_media":47867,"comment_status":"open","ping_status":"closed","sticky":false,"template":"","format":"standard","meta":{"footnotes":""},"categories":[1179],"tags":[],"class_list":["post-47866","post","type-post","status-publish","format-standard","has-post-thumbnail","hentry","category-consejo-agrario-provincial"],"_links":{"self":[{"href":"https:\/\/ecosdelsur.com\/index.php?rest_route=\/wp\/v2\/posts\/47866","targetHints":{"allow":["GET"]}}],"collection":[{"href":"https:\/\/ecosdelsur.com\/index.php?rest_route=\/wp\/v2\/posts"}],"about":[{"href":"https:\/\/ecosdelsur.com\/index.php?rest_route=\/wp\/v2\/types\/post"}],"author":[{"embeddable":true,"href":"https:\/\/ecosdelsur.com\/index.php?rest_route=\/wp\/v2\/users\/8"}],"replies":[{"embeddable":true,"href":"https:\/\/ecosdelsur.com\/index.php?rest_route=%2Fwp%2Fv2%2Fcomments&post=47866"}],"version-history":[{"count":1,"href":"https:\/\/ecosdelsur.com\/index.php?rest_route=\/wp\/v2\/posts\/47866\/revisions"}],"predecessor-version":[{"id":47868,"href":"https:\/\/ecosdelsur.com\/index.php?rest_route=\/wp\/v2\/posts\/47866\/revisions\/47868"}],"wp:featuredmedia":[{"embeddable":true,"href":"https:\/\/ecosdelsur.com\/index.php?rest_route=\/wp\/v2\/media\/47867"}],"wp:attachment":[{"href":"https:\/\/ecosdelsur.com\/index.php?rest_route=%2Fwp%2Fv2%2Fmedia&parent=47866"}],"wp:term":[{"taxonomy":"category","embeddable":true,"href":"https:\/\/ecosdelsur.com\/index.php?rest_route=%2Fwp%2Fv2%2Fcategories&post=47866"},{"taxonomy":"post_tag","embeddable":true,"href":"https:\/\/ecosdelsur.com\/index.php?rest_route=%2Fwp%2Fv2%2Ftags&post=47866"}],"curies":[{"name":"wp","href":"https:\/\/api.w.org\/{rel}","templated":true}]}}