{"id":47863,"date":"2026-09-02T12:19:16","date_gmt":"2026-09-02T15:19:16","guid":{"rendered":"https:\/\/ecosdelsur.com\/?p=47863"},"modified":"2026-09-02T12:19:16","modified_gmt":"2026-09-02T15:19:16","slug":"servicios-publicos-continua-con-la-colocacion-de-luminarias-led","status":"publish","type":"post","link":"https:\/\/ecosdelsur.com\/?p=47863","title":{"rendered":"Servicios P\u00fablicos contin\u00faa con la colocaci\u00f3n de luminarias LED"},"content":{"rendered":"<p><span style=\"color: #ff0000;\">02 de Septiembre 2026. <\/span>Servicios P\u00fablicos Sociedad del Estado (SPSE) contin\u00faa avanzando con la colocaci\u00f3n y renovaci\u00f3n de luminarias LED en distintas localidades de la provincia de Santa Cruz, con el objetivo de mejorar el alumbrado p\u00fablico y brindar mayor seguridad y calidad en los espacios urbanos.<\/p>\n<div class=\"redes mb-3\">\n<div class=\"d-flex flex-wrap justify-content-between align-items-center gap-3 my-2 mx-1\">\n<div id=\"t4-main-body\" class=\"t4-section  t4-main-body  pt-5\">\n<div class=\"t4-section-inner container\">\n<div class=\"t4-row row\">\n<div class=\"t4-col component col-sm\">\n<div class=\"container mb-5 px-0 article-ssiformui\" role=\"main\">\n<div class=\"ssi-clearfix\">\n<div class=\"ssi-content\">\n<section class=\"ssi-block-main mb-5\">\n<div class=\"mb-2\">\n<div class=\"article-full\">\n<p>Puerto Santa Cruz: hasta el momento, se colocaron 107 luminarias, alcanzando aproximadamente 3.350 metros de alumbrado p\u00fablico en sectores como la Costanera, Plaza Magallanes y sus alrededores. Asimismo, se contin\u00faa trabajando en la atenci\u00f3n de reclamos de usuarios correspondientes a distintos puntos de la localidad.<\/p>\n<figure class=\"ssi-inline-image my-3\"><img decoding=\"async\" class=\"img-fluid lazyload\" data-src=\"https:\/\/noticias.santacruz.gob.ar\/media\/ssigallery\/articulos\/26336\/inline\/Pto_santa_cruz.jpg\" alt=\"Servicios P\u00fablicos contin\u00faa con la colocaci\u00f3n de luminarias LED\" src=\"data:image\/svg+xml;base64,PHN2ZyB3aWR0aD0iMSIgaGVpZ2h0PSIxIiB4bWxucz0iaHR0cDovL3d3dy53My5vcmcvMjAwMC9zdmciPjwvc3ZnPg==\" \/><\/figure>\n<p><strong>Comandante Luis Piedra Buena<\/strong>: se realiz\u00f3 la colocaci\u00f3n de 20 luminarias LED en el barrio Jos\u00e9 Obrero, contribuyendo al mejoramiento del alumbrado p\u00fablico del sector.<\/p>\n<p><strong>28 de Noviembre<\/strong>: contin\u00faa la colocaci\u00f3n de luminarias sobre la Ruta Complementaria N.\u00ba 20, avanzando con el fortalecimiento del sistema de alumbrado en distintos sectores de la localidad.<\/p>\n<figure class=\"ssi-inline-image my-3\"><img decoding=\"async\" class=\"img-fluid lazyload\" data-src=\"https:\/\/noticias.santacruz.gob.ar\/media\/ssigallery\/articulos\/26336\/inline\/Pto_santa_cruz_2.jpg\" alt=\"Servicios P\u00fablicos contin\u00faa con la colocaci\u00f3n de luminarias LED\" src=\"data:image\/svg+xml;base64,PHN2ZyB3aWR0aD0iMSIgaGVpZ2h0PSIxIiB4bWxucz0iaHR0cDovL3d3dy53My5vcmcvMjAwMC9zdmciPjwvc3ZnPg==\" \/><\/figure>\n<p>Desde SPSE se contin\u00faa trabajando en diferentes puntos de la provincia para ampliar y mejorar el alumbrado p\u00fablico, atendiendo las necesidades de cada comunidad<\/p>\n<\/div>\n<\/div>\n<\/section>\n<footer class=\"ssi-block-tags\"><\/footer>\n<aside class=\"ssi-block-side\"><\/aside>\n<\/div>\n<\/div>\n<\/div>\n<\/div>\n<\/div>\n<\/div>\n<\/div>\n<div id=\"t4-footnav\" class=\"t4-section  t4-footnav  pt-3  t4-palette-footnav\">\n<div class=\"t4-section-inner container\">\n<div id=\"Mod120\" class=\"t4-module module \">\n<div class=\"module-inner\">\n<div class=\"module-ct\">\n<div class=\"custom\">\n<div id=\"Pie\" class=\"container\">\n<div class=\"row\">\n<div class=\"col-12 col-md-4\">\n<p>Contactos<\/p>\n<p><a href=\"mailto:secretariapym@gmail.com\">Administraci\u00f3n<\/a><a href=\"mailto:registrocontrolypauta@gmail.com\">Registro y Control<\/a><a href=\"mailto:difusionsantacruz@gmail.com\">Contenidos<\/a><a href=\"mailto:produccionycontenidos.coord@gmail.com\">Coordinaci\u00f3n<\/a><a href=\"mailto:ganarlealfuturovideo@gmail.com\">Audiovisuales<\/a><a href=\"mailto:imagengobierno.sc@gmail.com\">Arte y Dise\u00f1o<\/a><a href=\"mailto:campanasintegralessc@gmail.com\">Campa\u00f1as Integrales<\/a><\/div>\n<div class=\"col-12 col-md-4\">\n<p>Medios P\u00fablicos<\/p>\n<\/div>\n<\/div>\n<\/div>\n<\/div>\n<\/div>\n<\/div>\n<\/div>\n<\/div>\n<\/div>\n<\/div>\n<\/div>\n","protected":false},"excerpt":{"rendered":"<p>02 de Septiembre 2026. Servicios P\u00fablicos Sociedad del Estado (SPSE) contin\u00faa avanzando con la colocaci\u00f3n y renovaci\u00f3n de luminarias LED<\/p>\n","protected":false},"author":8,"featured_media":47864,"comment_status":"open","ping_status":"closed","sticky":false,"template":"","format":"standard","meta":{"footnotes":""},"categories":[1111],"tags":[],"class_list":["post-47863","post","type-post","status-publish","format-standard","has-post-thumbnail","hentry","category-servicios-publicos"],"_links":{"self":[{"href":"https:\/\/ecosdelsur.com\/index.php?rest_route=\/wp\/v2\/posts\/47863","targetHints":{"allow":["GET"]}}],"collection":[{"href":"https:\/\/ecosdelsur.com\/index.php?rest_route=\/wp\/v2\/posts"}],"about":[{"href":"https:\/\/ecosdelsur.com\/index.php?rest_route=\/wp\/v2\/types\/post"}],"author":[{"embeddable":true,"href":"https:\/\/ecosdelsur.com\/index.php?rest_route=\/wp\/v2\/users\/8"}],"replies":[{"embeddable":true,"href":"https:\/\/ecosdelsur.com\/index.php?rest_route=%2Fwp%2Fv2%2Fcomments&post=47863"}],"version-history":[{"count":1,"href":"https:\/\/ecosdelsur.com\/index.php?rest_route=\/wp\/v2\/posts\/47863\/revisions"}],"predecessor-version":[{"id":47865,"href":"https:\/\/ecosdelsur.com\/index.php?rest_route=\/wp\/v2\/posts\/47863\/revisions\/47865"}],"wp:featuredmedia":[{"embeddable":true,"href":"https:\/\/ecosdelsur.com\/index.php?rest_route=\/wp\/v2\/media\/47864"}],"wp:attachment":[{"href":"https:\/\/ecosdelsur.com\/index.php?rest_route=%2Fwp%2Fv2%2Fmedia&parent=47863"}],"wp:term":[{"taxonomy":"category","embeddable":true,"href":"https:\/\/ecosdelsur.com\/index.php?rest_route=%2Fwp%2Fv2%2Fcategories&post=47863"},{"taxonomy":"post_tag","embeddable":true,"href":"https:\/\/ecosdelsur.com\/index.php?rest_route=%2Fwp%2Fv2%2Ftags&post=47863"}],"curies":[{"name":"wp","href":"https:\/\/api.w.org\/{rel}","templated":true}]}}