{"id":47860,"date":"2026-09-02T10:17:18","date_gmt":"2026-09-02T13:17:18","guid":{"rendered":"https:\/\/ecosdelsur.com\/?p=47860"},"modified":"2026-09-02T10:17:18","modified_gmt":"2026-09-02T13:17:18","slug":"mas-controles-en-las-rutas-vialidad-provincial-incorporo-dos-nuevas-basculas-moviles","status":"publish","type":"post","link":"https:\/\/ecosdelsur.com\/?p=47860","title":{"rendered":"M\u00e1s controles en las rutas: Vialidad Provincial incorpor\u00f3 dos nuevas b\u00e1sculas m\u00f3viles"},"content":{"rendered":"<p><span style=\"color: #ff0000;\">02 de Septiembre 2026. <\/span>La Administraci\u00f3n General de Vialidad Provincial, a trav\u00e9s de la Direcci\u00f3n de Control de Cargas, Pesos y Dimensiones, reforz\u00f3 los operativos de control en distintos puntos de las rutas santacruce\u00f1as con la incorporaci\u00f3n de nuevo equipamiento homologado.<\/p>\n<div class=\"redes mb-3\">\n<div class=\"d-flex flex-wrap justify-content-between align-items-center gap-3 my-2 mx-1\">\n<section class=\"ssi-block-main mb-5\">\n<div class=\"mb-2\">\n<div class=\"article-full\">\n<p>Los agentes de la Direcci\u00f3n de Control de Cargas, Pesos y Dimensiones llevan adelante controles de pesaje y dimensiones en distintos puntos de las rutas provinciales.<\/p>\n<p>Los operativos se desarrollan en el\u00a0<strong>paraje La Esperanza, sobre la Ruta Provincial N.\u00ba 5<\/strong>, y en\u00a0<strong>Koluel Kaike, sobre las Rutas Provinciales N.\u00ba 43 y N.\u00ba 12<\/strong>, con el objetivo de verificar el cumplimiento de la normativa vigente y contribuir a la preservaci\u00f3n de la infraestructura vial.<\/p>\n<figure class=\"ssi-inline-image my-3\"><img decoding=\"async\" class=\"img-fluid lazyload\" data-src=\"https:\/\/noticias.santacruz.gob.ar\/media\/ssigallery\/articulos\/26334\/inline\/IMG-20260901-WA0042.jpg\" alt=\"M\u00e1s controles en las rutas: Vialidad Provincial incorpor\u00f3 dos nuevas b\u00e1sculas m\u00f3viles\" src=\"data:image\/svg+xml;base64,PHN2ZyB3aWR0aD0iMSIgaGVpZ2h0PSIxIiB4bWxucz0iaHR0cDovL3d3dy53My5vcmcvMjAwMC9zdmciPjwvc3ZnPg==\" \/><\/figure>\n<p>Para fortalecer estas tareas, se incorporaron\u00a0<strong>dos nuevas b\u00e1sculas m\u00f3viles<\/strong>, equipamiento homologado adquirido y gestionado a trav\u00e9s de Presidencia y la Jefatura de Conservaci\u00f3n de Vialidad Provincial.<\/p>\n<p>La incorporaci\u00f3n de estas herramientas permitir\u00e1 brindar mayor apoyo a las tareas operativas de la Direcci\u00f3n y ampliar la capacidad de control en distintos sectores del territorio provincial.<\/p>\n<figure class=\"ssi-inline-image my-3\"><img decoding=\"async\" class=\"img-fluid lazyload\" data-src=\"https:\/\/noticias.santacruz.gob.ar\/media\/ssigallery\/articulos\/26334\/inline\/IMG-20260901-WA0038.jpg\" alt=\"M\u00e1s controles en las rutas: Vialidad Provincial incorpor\u00f3 dos nuevas b\u00e1sculas m\u00f3viles\" src=\"data:image\/svg+xml;base64,PHN2ZyB3aWR0aD0iMSIgaGVpZ2h0PSIxIiB4bWxucz0iaHR0cDovL3d3dy53My5vcmcvMjAwMC9zdmciPjwvc3ZnPg==\" \/><\/figure>\n<h2>Preservar las rutas y fortalecer la seguridad vial<\/h2>\n<p>Los controles permiten verificar que los veh\u00edculos de transporte circulen dentro de los par\u00e1metros establecidos en materia de peso y dimensiones, contribuyendo al cuidado de las rutas y a una circulaci\u00f3n m\u00e1s segura.<\/p>\n<p>Desde Vialidad Provincial se solicita a quienes transiten por los sectores donde se desarrollan los operativos\u00a0<strong>circular con precauci\u00f3n y respetar las indicaciones de los agentes encargados de los controles<\/strong>.<\/p>\n<figure class=\"ssi-inline-image my-3\"><img decoding=\"async\" class=\"img-fluid lazyload\" data-src=\"https:\/\/noticias.santacruz.gob.ar\/media\/ssigallery\/articulos\/26334\/inline\/IMG-20260829-WA0029.jpg\" alt=\"M\u00e1s controles en las rutas: Vialidad Provincial incorpor\u00f3 dos nuevas b\u00e1sculas m\u00f3viles\" src=\"data:image\/svg+xml;base64,PHN2ZyB3aWR0aD0iMSIgaGVpZ2h0PSIxIiB4bWxucz0iaHR0cDovL3d3dy53My5vcmcvMjAwMC9zdmciPjwvc3ZnPg==\" \/><\/figure>\n<p>La Administraci\u00f3n General de Vialidad Provincial, bajo la conducci\u00f3n de su presidente\u00a0<strong>Julio Bujer<\/strong>, contin\u00faa incorporando herramientas y fortaleciendo los controles en el marco de la gesti\u00f3n del gobernador\u00a0<strong>Claudio Vidal<\/strong>, con el objetivo de preservar la infraestructura vial y mejorar las condiciones de seguridad en las rutas de Santa Cruz.<\/p>\n<\/div>\n<\/div>\n<\/section>\n<aside class=\"ssi-block-side\">\n<aside class=\"a-gallery mt-2\">\n<div class=\"row g-3 ssigallery-frontend mt-3 row-cols-2 row-cols-sm-3 row-cols-md-3 row-cols-lg-4\">\n<div class=\"col-6 col-sm-4 col-md-4 col-lg-3 mt-0\"><a class=\"ssig-item\" href=\"https:\/\/noticias.santacruz.gob.ar\/media\/ssigallery\/articulos\/26334\/galeria\/IMG-20260829-WA0028.jpg\" data-ssig=\"1\" data-caption=\"\" data-fancybox=\"ssigallery-article-26334\"><img decoding=\"async\" class=\"img-fluid rounded lazyload\" data-src=\"https:\/\/noticias.santacruz.gob.ar\/media\/ssigallery\/articulos\/26334\/galeria\/thumbs\/IMG-20260829-WA0028.jpg\" alt=\"M\u00e1s controles en las rutas: Vialidad Provincial incorpor\u00f3 dos nuevas b\u00e1sculas m\u00f3viles\" src=\"data:image\/svg+xml;base64,PHN2ZyB3aWR0aD0iMSIgaGVpZ2h0PSIxIiB4bWxucz0iaHR0cDovL3d3dy53My5vcmcvMjAwMC9zdmciPjwvc3ZnPg==\" \/><\/a><\/div>\n<div class=\"col-6 col-sm-4 col-md-4 col-lg-3 mt-0\"><a class=\"ssig-item\" href=\"https:\/\/noticias.santacruz.gob.ar\/media\/ssigallery\/articulos\/26334\/galeria\/IMG-20260829-WA0029.jpg\" data-ssig=\"1\" data-caption=\"\" data-fancybox=\"ssigallery-article-26334\"><img decoding=\"async\" class=\"img-fluid rounded lazyload\" data-src=\"https:\/\/noticias.santacruz.gob.ar\/media\/ssigallery\/articulos\/26334\/galeria\/thumbs\/IMG-20260829-WA0029.jpg\" alt=\"M\u00e1s controles en las rutas: Vialidad Provincial incorpor\u00f3 dos nuevas b\u00e1sculas m\u00f3viles\" src=\"data:image\/svg+xml;base64,PHN2ZyB3aWR0aD0iMSIgaGVpZ2h0PSIxIiB4bWxucz0iaHR0cDovL3d3dy53My5vcmcvMjAwMC9zdmciPjwvc3ZnPg==\" \/><\/a><\/div>\n<div class=\"col-6 col-sm-4 col-md-4 col-lg-3 mt-0\"><a class=\"ssig-item\" href=\"https:\/\/noticias.santacruz.gob.ar\/media\/ssigallery\/articulos\/26334\/galeria\/IMG-20260829-WA0030.jpg\" data-ssig=\"1\" data-caption=\"\" data-fancybox=\"ssigallery-article-26334\"><img decoding=\"async\" class=\"img-fluid rounded lazyload\" data-src=\"https:\/\/noticias.santacruz.gob.ar\/media\/ssigallery\/articulos\/26334\/galeria\/thumbs\/IMG-20260829-WA0030.jpg\" alt=\"M\u00e1s controles en las rutas: Vialidad Provincial incorpor\u00f3 dos nuevas b\u00e1sculas m\u00f3viles\" src=\"data:image\/svg+xml;base64,PHN2ZyB3aWR0aD0iMSIgaGVpZ2h0PSIxIiB4bWxucz0iaHR0cDovL3d3dy53My5vcmcvMjAwMC9zdmciPjwvc3ZnPg==\" \/><\/a><\/div>\n<div class=\"col-6 col-sm-4 col-md-4 col-lg-3 mt-0\"><a class=\"ssig-item\" href=\"https:\/\/noticias.santacruz.gob.ar\/media\/ssigallery\/articulos\/26334\/galeria\/IMG-20260829-WA0031.jpg\" data-ssig=\"1\" data-caption=\"\" data-fancybox=\"ssigallery-article-26334\"><img decoding=\"async\" class=\"img-fluid rounded lazyload\" data-src=\"https:\/\/noticias.santacruz.gob.ar\/media\/ssigallery\/articulos\/26334\/galeria\/thumbs\/IMG-20260829-WA0031.jpg\" alt=\"M\u00e1s controles en las rutas: Vialidad Provincial incorpor\u00f3 dos nuevas b\u00e1sculas m\u00f3viles\" src=\"data:image\/svg+xml;base64,PHN2ZyB3aWR0aD0iMSIgaGVpZ2h0PSIxIiB4bWxucz0iaHR0cDovL3d3dy53My5vcmcvMjAwMC9zdmciPjwvc3ZnPg==\" \/><\/a><\/div>\n<div class=\"col-6 col-sm-4 col-md-4 col-lg-3 mt-0\"><a class=\"ssig-item\" href=\"https:\/\/noticias.santacruz.gob.ar\/media\/ssigallery\/articulos\/26334\/galeria\/IMG-20260901-WA0038.jpg\" data-ssig=\"1\" data-caption=\"\" data-fancybox=\"ssigallery-article-26334\"><img decoding=\"async\" class=\"img-fluid rounded lazyload\" data-src=\"https:\/\/noticias.santacruz.gob.ar\/media\/ssigallery\/articulos\/26334\/galeria\/thumbs\/IMG-20260901-WA0038.jpg\" alt=\"M\u00e1s controles en las rutas: Vialidad Provincial incorpor\u00f3 dos nuevas b\u00e1sculas m\u00f3viles\" src=\"data:image\/svg+xml;base64,PHN2ZyB3aWR0aD0iMSIgaGVpZ2h0PSIxIiB4bWxucz0iaHR0cDovL3d3dy53My5vcmcvMjAwMC9zdmciPjwvc3ZnPg==\" \/><\/a><\/div>\n<div class=\"col-6 col-sm-4 col-md-4 col-lg-3 mt-0\"><a class=\"ssig-item\" href=\"https:\/\/noticias.santacruz.gob.ar\/media\/ssigallery\/articulos\/26334\/galeria\/IMG-20260901-WA0042.jpg\" data-ssig=\"1\" data-caption=\"\" data-fancybox=\"ssigallery-article-26334\"><img decoding=\"async\" class=\"img-fluid rounded lazyload\" data-src=\"https:\/\/noticias.santacruz.gob.ar\/media\/ssigallery\/articulos\/26334\/galeria\/thumbs\/IMG-20260901-WA0042.jpg\" alt=\"M\u00e1s controles en las rutas: Vialidad Provincial incorpor\u00f3 dos nuevas b\u00e1sculas m\u00f3viles\" src=\"data:image\/svg+xml;base64,PHN2ZyB3aWR0aD0iMSIgaGVpZ2h0PSIxIiB4bWxucz0iaHR0cDovL3d3dy53My5vcmcvMjAwMC9zdmciPjwvc3ZnPg==\" \/><\/a><\/div>\n<div class=\"col-6 col-sm-4 col-md-4 col-lg-3 mt-0\"><a class=\"ssig-item\" href=\"https:\/\/noticias.santacruz.gob.ar\/media\/ssigallery\/articulos\/26334\/galeria\/IMG-20260901-WA0043.jpg\" data-ssig=\"1\" data-caption=\"\" data-fancybox=\"ssigallery-article-26334\"><img decoding=\"async\" class=\"img-fluid rounded lazyload\" data-src=\"https:\/\/noticias.santacruz.gob.ar\/media\/ssigallery\/articulos\/26334\/galeria\/thumbs\/IMG-20260901-WA0043.jpg\" alt=\"M\u00e1s controles en las rutas: Vialidad Provincial incorpor\u00f3 dos nuevas b\u00e1sculas m\u00f3viles\" src=\"data:image\/svg+xml;base64,PHN2ZyB3aWR0aD0iMSIgaGVpZ2h0PSIxIiB4bWxucz0iaHR0cDovL3d3dy53My5vcmcvMjAwMC9zdmciPjwvc3ZnPg==\" \/><\/a><\/div>\n<div class=\"col-6 col-sm-4 col-md-4 col-lg-3 mt-0\"><a class=\"ssig-item\" href=\"https:\/\/noticias.santacruz.gob.ar\/media\/ssigallery\/articulos\/26334\/galeria\/IMG-20260901-WA0044.jpg\" data-ssig=\"1\" data-caption=\"\" data-fancybox=\"ssigallery-article-26334\"><img decoding=\"async\" class=\"img-fluid rounded lazyload\" data-src=\"https:\/\/noticias.santacruz.gob.ar\/media\/ssigallery\/articulos\/26334\/galeria\/thumbs\/IMG-20260901-WA0044.jpg\" alt=\"M\u00e1s controles en las rutas: Vialidad Provincial incorpor\u00f3 dos nuevas b\u00e1sculas m\u00f3viles\" src=\"data:image\/svg+xml;base64,PHN2ZyB3aWR0aD0iMSIgaGVpZ2h0PSIxIiB4bWxucz0iaHR0cDovL3d3dy53My5vcmcvMjAwMC9zdmciPjwvc3ZnPg==\" \/><\/a><\/div>\n<\/div>\n<\/aside>\n<\/aside>\n<\/div>\n<\/div>\n","protected":false},"excerpt":{"rendered":"<p>02 de Septiembre 2026. La Administraci\u00f3n General de Vialidad Provincial, a trav\u00e9s de la Direcci\u00f3n de Control de Cargas, Pesos<\/p>\n","protected":false},"author":8,"featured_media":47861,"comment_status":"open","ping_status":"closed","sticky":false,"template":"","format":"standard","meta":{"footnotes":""},"categories":[1173],"tags":[],"class_list":["post-47860","post","type-post","status-publish","format-standard","has-post-thumbnail","hentry","category-vialidad-provincial"],"_links":{"self":[{"href":"https:\/\/ecosdelsur.com\/index.php?rest_route=\/wp\/v2\/posts\/47860","targetHints":{"allow":["GET"]}}],"collection":[{"href":"https:\/\/ecosdelsur.com\/index.php?rest_route=\/wp\/v2\/posts"}],"about":[{"href":"https:\/\/ecosdelsur.com\/index.php?rest_route=\/wp\/v2\/types\/post"}],"author":[{"embeddable":true,"href":"https:\/\/ecosdelsur.com\/index.php?rest_route=\/wp\/v2\/users\/8"}],"replies":[{"embeddable":true,"href":"https:\/\/ecosdelsur.com\/index.php?rest_route=%2Fwp%2Fv2%2Fcomments&post=47860"}],"version-history":[{"count":1,"href":"https:\/\/ecosdelsur.com\/index.php?rest_route=\/wp\/v2\/posts\/47860\/revisions"}],"predecessor-version":[{"id":47862,"href":"https:\/\/ecosdelsur.com\/index.php?rest_route=\/wp\/v2\/posts\/47860\/revisions\/47862"}],"wp:featuredmedia":[{"embeddable":true,"href":"https:\/\/ecosdelsur.com\/index.php?rest_route=\/wp\/v2\/media\/47861"}],"wp:attachment":[{"href":"https:\/\/ecosdelsur.com\/index.php?rest_route=%2Fwp%2Fv2%2Fmedia&parent=47860"}],"wp:term":[{"taxonomy":"category","embeddable":true,"href":"https:\/\/ecosdelsur.com\/index.php?rest_route=%2Fwp%2Fv2%2Fcategories&post=47860"},{"taxonomy":"post_tag","embeddable":true,"href":"https:\/\/ecosdelsur.com\/index.php?rest_route=%2Fwp%2Fv2%2Ftags&post=47860"}],"curies":[{"name":"wp","href":"https:\/\/api.w.org\/{rel}","templated":true}]}}