{"id":47857,"date":"2026-09-02T10:13:56","date_gmt":"2026-09-02T13:13:56","guid":{"rendered":"https:\/\/ecosdelsur.com\/?p=47857"},"modified":"2026-09-02T10:13:56","modified_gmt":"2026-09-02T13:13:56","slug":"tras-21-anos-de-espera-lorena-munoz-cumplio-el-sueno-de-la-casa-propia-en-rio-gallegos","status":"publish","type":"post","link":"https:\/\/ecosdelsur.com\/?p=47857","title":{"rendered":"Tras 21 a\u00f1os de espera, Lorena Mu\u00f1oz cumpli\u00f3 el sue\u00f1o de la casa propia en R\u00edo Gallegos"},"content":{"rendered":"<p><span style=\"color: #ff0000;\">02 de Septiembre 2026. <\/span>La emoci\u00f3n de recibir las llaves de su vivienda puso rostro a una historia de a\u00f1os de espera, alquileres y mudanzas. La nueva casa representa para Lorena y su familia el comienzo de una nueva etapa.<\/p>\n<div class=\"redes mb-3\">\n<div class=\"d-flex flex-wrap justify-content-between align-items-center gap-3 my-2 mx-1\">\n<p>El Gobierno de Santa Cruz, a trav\u00e9s del Instituto de Desarrollo Urbano y Vivienda (IDUV), concret\u00f3 el pasado jueves 27 de agosto una nueva entrega de viviendas en R\u00edo Gallegos, en el marco de la finalizaci\u00f3n de 56 unidades habitacionales destinadas a familias de la capital provincial.<\/p>\n<figure class=\"ssi-inline-image my-3\"><img decoding=\"async\" class=\"img-fluid lazyload\" data-src=\"https:\/\/noticias.santacruz.gob.ar\/media\/ssigallery\/articulos\/26333\/inline\/20260827_56_VIVIENDAS_ENTREGAS__16_.jpg\" alt=\"Tras 21 a\u00f1os de espera, Lorena Mu\u00f1oz cumpli\u00f3 el sue\u00f1o de la casa propia en R\u00edo Gallegos\" src=\"data:image\/svg+xml;base64,PHN2ZyB3aWR0aD0iMSIgaGVpZ2h0PSIxIiB4bWxucz0iaHR0cDovL3d3dy53My5vcmcvMjAwMC9zdmciPjwvc3ZnPg==\" \/><\/figure>\n<p>En esta oportunidad, el gobernador\u00a0<strong>Claudio Vidal<\/strong>, acompa\u00f1ado por el presidente del IDUV,\u00a0<strong>Marcelo De La Torre<\/strong>, hizo entrega de las llaves de una vivienda de dos dormitorios ubicada en la Manzana 1503, Parcela 12, correspondiente a los sectores 5 y 6, a la familia de\u00a0<strong>Lorena de Lourdes Mu\u00f1oz<\/strong>.<\/p>\n<figure class=\"ssi-inline-image my-3\"><img decoding=\"async\" class=\"img-fluid lazyload\" data-src=\"https:\/\/noticias.santacruz.gob.ar\/media\/ssigallery\/articulos\/26333\/inline\/20260827_56_VIVIENDAS_ENTREGAS__14_.jpg\" alt=\"El gobernador Claudio Vidal entreg\u00f3 la llave de su vivienda a Lorena Mu\u00f1oz.\" src=\"data:image\/svg+xml;base64,PHN2ZyB3aWR0aD0iMSIgaGVpZ2h0PSIxIiB4bWxucz0iaHR0cDovL3d3dy53My5vcmcvMjAwMC9zdmciPjwvc3ZnPg==\" \/><figcaption class=\"small text-muted mt-1\">El gobernador Claudio Vidal entreg\u00f3 la llave de su vivienda a Lorena Mu\u00f1oz.<\/figcaption><\/figure>\n<p>Lorena estaba inscripta en el registro habitacional desde el a\u00f1o 2005. Despu\u00e9s de\u00a0<strong>21 a\u00f1os de espera<\/strong>, finalmente pudo ingresar a su casa propia, dejando atr\u00e1s una historia marcada por el alquiler y las constantes mudanzas junto a su familia.<\/p>\n<p>La vivienda fue adjudicada mediante sorteo y cuenta con dos dormitorios, fue construida mediante sistema tradicional de ladrillo y materiales de primera calidad, y forma parte de las 56 unidades habitacionales que fueron finalizadas en R\u00edo Gallegos.<\/p>\n<h3>\u201cNo esperaba que saliera mi n\u00famero\u201d<\/h3>\n<p>La historia de Lorena comenz\u00f3 a cambiar el d\u00eda del sorteo. Junto a uno de sus hijos, sigui\u00f3 el momento a trav\u00e9s del celular y vio aparecer el n\u00famero de su adjudicaci\u00f3n: 004.<\/p>\n<blockquote class=\"ssi-editorial-block ssi-quote ssi-quote-featured\"><p>\u201cNo esperaba que saliera mi n\u00famero, me hab\u00eda tocado un n\u00famero medio complicado\u201d, cont\u00f3 emocionada.<\/p><\/blockquote>\n<p>Sin embargo, cuando apareci\u00f3 el 004 en pantalla, la incredulidad dio paso a la emoci\u00f3n.<\/p>\n<blockquote class=\"ssi-editorial-block ssi-quote ssi-quote-featured\"><p>\u201cEst\u00e1bamos los dos solitos mirando por celular y justo sali\u00f3 el n\u00famero. Nos quedamos mirando los dos sin poder creer si era verdad el n\u00famero. Saltando de emoci\u00f3n, gritando, llorando\u201d, record\u00f3.<\/p><\/blockquote>\n<p>Aquel momento marc\u00f3 el comienzo de una nueva etapa que finalmente se concret\u00f3 con la entrega de las llaves de manos del gobernadro Claudio Vidal.<\/p>\n<h3>Una casa que trae alivio<\/h3>\n<p>Adem\u00e1s de cumplir el sue\u00f1o de la vivienda propia, para Lorena la entrega representa un importante alivio para la econom\u00eda familiar.<\/p>\n<blockquote class=\"ssi-editorial-block ssi-quote ssi-quote-featured\"><p>\u201cVenimos alquilando hace much\u00edsimo tiempo, mud\u00e1ndonos de un lado al otro, seg\u00fan nos convenga el bolsillo, y hoy, gracias a Dios, se termin\u00f3 eso\u201d, relat\u00f3.<\/p><\/blockquote>\n<p>Con las llaves en sus manos, la emoci\u00f3n volvi\u00f3 a aparecer: \u201cSe terminan las mudanza, esta es la fundamental, ac\u00e1 me quedo\u201d.<\/p>\n<figure class=\"ssi-inline-image my-3\"><img decoding=\"async\" class=\"img-fluid lazyload\" data-src=\"https:\/\/noticias.santacruz.gob.ar\/media\/ssigallery\/articulos\/26333\/inline\/20260827_56_VIVIENDAS_ENTREGAS__15_.jpg\" alt=\"Tras 21 a\u00f1os de espera, Lorena Mu\u00f1oz cumpli\u00f3 el sue\u00f1o de la casa propia en R\u00edo Gallegos\" src=\"data:image\/svg+xml;base64,PHN2ZyB3aWR0aD0iMSIgaGVpZ2h0PSIxIiB4bWxucz0iaHR0cDovL3d3dy53My5vcmcvMjAwMC9zdmciPjwvc3ZnPg==\" \/><\/figure>\n<p>La historia de Lorena refleja el impacto que tiene el acceso a una vivienda propia en la vida cotidiana de una familia: no solo significa dejar de pagar un alquiler, sino tambi\u00e9n contar con un lugar estable, seguro y definitivo donde proyectar el futuro.<\/p>\n<p>La entrega de estas 56 viviendas forma parte de la pol\u00edtica habitacional que lleva adelante el Gobierno de Santa Cruz, a trav\u00e9s del IDUV, con el objetivo de avanzar en soluciones concretas frente al d\u00e9ficit habitacional y garantizar a las familias santacruce\u00f1as el acceso a viviendas dignas y de calidad.<\/p>\n<div class=\"ssi-related ssi-related--horizontal\"><\/div>\n<p>Para Lorena, despu\u00e9s de 21 a\u00f1os, la espera finalmente termin\u00f3. Y con las llaves de su nueva casa en las manos, comenz\u00f3 una historia diferente: la de quedarse, proyectar y construir un hogar propio junto a su familia.<\/p>\n<\/div>\n<\/div>\n","protected":false},"excerpt":{"rendered":"<p>02 de Septiembre 2026. La emoci\u00f3n de recibir las llaves de su vivienda puso rostro a una historia de a\u00f1os<\/p>\n","protected":false},"author":8,"featured_media":47858,"comment_status":"open","ping_status":"closed","sticky":false,"template":"","format":"standard","meta":{"footnotes":""},"categories":[1094],"tags":[],"class_list":["post-47857","post","type-post","status-publish","format-standard","has-post-thumbnail","hentry","category-gobierno"],"_links":{"self":[{"href":"https:\/\/ecosdelsur.com\/index.php?rest_route=\/wp\/v2\/posts\/47857","targetHints":{"allow":["GET"]}}],"collection":[{"href":"https:\/\/ecosdelsur.com\/index.php?rest_route=\/wp\/v2\/posts"}],"about":[{"href":"https:\/\/ecosdelsur.com\/index.php?rest_route=\/wp\/v2\/types\/post"}],"author":[{"embeddable":true,"href":"https:\/\/ecosdelsur.com\/index.php?rest_route=\/wp\/v2\/users\/8"}],"replies":[{"embeddable":true,"href":"https:\/\/ecosdelsur.com\/index.php?rest_route=%2Fwp%2Fv2%2Fcomments&post=47857"}],"version-history":[{"count":1,"href":"https:\/\/ecosdelsur.com\/index.php?rest_route=\/wp\/v2\/posts\/47857\/revisions"}],"predecessor-version":[{"id":47859,"href":"https:\/\/ecosdelsur.com\/index.php?rest_route=\/wp\/v2\/posts\/47857\/revisions\/47859"}],"wp:featuredmedia":[{"embeddable":true,"href":"https:\/\/ecosdelsur.com\/index.php?rest_route=\/wp\/v2\/media\/47858"}],"wp:attachment":[{"href":"https:\/\/ecosdelsur.com\/index.php?rest_route=%2Fwp%2Fv2%2Fmedia&parent=47857"}],"wp:term":[{"taxonomy":"category","embeddable":true,"href":"https:\/\/ecosdelsur.com\/index.php?rest_route=%2Fwp%2Fv2%2Fcategories&post=47857"},{"taxonomy":"post_tag","embeddable":true,"href":"https:\/\/ecosdelsur.com\/index.php?rest_route=%2Fwp%2Fv2%2Ftags&post=47857"}],"curies":[{"name":"wp","href":"https:\/\/api.w.org\/{rel}","templated":true}]}}