{"id":47854,"date":"2026-09-02T10:07:33","date_gmt":"2026-09-02T13:07:33","guid":{"rendered":"https:\/\/ecosdelsur.com\/?p=47854"},"modified":"2026-09-02T10:07:33","modified_gmt":"2026-09-02T13:07:33","slug":"el-gobierno-de-santa-cruz-anuncio-la-fecha-de-pago-de-haberes-en-septiembre","status":"publish","type":"post","link":"https:\/\/ecosdelsur.com\/?p=47854","title":{"rendered":"El Gobierno de Santa Cruz anunci\u00f3 la fecha de pago de haberes en septiembre"},"content":{"rendered":"<p><span style=\"color: #ff0000;\">02 de Septiembre 2026. <\/span>La totalidad de los agentes de la Administraci\u00f3n P\u00fablica Provincial tendr\u00e1 sus haberes acreditados el s\u00e1bado 5 de septiembre.<\/p>\n<div class=\"redes mb-3\">\n<div class=\"d-flex flex-wrap justify-content-between align-items-center gap-3 my-2 mx-1\">\n<p>El pr\u00f3ximo\u00a0<strong>s\u00e1bado 5 de septiembre<\/strong>\u00a0se realizar\u00e1 la acreditaci\u00f3n de los haberes correspondientes al mes de agosto de la totalidad de los trabajadores de la Administraci\u00f3n P\u00fablica Provincial.<\/p>\n<p>De esta manera, el Gobierno de Santa Cruz garantiza el cumplimiento del cronograma de pago y brinda previsibilidad a las familias de los trabajadores estatales, asegurando la disponibilidad de sus ingresos dentro de los plazos establecidos por la normativa vigente.<\/p>\n<\/div>\n<\/div>\n","protected":false},"excerpt":{"rendered":"<p>02 de Septiembre 2026. La totalidad de los agentes de la Administraci\u00f3n P\u00fablica Provincial tendr\u00e1 sus haberes acreditados el s\u00e1bado<\/p>\n","protected":false},"author":8,"featured_media":47855,"comment_status":"open","ping_status":"closed","sticky":false,"template":"","format":"standard","meta":{"footnotes":""},"categories":[34],"tags":[],"class_list":["post-47854","post","type-post","status-publish","format-standard","has-post-thumbnail","hentry","category-economia"],"_links":{"self":[{"href":"https:\/\/ecosdelsur.com\/index.php?rest_route=\/wp\/v2\/posts\/47854","targetHints":{"allow":["GET"]}}],"collection":[{"href":"https:\/\/ecosdelsur.com\/index.php?rest_route=\/wp\/v2\/posts"}],"about":[{"href":"https:\/\/ecosdelsur.com\/index.php?rest_route=\/wp\/v2\/types\/post"}],"author":[{"embeddable":true,"href":"https:\/\/ecosdelsur.com\/index.php?rest_route=\/wp\/v2\/users\/8"}],"replies":[{"embeddable":true,"href":"https:\/\/ecosdelsur.com\/index.php?rest_route=%2Fwp%2Fv2%2Fcomments&post=47854"}],"version-history":[{"count":1,"href":"https:\/\/ecosdelsur.com\/index.php?rest_route=\/wp\/v2\/posts\/47854\/revisions"}],"predecessor-version":[{"id":47856,"href":"https:\/\/ecosdelsur.com\/index.php?rest_route=\/wp\/v2\/posts\/47854\/revisions\/47856"}],"wp:featuredmedia":[{"embeddable":true,"href":"https:\/\/ecosdelsur.com\/index.php?rest_route=\/wp\/v2\/media\/47855"}],"wp:attachment":[{"href":"https:\/\/ecosdelsur.com\/index.php?rest_route=%2Fwp%2Fv2%2Fmedia&parent=47854"}],"wp:term":[{"taxonomy":"category","embeddable":true,"href":"https:\/\/ecosdelsur.com\/index.php?rest_route=%2Fwp%2Fv2%2Fcategories&post=47854"},{"taxonomy":"post_tag","embeddable":true,"href":"https:\/\/ecosdelsur.com\/index.php?rest_route=%2Fwp%2Fv2%2Ftags&post=47854"}],"curies":[{"name":"wp","href":"https:\/\/api.w.org\/{rel}","templated":true}]}}