{"id":47780,"date":"2026-09-01T20:48:36","date_gmt":"2026-09-01T23:48:36","guid":{"rendered":"https:\/\/ecosdelsur.com\/?p=47780"},"modified":"2026-09-01T20:48:36","modified_gmt":"2026-09-01T23:48:36","slug":"refuerzan-los-trabajos-de-mantenimiento-escolar-en-perito-moreno","status":"publish","type":"post","link":"https:\/\/ecosdelsur.com\/?p=47780","title":{"rendered":"Refuerzan los trabajos de mantenimiento escolar en Perito Moreno"},"content":{"rendered":"<p><span style=\"color: #ff0000;\">01 de Septiembre 2026. <\/span>En el marco de un convenio de cooperaci\u00f3n entre el Consejo Provincial de Educaci\u00f3n (CPE) y el municipio de Perito Moreno, se llevan adelante diferentes trabajos correctivos y preventivos en distintas instituciones educativas de la localidad.<\/p>\n<div class=\"redes mb-3\">\n<div class=\"d-flex flex-wrap justify-content-between align-items-center gap-3 my-2 mx-1\">\n<section class=\"ssi-block-main mb-5\">\n<div class=\"mb-2\">\n<div class=\"article-full\">\n<p>Esta labor articulada refleja la decisi\u00f3n pol\u00edtica de mantener una gesti\u00f3n presente e ininterrumpida, entendiendo la\u00a0<strong>mejora edilicia como una inversi\u00f3n sostenida<\/strong>\u00a0fundamental para garantizar el desarrollo pleno de las trayectorias educativas de los estudiantes.<\/p>\n<h2>Intervenci\u00f3n integral en el CPES N\u00b0 5<\/h2>\n<p>En esta oportunidad, las tareas se desplegaron en las instalaciones del\u00a0<strong>Colegio Provincial de Educaci\u00f3n Secundaria N\u00b0 5<\/strong>. All\u00ed, los equipos t\u00e9cnicos realizaron intervenciones prioritarias en los sistemas de\u00a0<strong>calefacci\u00f3n y provisi\u00f3n de agua caliente<\/strong>, las cuales incluyeron el arreglo de calefactores, termotanques y calefones para asegurar ambientes adecuados para garantizar los procesos de aprendizaje y ense\u00f1anza.<\/p>\n<h2>Acondicionamiento de instalaciones y cocina<\/h2>\n<p>Asimismo, los trabajos comprendieron la reparaci\u00f3n de las hornallas de las cocinas del establecimiento, asegurando su\u00a0<strong>correcto funcionamiento<\/strong>\u00a0para la preparaci\u00f3n de las colaciones diarias. Estas acciones de mantenimiento representan una inversi\u00f3n continua destinada a optimizar el uso de los artefactos de gas y velar por el bienestar integral de toda la comunidad escolar.<\/p>\n<h2>Arreglos generales y carpinter\u00eda<\/h2>\n<p>En materia de seguridad y cerramientos, las cuadrillas llevaron a cabo la reparaci\u00f3n y el ajuste de las puertas del edificio. Con estas mejoras en los accesos y aberturas, se fortalece el resguardo del edificio frente a las inclemencias clim\u00e1ticas, garantizando un entorno seguro y adecuado para la continuidad pedag\u00f3gica sin interrupciones.<\/p>\n<p><strong>Compromiso con la reparaci\u00f3n hist\u00f3rica de los establecimientos<\/strong><\/p>\n<p>Estas intervenciones forman parte de la pol\u00edtica de\u00a0<strong>Reparaci\u00f3n Hist\u00f3rica de las Escuelas<\/strong>\u00a0que impulsa el CPE en toda la provincia de Santa Cruz, concebida como una inversi\u00f3n sostenida en el tiempo para saldar deudas de infraestructura. Desde el organismo ratificaron que el plan de mantenimiento continuar\u00e1 de forma\u00a0<strong>permanente y progresiva<\/strong>\u00a0en las dem\u00e1s instituciones educativas de\u00a0<strong>Perito Moreno y la regi\u00f3n<\/strong>, con el firme prop\u00f3sito de asegurar las mejores condiciones para el aprendizaje de cada alumno.<\/p>\n<\/div>\n<\/div>\n<\/section>\n<aside class=\"ssi-block-side\">\n<aside class=\"a-gallery mt-2\">\n<div class=\"row g-3 ssigallery-frontend mt-3 row-cols-2 row-cols-sm-3 row-cols-md-3 row-cols-lg-4\">\n<div class=\"col-6 col-sm-4 col-md-4 col-lg-3 mt-0\"><a class=\"ssig-item\" href=\"https:\/\/noticias.santacruz.gob.ar\/media\/ssigallery\/articulos\/26325\/galeria\/MANTINIMIENTO_ESCOLAR_1.png\" data-ssig=\"1\" data-caption=\"\" data-fancybox=\"ssigallery-article-26325\"><img decoding=\"async\" class=\"img-fluid rounded lazyload\" data-src=\"https:\/\/noticias.santacruz.gob.ar\/media\/ssigallery\/articulos\/26325\/galeria\/thumbs\/MANTINIMIENTO_ESCOLAR_1.png\" alt=\"Refuerzan los trabajos de mantenimiento escolar en Perito Moreno\" src=\"data:image\/svg+xml;base64,PHN2ZyB3aWR0aD0iMSIgaGVpZ2h0PSIxIiB4bWxucz0iaHR0cDovL3d3dy53My5vcmcvMjAwMC9zdmciPjwvc3ZnPg==\" \/><\/a><\/div>\n<div class=\"col-6 col-sm-4 col-md-4 col-lg-3 mt-0\"><a class=\"ssig-item\" href=\"https:\/\/noticias.santacruz.gob.ar\/media\/ssigallery\/articulos\/26325\/galeria\/MANTINIMIENTO_ESCOLAR_4.png\" data-ssig=\"1\" data-caption=\"\" data-fancybox=\"ssigallery-article-26325\"><img decoding=\"async\" class=\"img-fluid rounded lazyload\" data-src=\"https:\/\/noticias.santacruz.gob.ar\/media\/ssigallery\/articulos\/26325\/galeria\/thumbs\/MANTINIMIENTO_ESCOLAR_4.png\" alt=\"Refuerzan los trabajos de mantenimiento escolar en Perito Moreno\" src=\"data:image\/svg+xml;base64,PHN2ZyB3aWR0aD0iMSIgaGVpZ2h0PSIxIiB4bWxucz0iaHR0cDovL3d3dy53My5vcmcvMjAwMC9zdmciPjwvc3ZnPg==\" \/><\/a><\/div>\n<div class=\"col-6 col-sm-4 col-md-4 col-lg-3 mt-0\"><a class=\"ssig-item\" href=\"https:\/\/noticias.santacruz.gob.ar\/media\/ssigallery\/articulos\/26325\/galeria\/MANTINIMIENTO_ESCOLAR_5.png\" data-ssig=\"1\" data-caption=\"\" data-fancybox=\"ssigallery-article-26325\"><img decoding=\"async\" class=\"img-fluid rounded lazyload\" data-src=\"https:\/\/noticias.santacruz.gob.ar\/media\/ssigallery\/articulos\/26325\/galeria\/thumbs\/MANTINIMIENTO_ESCOLAR_5.png\" alt=\"Refuerzan los trabajos de mantenimiento escolar en Perito Moreno\" src=\"data:image\/svg+xml;base64,PHN2ZyB3aWR0aD0iMSIgaGVpZ2h0PSIxIiB4bWxucz0iaHR0cDovL3d3dy53My5vcmcvMjAwMC9zdmciPjwvc3ZnPg==\" \/><\/a><\/div>\n<div class=\"col-6 col-sm-4 col-md-4 col-lg-3 mt-0\"><a class=\"ssig-item\" href=\"https:\/\/noticias.santacruz.gob.ar\/media\/ssigallery\/articulos\/26325\/galeria\/MANTINIMIENTO_ESCOLAR_6.png\" data-ssig=\"1\" data-caption=\"\" data-fancybox=\"ssigallery-article-26325\"><img decoding=\"async\" class=\"img-fluid rounded lazyload\" data-src=\"https:\/\/noticias.santacruz.gob.ar\/media\/ssigallery\/articulos\/26325\/galeria\/thumbs\/MANTINIMIENTO_ESCOLAR_6.png\" alt=\"Refuerzan los trabajos de mantenimiento escolar en Perito Moreno\" src=\"data:image\/svg+xml;base64,PHN2ZyB3aWR0aD0iMSIgaGVpZ2h0PSIxIiB4bWxucz0iaHR0cDovL3d3dy53My5vcmcvMjAwMC9zdmciPjwvc3ZnPg==\" \/><\/a><\/div>\n<div class=\"col-6 col-sm-4 col-md-4 col-lg-3 mt-0\"><a class=\"ssig-item\" href=\"https:\/\/noticias.santacruz.gob.ar\/media\/ssigallery\/articulos\/26325\/galeria\/MANTINIMIENTO_ESCOLAR_PERITO_MORENO_2.png\" data-ssig=\"1\" data-caption=\"\" data-fancybox=\"ssigallery-article-26325\"><img decoding=\"async\" class=\"img-fluid rounded lazyload\" data-src=\"https:\/\/noticias.santacruz.gob.ar\/media\/ssigallery\/articulos\/26325\/galeria\/thumbs\/MANTINIMIENTO_ESCOLAR_PERITO_MORENO_2.png\" alt=\"Refuerzan los trabajos de mantenimiento escolar en Perito Moreno\" src=\"data:image\/svg+xml;base64,PHN2ZyB3aWR0aD0iMSIgaGVpZ2h0PSIxIiB4bWxucz0iaHR0cDovL3d3dy53My5vcmcvMjAwMC9zdmciPjwvc3ZnPg==\" \/><\/a><\/div>\n<\/div>\n<\/aside>\n<\/aside>\n<\/div>\n<\/div>\n","protected":false},"excerpt":{"rendered":"<p>01 de Septiembre 2026. En el marco de un convenio de cooperaci\u00f3n entre el Consejo Provincial de Educaci\u00f3n (CPE) y<\/p>\n","protected":false},"author":8,"featured_media":47781,"comment_status":"open","ping_status":"closed","sticky":false,"template":"","format":"standard","meta":{"footnotes":""},"categories":[89],"tags":[],"class_list":["post-47780","post","type-post","status-publish","format-standard","has-post-thumbnail","hentry","category-educacion"],"_links":{"self":[{"href":"https:\/\/ecosdelsur.com\/index.php?rest_route=\/wp\/v2\/posts\/47780","targetHints":{"allow":["GET"]}}],"collection":[{"href":"https:\/\/ecosdelsur.com\/index.php?rest_route=\/wp\/v2\/posts"}],"about":[{"href":"https:\/\/ecosdelsur.com\/index.php?rest_route=\/wp\/v2\/types\/post"}],"author":[{"embeddable":true,"href":"https:\/\/ecosdelsur.com\/index.php?rest_route=\/wp\/v2\/users\/8"}],"replies":[{"embeddable":true,"href":"https:\/\/ecosdelsur.com\/index.php?rest_route=%2Fwp%2Fv2%2Fcomments&post=47780"}],"version-history":[{"count":1,"href":"https:\/\/ecosdelsur.com\/index.php?rest_route=\/wp\/v2\/posts\/47780\/revisions"}],"predecessor-version":[{"id":47782,"href":"https:\/\/ecosdelsur.com\/index.php?rest_route=\/wp\/v2\/posts\/47780\/revisions\/47782"}],"wp:featuredmedia":[{"embeddable":true,"href":"https:\/\/ecosdelsur.com\/index.php?rest_route=\/wp\/v2\/media\/47781"}],"wp:attachment":[{"href":"https:\/\/ecosdelsur.com\/index.php?rest_route=%2Fwp%2Fv2%2Fmedia&parent=47780"}],"wp:term":[{"taxonomy":"category","embeddable":true,"href":"https:\/\/ecosdelsur.com\/index.php?rest_route=%2Fwp%2Fv2%2Fcategories&post=47780"},{"taxonomy":"post_tag","embeddable":true,"href":"https:\/\/ecosdelsur.com\/index.php?rest_route=%2Fwp%2Fv2%2Ftags&post=47780"}],"curies":[{"name":"wp","href":"https:\/\/api.w.org\/{rel}","templated":true}]}}