{"id":47777,"date":"2026-09-01T20:47:06","date_gmt":"2026-09-01T23:47:06","guid":{"rendered":"https:\/\/ecosdelsur.com\/?p=47777"},"modified":"2026-09-01T20:47:06","modified_gmt":"2026-09-01T23:47:06","slug":"celebran-los-109-anos-de-la-escuela-provincial-primaria-rural-n-7-de-jaramillo","status":"publish","type":"post","link":"https:\/\/ecosdelsur.com\/?p=47777","title":{"rendered":"Celebran los 109 a\u00f1os de la Escuela Provincial Primaria Rural N\u00b0 7 de Jaramillo"},"content":{"rendered":"<p><span style=\"color: #ff0000;\">01 de Septiembre 2026. <\/span>La instituci\u00f3n celebra un nuevo aniversario destacando su hist\u00f3rica trayectoria, el compromiso de su comunidad educativa y el valor fundamental de la ense\u00f1anza en el territorio provincial.<\/p>\n<div class=\"redes mb-3\">\n<div class=\"d-flex flex-wrap justify-content-between align-items-center gap-3 my-2 mx-1\">\n<section class=\"ssi-block-main mb-5\">\n<div class=\"mb-2\">\n<div class=\"article-full\">\n<p>En este marco, el Consejo Provincial de Educaci\u00f3n conmemora los 109 a\u00f1os de labor ininterrumpida de\u00a0<strong>la Escuela Primaria Provincial Rural (EPPR) N\u00b0 7 &#8220;Mercedes Merchi Fern\u00e1ndez&#8221;,\u00a0<\/strong>ubicada en la localidad de Jaramillo, reafirmando el valor hist\u00f3rico y comunitario de la ense\u00f1anza al servicio del desarrollo integral de las infancias rurales.<\/p>\n<p>Desde su fundaci\u00f3n, el establecimiento educativo ha sido un pilar central para las familias de la zona, acompa\u00f1ando el crecimiento de m\u00faltiples generaciones y consolidando un espacio de pertenencia, contenci\u00f3n y aprendizaje continuo. En este marco, la directora General de Educaci\u00f3n Rural,\u00a0<strong>Pamela Morales<\/strong>, hizo llegar un especial saludo a toda la comunidad educativa.<\/p>\n<p>&#8220;Celebrar m\u00e1s de un siglo de ense\u00f1anza rural es hacer honor al trabajo incansable de generaciones de\u00a0<strong>educadores, familias y personal auxiliar<\/strong>\u00a0que, con profundo compromiso y convicci\u00f3n, garantizan el derecho a la educaci\u00f3n en cada rinc\u00f3n de nuestro territorio.\u00a0<strong>La EPPR N\u00b0 7\u00a0<\/strong>representa la identidad, la fuerza y el futuro de Jaramillo&#8221;, expres\u00f3 Morales.<\/p>\n<h2>M\u00e1s de un siglo de legado y futuro<\/h2>\n<p>A lo largo de sus\u00a0<strong>109 a\u00f1os<\/strong>, la instituci\u00f3n educativa se ha transformado en un verdadero s\u00edmbolo comunitario bajo las premisas de nuestra historia, nuestra gente, nuestros sue\u00f1os y nuestro futuro. La escuela mantiene abiertas sus puertas para continuar ense\u00f1ando con\u00a0<strong>orgullo, compromiso y coraz\u00f3n<\/strong>.<\/p>\n<p>En este nuevo aniversario, la EPPR N\u00b0 7 destaca la construcci\u00f3n comunitaria mediante el constante reconocimiento a las\u00a0<strong>familias y exalumnos<\/strong>\u00a0que han cimentado su identidad a lo largo de los a\u00f1os; asimismo, resalta el compromiso docente poniendo en valor al equipo directivo, al cuerpo docente y al personal de apoyo que sostiene el dictado diario de clases en el territorio; y reafirma su proyecci\u00f3n futura renovando el compromiso institucional por una\u00a0<strong>educaci\u00f3n p\u00fablica<\/strong>, inclusiva y de calidad en el \u00e1mbito rural.<\/p>\n<\/div>\n<\/div>\n<\/section>\n<aside class=\"ssi-block-side\">\n<aside class=\"a-gallery mt-2\">\n<div class=\"row g-3 ssigallery-frontend mt-3 row-cols-2 row-cols-sm-3 row-cols-md-3 row-cols-lg-4\">\n<div class=\"col-6 col-sm-4 col-md-4 col-lg-3 mt-0\"><a class=\"ssig-item\" href=\"https:\/\/noticias.santacruz.gob.ar\/media\/ssigallery\/articulos\/26324\/galeria\/260901-ANIVERSARIO_JARAMILLO__1_.jpeg\" data-ssig=\"1\" data-caption=\"\" data-fancybox=\"ssigallery-article-26324\"><img decoding=\"async\" class=\"img-fluid rounded lazyload\" data-src=\"https:\/\/noticias.santacruz.gob.ar\/media\/ssigallery\/articulos\/26324\/galeria\/thumbs\/260901-ANIVERSARIO_JARAMILLO__1_.jpeg\" alt=\"Celebran los 109 a\u00f1os de la Escuela Provincial Primaria Rural N\u00b0 7 de Jaramillo\" src=\"data:image\/svg+xml;base64,PHN2ZyB3aWR0aD0iMSIgaGVpZ2h0PSIxIiB4bWxucz0iaHR0cDovL3d3dy53My5vcmcvMjAwMC9zdmciPjwvc3ZnPg==\" \/><\/a><\/div>\n<div class=\"col-6 col-sm-4 col-md-4 col-lg-3 mt-0\"><a class=\"ssig-item\" href=\"https:\/\/noticias.santacruz.gob.ar\/media\/ssigallery\/articulos\/26324\/galeria\/260901-ANIVERSARIO_JARAMILLO__2_.jpeg\" data-ssig=\"1\" data-caption=\"\" data-fancybox=\"ssigallery-article-26324\"><img decoding=\"async\" class=\"img-fluid rounded lazyload\" data-src=\"https:\/\/noticias.santacruz.gob.ar\/media\/ssigallery\/articulos\/26324\/galeria\/thumbs\/260901-ANIVERSARIO_JARAMILLO__2_.jpeg\" alt=\"Celebran los 109 a\u00f1os de la Escuela Provincial Primaria Rural N\u00b0 7 de Jaramillo\" src=\"data:image\/svg+xml;base64,PHN2ZyB3aWR0aD0iMSIgaGVpZ2h0PSIxIiB4bWxucz0iaHR0cDovL3d3dy53My5vcmcvMjAwMC9zdmciPjwvc3ZnPg==\" \/><\/a><\/div>\n<div class=\"col-6 col-sm-4 col-md-4 col-lg-3 mt-0\"><a class=\"ssig-item\" href=\"https:\/\/noticias.santacruz.gob.ar\/media\/ssigallery\/articulos\/26324\/galeria\/260901-ANIVERSARIO_JARAMILLO__3_.jpeg\" data-ssig=\"1\" data-caption=\"\" data-fancybox=\"ssigallery-article-26324\"><img decoding=\"async\" class=\"img-fluid rounded lazyload\" data-src=\"https:\/\/noticias.santacruz.gob.ar\/media\/ssigallery\/articulos\/26324\/galeria\/thumbs\/260901-ANIVERSARIO_JARAMILLO__3_.jpeg\" alt=\"Celebran los 109 a\u00f1os de la Escuela Provincial Primaria Rural N\u00b0 7 de Jaramillo\" src=\"data:image\/svg+xml;base64,PHN2ZyB3aWR0aD0iMSIgaGVpZ2h0PSIxIiB4bWxucz0iaHR0cDovL3d3dy53My5vcmcvMjAwMC9zdmciPjwvc3ZnPg==\" \/><\/a><\/div>\n<div class=\"col-6 col-sm-4 col-md-4 col-lg-3 mt-0\"><a class=\"ssig-item\" href=\"https:\/\/noticias.santacruz.gob.ar\/media\/ssigallery\/articulos\/26324\/galeria\/260901-ANIVERSARIO_JARAMILLO__4_.jpeg\" data-ssig=\"1\" data-caption=\"\" data-fancybox=\"ssigallery-article-26324\"><img decoding=\"async\" class=\"img-fluid rounded lazyload\" data-src=\"https:\/\/noticias.santacruz.gob.ar\/media\/ssigallery\/articulos\/26324\/galeria\/thumbs\/260901-ANIVERSARIO_JARAMILLO__4_.jpeg\" alt=\"Celebran los 109 a\u00f1os de la Escuela Provincial Primaria Rural N\u00b0 7 de Jaramillo\" src=\"data:image\/svg+xml;base64,PHN2ZyB3aWR0aD0iMSIgaGVpZ2h0PSIxIiB4bWxucz0iaHR0cDovL3d3dy53My5vcmcvMjAwMC9zdmciPjwvc3ZnPg==\" \/><\/a><\/div>\n<\/div>\n<\/aside>\n<\/aside>\n<\/div>\n<\/div>\n","protected":false},"excerpt":{"rendered":"<p>01 de Septiembre 2026. La instituci\u00f3n celebra un nuevo aniversario destacando su hist\u00f3rica trayectoria, el compromiso de su comunidad educativa<\/p>\n","protected":false},"author":8,"featured_media":47778,"comment_status":"open","ping_status":"closed","sticky":false,"template":"","format":"standard","meta":{"footnotes":""},"categories":[89],"tags":[],"class_list":["post-47777","post","type-post","status-publish","format-standard","has-post-thumbnail","hentry","category-educacion"],"_links":{"self":[{"href":"https:\/\/ecosdelsur.com\/index.php?rest_route=\/wp\/v2\/posts\/47777","targetHints":{"allow":["GET"]}}],"collection":[{"href":"https:\/\/ecosdelsur.com\/index.php?rest_route=\/wp\/v2\/posts"}],"about":[{"href":"https:\/\/ecosdelsur.com\/index.php?rest_route=\/wp\/v2\/types\/post"}],"author":[{"embeddable":true,"href":"https:\/\/ecosdelsur.com\/index.php?rest_route=\/wp\/v2\/users\/8"}],"replies":[{"embeddable":true,"href":"https:\/\/ecosdelsur.com\/index.php?rest_route=%2Fwp%2Fv2%2Fcomments&post=47777"}],"version-history":[{"count":1,"href":"https:\/\/ecosdelsur.com\/index.php?rest_route=\/wp\/v2\/posts\/47777\/revisions"}],"predecessor-version":[{"id":47779,"href":"https:\/\/ecosdelsur.com\/index.php?rest_route=\/wp\/v2\/posts\/47777\/revisions\/47779"}],"wp:featuredmedia":[{"embeddable":true,"href":"https:\/\/ecosdelsur.com\/index.php?rest_route=\/wp\/v2\/media\/47778"}],"wp:attachment":[{"href":"https:\/\/ecosdelsur.com\/index.php?rest_route=%2Fwp%2Fv2%2Fmedia&parent=47777"}],"wp:term":[{"taxonomy":"category","embeddable":true,"href":"https:\/\/ecosdelsur.com\/index.php?rest_route=%2Fwp%2Fv2%2Fcategories&post=47777"},{"taxonomy":"post_tag","embeddable":true,"href":"https:\/\/ecosdelsur.com\/index.php?rest_route=%2Fwp%2Fv2%2Ftags&post=47777"}],"curies":[{"name":"wp","href":"https:\/\/api.w.org\/{rel}","templated":true}]}}