{"id":47773,"date":"2026-09-01T20:45:39","date_gmt":"2026-09-01T23:45:39","guid":{"rendered":"https:\/\/ecosdelsur.com\/?p=47773"},"modified":"2026-09-01T20:45:39","modified_gmt":"2026-09-01T23:45:39","slug":"vialidad-provincial-realiza-trabajos-de-mantenimiento-en-rutas-santacrucenas","status":"publish","type":"post","link":"https:\/\/ecosdelsur.com\/?p=47773","title":{"rendered":"Vialidad Provincial realiza trabajos de mantenimiento en rutas santacruce\u00f1as"},"content":{"rendered":"<p><span style=\"color: #ff0000;\">01 de Septiembre 2026. <\/span>La Administraci\u00f3n General de Vialidad Provincial (AGVP) lleva adelante diferentes tareas de mantenimiento en distintos sectores de las rutas provinciales N\u00b012 y N\u00b047 con intervenciones destinadas a mejorar las condiciones de transitabilidad y fortalecer la seguridad de quienes circulan por estos corredores.<\/p>\n<div class=\"redes mb-3\">\n<div class=\"d-flex flex-wrap justify-content-between align-items-center gap-3 my-2 mx-1\">\n<section class=\"ssi-block-main mb-5\">\n<div class=\"mb-2\">\n<div class=\"article-full\">\n<p>En primer lugar, el Distrito Vial Puerto Deseado inform\u00f3 que se encuentran en ejecuci\u00f3n trabajos de\u00a0<strong>perfilado de banquinas<\/strong>\u00a0sobre la\u00a0<strong>Ruta Provincial N\u00ba12\u00a0<\/strong>en el tramo comprendido entre Ca\u00f1ad\u00f3n Seco y Pico Truncado.<\/p>\n<p>Dichas tareas, se realizan con una motoniveladora y personal de la Delegaci\u00f3n Vial Ca\u00f1ad\u00f3n Seco, en el marco de las acciones de\u00a0<strong>mantenimiento<\/strong>\u00a0que se desarrollan de manera permanente sobre este corredor vial.<\/p>\n<p>El perfilado de las banquinas busca\u00a0<strong>mejorar las condiciones de la ruta<\/strong>, favorecer la transitabilidad y contribuir a una\u00a0<strong>mayor seguridad<\/strong>\u00a0para los usuarios que circulan por el sector.<\/p>\n<figure class=\"ssi-inline-image my-3\"><img decoding=\"async\" class=\"img-fluid lazyload\" data-src=\"https:\/\/noticias.santacruz.gob.ar\/media\/ssigallery\/articulos\/26327\/inline\/Imagen_1.jpg\" alt=\"Vialidad Provincial realiza trabajos de mantenimiento en rutas santacruce\u00f1as\" src=\"data:image\/svg+xml;base64,PHN2ZyB3aWR0aD0iMSIgaGVpZ2h0PSIxIiB4bWxucz0iaHR0cDovL3d3dy53My5vcmcvMjAwMC9zdmciPjwvc3ZnPg==\" \/><\/figure>\n<h2>Ruta Provincial N\u00b047<\/h2>\n<p>Asimismo, el Distrito Vial Puerto Deseado contin\u00faa con diferentes trabajos de\u00a0<strong>mantenimiento<\/strong>\u00a0y<strong>\u00a0conservaci\u00f3n\u00a0<\/strong>sobre la\u00a0<strong>Ruta Provincial N\u00ba47<\/strong>, en el tramo comprendido entre Tellier y Bajo del R\u00edo.<\/p>\n<p>En este sector se ejecutan tareas de perfilado de calzada, reparaci\u00f3n de sectores cr\u00edticos, borrado de huellones y tapado de cortes, intervenciones orientadas a\u00a0<strong>recuperar las condiciones de circulaci\u00f3n\u00a0<\/strong>y mejorar la seguridad vial.<\/p>\n<p>Para el desarrollo de estos trabajos se encuentra operativa una\u00a0<strong>motoniveladora Caterpillar<\/strong>, que interviene en los puntos que requieren mayor atenci\u00f3n.<\/p>\n<figure class=\"ssi-inline-image my-3\"><img decoding=\"async\" class=\"img-fluid lazyload\" data-src=\"https:\/\/noticias.santacruz.gob.ar\/media\/ssigallery\/articulos\/26327\/inline\/Imagen_2.jpg\" alt=\"Vialidad Provincial realiza trabajos de mantenimiento en rutas santacruce\u00f1as\" src=\"data:image\/svg+xml;base64,PHN2ZyB3aWR0aD0iMSIgaGVpZ2h0PSIxIiB4bWxucz0iaHR0cDovL3d3dy53My5vcmcvMjAwMC9zdmciPjwvc3ZnPg==\" \/><\/figure>\n<h2>Recomendaciones circulaci\u00f3n<\/h2>\n<p>Desde Vialidad Provincial se solicita a los usuarios de ambas rutas\u00a0<strong>transitar con precauci\u00f3n<\/strong>, reducir la velocidad y\u00a0<strong>respetar las indicaciones\u00a0<\/strong>del personal vial, especialmente en los sectores donde se encuentran trabajando m\u00e1quinas y operarios.<\/p>\n<\/div>\n<\/div>\n<\/section>\n<aside class=\"ssi-block-side\">\n<aside class=\"a-gallery mt-2\">\n<div class=\"row g-3 ssigallery-frontend mt-3 row-cols-2 row-cols-sm-3 row-cols-md-3 row-cols-lg-4\">\n<div class=\"col-6 col-sm-4 col-md-4 col-lg-3 mt-0\"><a class=\"ssig-item\" href=\"https:\/\/noticias.santacruz.gob.ar\/media\/ssigallery\/articulos\/26327\/galeria\/IMG-20260901-WA0062.jpg\" data-ssig=\"1\" data-caption=\"\" data-fancybox=\"ssigallery-article-26327\"><img decoding=\"async\" class=\"img-fluid rounded lazyload\" data-src=\"https:\/\/noticias.santacruz.gob.ar\/media\/ssigallery\/articulos\/26327\/galeria\/thumbs\/IMG-20260901-WA0062.jpg\" alt=\"Vialidad Provincial realiza trabajos de mantenimiento en rutas santacruce\u00f1as\" src=\"data:image\/svg+xml;base64,PHN2ZyB3aWR0aD0iMSIgaGVpZ2h0PSIxIiB4bWxucz0iaHR0cDovL3d3dy53My5vcmcvMjAwMC9zdmciPjwvc3ZnPg==\" \/><\/a><\/div>\n<div class=\"col-6 col-sm-4 col-md-4 col-lg-3 mt-0\"><a class=\"ssig-item\" href=\"https:\/\/noticias.santacruz.gob.ar\/media\/ssigallery\/articulos\/26327\/galeria\/IMG-20260901-WA0065.jpg\" data-ssig=\"1\" data-caption=\"\" data-fancybox=\"ssigallery-article-26327\"><img decoding=\"async\" class=\"img-fluid rounded lazyload\" data-src=\"https:\/\/noticias.santacruz.gob.ar\/media\/ssigallery\/articulos\/26327\/galeria\/thumbs\/IMG-20260901-WA0065.jpg\" alt=\"Vialidad Provincial realiza trabajos de mantenimiento en rutas santacruce\u00f1as\" src=\"data:image\/svg+xml;base64,PHN2ZyB3aWR0aD0iMSIgaGVpZ2h0PSIxIiB4bWxucz0iaHR0cDovL3d3dy53My5vcmcvMjAwMC9zdmciPjwvc3ZnPg==\" \/><\/a><\/div>\n<div class=\"col-6 col-sm-4 col-md-4 col-lg-3 mt-0\"><a class=\"ssig-item\" href=\"https:\/\/noticias.santacruz.gob.ar\/media\/ssigallery\/articulos\/26327\/galeria\/IMG-20260901-WA0081.jpg\" data-ssig=\"1\" data-caption=\"\" data-fancybox=\"ssigallery-article-26327\"><img decoding=\"async\" class=\"img-fluid rounded lazyload\" data-src=\"https:\/\/noticias.santacruz.gob.ar\/media\/ssigallery\/articulos\/26327\/galeria\/thumbs\/IMG-20260901-WA0081.jpg\" alt=\"Vialidad Provincial realiza trabajos de mantenimiento en rutas santacruce\u00f1as\" src=\"data:image\/svg+xml;base64,PHN2ZyB3aWR0aD0iMSIgaGVpZ2h0PSIxIiB4bWxucz0iaHR0cDovL3d3dy53My5vcmcvMjAwMC9zdmciPjwvc3ZnPg==\" \/><\/a><\/div>\n<div class=\"col-6 col-sm-4 col-md-4 col-lg-3 mt-0\"><a class=\"ssig-item\" href=\"https:\/\/noticias.santacruz.gob.ar\/media\/ssigallery\/articulos\/26327\/galeria\/IMG-20260901-WA0083.jpg\" data-ssig=\"1\" data-caption=\"\" data-fancybox=\"ssigallery-article-26327\"><img decoding=\"async\" class=\"img-fluid rounded lazyload\" data-src=\"https:\/\/noticias.santacruz.gob.ar\/media\/ssigallery\/articulos\/26327\/galeria\/thumbs\/IMG-20260901-WA0083.jpg\" alt=\"Vialidad Provincial realiza trabajos de mantenimiento en rutas santacruce\u00f1as\" src=\"data:image\/svg+xml;base64,PHN2ZyB3aWR0aD0iMSIgaGVpZ2h0PSIxIiB4bWxucz0iaHR0cDovL3d3dy53My5vcmcvMjAwMC9zdmciPjwvc3ZnPg==\" \/><\/a><\/div>\n<div class=\"col-6 col-sm-4 col-md-4 col-lg-3 mt-0\"><a class=\"ssig-item\" href=\"https:\/\/noticias.santacruz.gob.ar\/media\/ssigallery\/articulos\/26327\/galeria\/IMG-20260901-WA0084.jpg\" data-ssig=\"1\" data-caption=\"\" data-fancybox=\"ssigallery-article-26327\"><img decoding=\"async\" class=\"img-fluid rounded lazyload\" data-src=\"https:\/\/noticias.santacruz.gob.ar\/media\/ssigallery\/articulos\/26327\/galeria\/thumbs\/IMG-20260901-WA0084.jpg\" alt=\"Vialidad Provincial realiza trabajos de mantenimiento en rutas santacruce\u00f1as\" src=\"data:image\/svg+xml;base64,PHN2ZyB3aWR0aD0iMSIgaGVpZ2h0PSIxIiB4bWxucz0iaHR0cDovL3d3dy53My5vcmcvMjAwMC9zdmciPjwvc3ZnPg==\" \/><\/a><\/div>\n<div class=\"col-6 col-sm-4 col-md-4 col-lg-3 mt-0\"><a class=\"ssig-item\" href=\"https:\/\/noticias.santacruz.gob.ar\/media\/ssigallery\/articulos\/26327\/galeria\/IMG-20260901-WA0085.jpg\" data-ssig=\"1\" data-caption=\"\" data-fancybox=\"ssigallery-article-26327\"><img decoding=\"async\" class=\"img-fluid rounded lazyload\" data-src=\"https:\/\/noticias.santacruz.gob.ar\/media\/ssigallery\/articulos\/26327\/galeria\/thumbs\/IMG-20260901-WA0085.jpg\" alt=\"Vialidad Provincial realiza trabajos de mantenimiento en rutas santacruce\u00f1as\" src=\"data:image\/svg+xml;base64,PHN2ZyB3aWR0aD0iMSIgaGVpZ2h0PSIxIiB4bWxucz0iaHR0cDovL3d3dy53My5vcmcvMjAwMC9zdmciPjwvc3ZnPg==\" \/><\/a><\/div>\n<\/div>\n<\/aside>\n<\/aside>\n<\/div>\n<\/div>\n","protected":false},"excerpt":{"rendered":"<p>01 de Septiembre 2026. La Administraci\u00f3n General de Vialidad Provincial (AGVP) lleva adelante diferentes tareas de mantenimiento en distintos sectores<\/p>\n","protected":false},"author":8,"featured_media":47774,"comment_status":"open","ping_status":"closed","sticky":false,"template":"","format":"standard","meta":{"footnotes":""},"categories":[1173],"tags":[],"class_list":["post-47773","post","type-post","status-publish","format-standard","has-post-thumbnail","hentry","category-vialidad-provincial"],"_links":{"self":[{"href":"https:\/\/ecosdelsur.com\/index.php?rest_route=\/wp\/v2\/posts\/47773","targetHints":{"allow":["GET"]}}],"collection":[{"href":"https:\/\/ecosdelsur.com\/index.php?rest_route=\/wp\/v2\/posts"}],"about":[{"href":"https:\/\/ecosdelsur.com\/index.php?rest_route=\/wp\/v2\/types\/post"}],"author":[{"embeddable":true,"href":"https:\/\/ecosdelsur.com\/index.php?rest_route=\/wp\/v2\/users\/8"}],"replies":[{"embeddable":true,"href":"https:\/\/ecosdelsur.com\/index.php?rest_route=%2Fwp%2Fv2%2Fcomments&post=47773"}],"version-history":[{"count":2,"href":"https:\/\/ecosdelsur.com\/index.php?rest_route=\/wp\/v2\/posts\/47773\/revisions"}],"predecessor-version":[{"id":47776,"href":"https:\/\/ecosdelsur.com\/index.php?rest_route=\/wp\/v2\/posts\/47773\/revisions\/47776"}],"wp:featuredmedia":[{"embeddable":true,"href":"https:\/\/ecosdelsur.com\/index.php?rest_route=\/wp\/v2\/media\/47774"}],"wp:attachment":[{"href":"https:\/\/ecosdelsur.com\/index.php?rest_route=%2Fwp%2Fv2%2Fmedia&parent=47773"}],"wp:term":[{"taxonomy":"category","embeddable":true,"href":"https:\/\/ecosdelsur.com\/index.php?rest_route=%2Fwp%2Fv2%2Fcategories&post=47773"},{"taxonomy":"post_tag","embeddable":true,"href":"https:\/\/ecosdelsur.com\/index.php?rest_route=%2Fwp%2Fv2%2Ftags&post=47773"}],"curies":[{"name":"wp","href":"https:\/\/api.w.org\/{rel}","templated":true}]}}