{"id":47764,"date":"2026-09-01T20:39:56","date_gmt":"2026-09-01T23:39:56","guid":{"rendered":"https:\/\/ecosdelsur.com\/?p=47764"},"modified":"2026-09-01T20:39:56","modified_gmt":"2026-09-01T23:39:56","slug":"educacion-llevo-adelante-una-intensa-agenda-de-trabajo-institucional-en-el-calafate","status":"publish","type":"post","link":"https:\/\/ecosdelsur.com\/?p=47764","title":{"rendered":"Educaci\u00f3n llev\u00f3 adelante una intensa agenda de trabajo institucional en El Calafate"},"content":{"rendered":"<p><span style=\"color: #ff0000;\">01 de Septiembre 2026. <\/span>Autoridades de la Cartera Educativa mantuvieron encuentros de trabajo, recorrieron instituciones educativas de distintos niveles y modalidades.<\/p>\n<div class=\"redes mb-3\">\n<div class=\"d-flex flex-wrap justify-content-between align-items-center gap-3 my-2 mx-1\">\n<section class=\"ssi-block-main mb-5\">\n<div class=\"mb-2\">\n<div class=\"article-full\">\n<p>En el marco de las pol\u00edticas de acompa\u00f1amiento territorial impulsadas por el Consejo Provincial de Educaci\u00f3n, despleg\u00f3 una extensa jornada de trabajo situacional en la localidad\u00a0<strong>de El Calafate.<\/strong>\u00a0La comitiva oficial estuvo encabezada por la directora provincial de Educaci\u00f3n Inicial,\u00a0<strong>Mariana Nazzi;<\/strong>\u00a0el director general de Educaci\u00f3n Especial,\u00a0<strong>Claudio Burgos<\/strong>; y el director provincial de Educaci\u00f3n Secundaria,\u00a0<strong>Atilio \u00c1vila.<\/strong><\/p>\n<p>La presencia en el territorio busca consolidar el di\u00e1logo pedag\u00f3gico, afianzar los v\u00ednculos con las comunidades educativas y articular de manera efectiva las acciones entre los diferentes niveles y modalidades, garantizando el\u00a0<strong>seguimiento y sostenimiento<\/strong>\u00a0de las trayectorias escolares de los estudiantes santacruce\u00f1os.<\/p>\n<h2>Nivel Inicial: Di\u00e1logo pedag\u00f3gico y trabajo colaborativo<\/h2>\n<p>Durante la recorrida y las mesas de trabajo desarrolladas en el\u00a0<strong>Jard\u00edn de Infantes N\u00b0 10,<\/strong>\u00a0Mariana Nazzi remarc\u00f3 que la presencia del organismo en territorio responde a una\u00a0<strong>decisi\u00f3n pol\u00edtica de consolidar un Estado presente<\/strong>\u00a0que garantice el derecho a una educaci\u00f3n p\u00fablica inclusiva, democr\u00e1tica y situada, construida junto a los equipos docentes desde las particularidades de cada comunidad escolar.<\/p>\n<p>Asimismo, sostuvo que el trabajo articulado con los equipos directivos hace posible revisar y ajustar las\u00a0<strong>estrategias de ense\u00f1anza<\/strong>, estrechando los lazos con la comunidad educativa y asegurando que cada ni\u00f1o y ni\u00f1a cuente con las condiciones necesarias para aprender en ambientes enriquecedores.<\/p>\n<p><strong>Educaci\u00f3n Secundaria: Articulaci\u00f3n, normativa y fortalecimiento pedag\u00f3gico<\/strong><\/p>\n<p>Por su parte, la agenda de trabajo correspondiente al Nivel Secundario tuvo como sede las instalaciones del\u00a0<strong>Colegio Provincial de Educaci\u00f3n Secundaria N\u00b0 9 y N\u00b0 46<\/strong>. En dicho establecimiento, Atilio \u00c1vila mantuvo reuniones y monitoreos con los equipos de gesti\u00f3n institucionales para abordar los ejes prioritarios de la\u00a0<strong>pol\u00edtica educativa provincial.<\/strong><\/p>\n<p>En ese sentido, se\u00f1al\u00f3 que se gener\u00f3 un intercambio sumamente valioso en el que se abordaron aspectos de gesti\u00f3n administrativa, el respeto por los circuitos jer\u00e1rquicos de comunicaci\u00f3n, el monitoreo del Plan de Reorganizaci\u00f3n Institucional y Pedag\u00f3gica (<strong>Res. CPE N\u00b0 1962\/26), el seguimiento del sistema SINIDE-LUA y las normativas vigentes, como la Res. N\u00b0 1023\/26.<\/strong><\/p>\n<p>Del mismo modo, el funcionario enfatiz\u00f3 la necesidad de seguir incentivando la formaci\u00f3n continua de los docentes y fortalecer programas clave como\u00a0<strong>EduActiva<\/strong>\u00a0y el Fortalecimiento de la Matem\u00e1tica para dar respaldo firme a los estudiantes secundarios\u00a0<strong>de El Calafate.<\/strong><\/p>\n<p><strong>Educaci\u00f3n Especial: Inclusi\u00f3n, corresponsabilidad y proyectos pedag\u00f3gicos integrales<\/strong><\/p>\n<p>Siguiendo la recorrida, en la\u00a0<strong>Escuela Especial N\u00b0 5<\/strong>, se incluy\u00f3 adem\u00e1s una mesa de trabajo articulada junto al Nivel Inicial para el abordaje de proyectos transversales. Al respecto, Claudio Burgos, explic\u00f3 que el encuentro permiti\u00f3 avanzar significativamente en el an\u00e1lisis de las trayectorias de los estudiantes que requieren configuraciones de apoyo.<\/p>\n<p>Asimismo, resalt\u00f3 la trascendencia del trabajo conjunto para profundizar en la corresponsabilidad en la elaboraci\u00f3n de los\u00a0<strong>Proyectos Pedag\u00f3gicos Individuales (PPI),<\/strong>\u00a0los informes de seguimiento y los ajustes necesarios, subrayando que la inclusi\u00f3n educativa constituye una construcci\u00f3n colectiva entre niveles y modalidades orientada a derribar barreras al aprendizaje.<\/p>\n<h2>Ejes prioritarios abordados por los funcionarios educativos<\/h2>\n<p>En el transcurso de las mesas de trabajo, las autoridades hicieron especial hincapi\u00e9 en la necesidad de traducir\u00a0<strong>los lineamientos pol\u00edtico-educativos provinciales<\/strong>\u00a0en pr\u00e1cticas institucionales cotidianas que impacten de manera directa en las aulas, al tiempo que ponderaron el valor estrat\u00e9gico de continuar impulsando programas provinciales como EduActiva y el Fortalecimiento de la Matem\u00e1tica.<\/p>\n<p>A su vez, los directores enfatizaron la importancia de afianzar los circuitos administrativos y jer\u00e1rquicos para garantizar una comunicaci\u00f3n fluida y clara entre la Direcci\u00f3n Provincial, la supervisi\u00f3n, las gestiones directivas y los equipos docentes, optimizando la gesti\u00f3n institucional.<\/p>\n<p>Por \u00faltimo, coincidieron en la relevancia de efectuar un seguimiento riguroso del\u00a0<strong>sistema SINIDE LUA<\/strong>\u00a0y de aplicar las normativas vigentes en materia de resguardo de cargos (<strong>Res. N\u00b0 1023\/26)<\/strong>\u00a0para asegurar la transparencia e integralidad del sistema educativo en la localidad.<\/p>\n<p>Con este despliegue territorial, el Consejo Provincial de Educaci\u00f3n reafirma su compromiso de sostener una gesti\u00f3n presente, participativa y articulada, garantizando una educaci\u00f3n inclusiva y de calidad en todo el\u00a0<strong>territorio de Santa Cruz.<\/strong><\/p>\n<\/div>\n<\/div>\n<\/section>\n<aside class=\"ssi-block-side\">\n<aside class=\"a-gallery mt-2\">\n<div class=\"row g-3 ssigallery-frontend mt-3 row-cols-2 row-cols-sm-3 row-cols-md-3 row-cols-lg-4\">\n<div class=\"col-6 col-sm-4 col-md-4 col-lg-3 mt-0\"><a class=\"ssig-item\" href=\"https:\/\/noticias.santacruz.gob.ar\/media\/ssigallery\/articulos\/26321\/galeria\/20260831_161334.jpg.jpeg\" data-ssig=\"1\" data-caption=\"\" data-fancybox=\"ssigallery-article-26321\"><img decoding=\"async\" class=\"img-fluid rounded lazyload\" data-src=\"https:\/\/noticias.santacruz.gob.ar\/media\/ssigallery\/articulos\/26321\/galeria\/thumbs\/20260831_161334.jpg.jpeg\" alt=\"Educaci\u00f3n llev\u00f3 adelante una intensa agenda de trabajo institucional en El Calafate\" src=\"data:image\/svg+xml;base64,PHN2ZyB3aWR0aD0iMSIgaGVpZ2h0PSIxIiB4bWxucz0iaHR0cDovL3d3dy53My5vcmcvMjAwMC9zdmciPjwvc3ZnPg==\" \/><\/a><\/div>\n<div class=\"col-6 col-sm-4 col-md-4 col-lg-3 mt-0\"><a class=\"ssig-item\" href=\"https:\/\/noticias.santacruz.gob.ar\/media\/ssigallery\/articulos\/26321\/galeria\/DSC03190.JPG.jpeg\" data-ssig=\"1\" data-caption=\"\" data-fancybox=\"ssigallery-article-26321\"><img decoding=\"async\" class=\"img-fluid rounded lazyload\" data-src=\"https:\/\/noticias.santacruz.gob.ar\/media\/ssigallery\/articulos\/26321\/galeria\/thumbs\/DSC03190.JPG.jpeg\" alt=\"Educaci\u00f3n llev\u00f3 adelante una intensa agenda de trabajo institucional en El Calafate\" src=\"data:image\/svg+xml;base64,PHN2ZyB3aWR0aD0iMSIgaGVpZ2h0PSIxIiB4bWxucz0iaHR0cDovL3d3dy53My5vcmcvMjAwMC9zdmciPjwvc3ZnPg==\" \/><\/a><\/div>\n<div class=\"col-6 col-sm-4 col-md-4 col-lg-3 mt-0\"><a class=\"ssig-item\" href=\"https:\/\/noticias.santacruz.gob.ar\/media\/ssigallery\/articulos\/26321\/galeria\/DSC03192.JPG.jpeg\" data-ssig=\"1\" data-caption=\"\" data-fancybox=\"ssigallery-article-26321\"><img decoding=\"async\" class=\"img-fluid rounded lazyload\" data-src=\"https:\/\/noticias.santacruz.gob.ar\/media\/ssigallery\/articulos\/26321\/galeria\/thumbs\/DSC03192.JPG.jpeg\" alt=\"Educaci\u00f3n llev\u00f3 adelante una intensa agenda de trabajo institucional en El Calafate\" src=\"data:image\/svg+xml;base64,PHN2ZyB3aWR0aD0iMSIgaGVpZ2h0PSIxIiB4bWxucz0iaHR0cDovL3d3dy53My5vcmcvMjAwMC9zdmciPjwvc3ZnPg==\" \/><\/a><\/div>\n<div class=\"col-6 col-sm-4 col-md-4 col-lg-3 mt-0\"><a class=\"ssig-item\" href=\"https:\/\/noticias.santacruz.gob.ar\/media\/ssigallery\/articulos\/26321\/galeria\/DSC03209.JPG.jpeg\" data-ssig=\"1\" data-caption=\"\" data-fancybox=\"ssigallery-article-26321\"><img decoding=\"async\" class=\"img-fluid rounded lazyload\" data-src=\"https:\/\/noticias.santacruz.gob.ar\/media\/ssigallery\/articulos\/26321\/galeria\/thumbs\/DSC03209.JPG.jpeg\" alt=\"Educaci\u00f3n llev\u00f3 adelante una intensa agenda de trabajo institucional en El Calafate\" src=\"data:image\/svg+xml;base64,PHN2ZyB3aWR0aD0iMSIgaGVpZ2h0PSIxIiB4bWxucz0iaHR0cDovL3d3dy53My5vcmcvMjAwMC9zdmciPjwvc3ZnPg==\" \/><\/a><\/div>\n<div class=\"col-6 col-sm-4 col-md-4 col-lg-3 mt-0\"><a class=\"ssig-item\" href=\"https:\/\/noticias.santacruz.gob.ar\/media\/ssigallery\/articulos\/26321\/galeria\/DSC03229.JPG.jpeg\" data-ssig=\"1\" data-caption=\"\" data-fancybox=\"ssigallery-article-26321\"><img decoding=\"async\" class=\"img-fluid rounded lazyload\" data-src=\"https:\/\/noticias.santacruz.gob.ar\/media\/ssigallery\/articulos\/26321\/galeria\/thumbs\/DSC03229.JPG.jpeg\" alt=\"Educaci\u00f3n llev\u00f3 adelante una intensa agenda de trabajo institucional en El Calafate\" src=\"data:image\/svg+xml;base64,PHN2ZyB3aWR0aD0iMSIgaGVpZ2h0PSIxIiB4bWxucz0iaHR0cDovL3d3dy53My5vcmcvMjAwMC9zdmciPjwvc3ZnPg==\" \/><\/a><\/div>\n<div class=\"col-6 col-sm-4 col-md-4 col-lg-3 mt-0\"><a class=\"ssig-item\" href=\"https:\/\/noticias.santacruz.gob.ar\/media\/ssigallery\/articulos\/26321\/galeria\/DSC03238.JPG.jpeg\" data-ssig=\"1\" data-caption=\"\" data-fancybox=\"ssigallery-article-26321\"><img decoding=\"async\" class=\"img-fluid rounded lazyload\" data-src=\"https:\/\/noticias.santacruz.gob.ar\/media\/ssigallery\/articulos\/26321\/galeria\/thumbs\/DSC03238.JPG.jpeg\" alt=\"Educaci\u00f3n llev\u00f3 adelante una intensa agenda de trabajo institucional en El Calafate\" src=\"data:image\/svg+xml;base64,PHN2ZyB3aWR0aD0iMSIgaGVpZ2h0PSIxIiB4bWxucz0iaHR0cDovL3d3dy53My5vcmcvMjAwMC9zdmciPjwvc3ZnPg==\" \/><\/a><\/div>\n<div class=\"col-6 col-sm-4 col-md-4 col-lg-3 mt-0\"><a class=\"ssig-item\" href=\"https:\/\/noticias.santacruz.gob.ar\/media\/ssigallery\/articulos\/26321\/galeria\/DSC03254.JPG.jpeg\" data-ssig=\"1\" data-caption=\"\" data-fancybox=\"ssigallery-article-26321\"><img decoding=\"async\" class=\"img-fluid rounded lazyload\" data-src=\"https:\/\/noticias.santacruz.gob.ar\/media\/ssigallery\/articulos\/26321\/galeria\/thumbs\/DSC03254.JPG.jpeg\" alt=\"Educaci\u00f3n llev\u00f3 adelante una intensa agenda de trabajo institucional en El Calafate\" src=\"data:image\/svg+xml;base64,PHN2ZyB3aWR0aD0iMSIgaGVpZ2h0PSIxIiB4bWxucz0iaHR0cDovL3d3dy53My5vcmcvMjAwMC9zdmciPjwvc3ZnPg==\" \/><\/a><\/div>\n<div class=\"col-6 col-sm-4 col-md-4 col-lg-3 mt-0\"><a class=\"ssig-item\" href=\"https:\/\/noticias.santacruz.gob.ar\/media\/ssigallery\/articulos\/26321\/galeria\/DSC03279.JPG.jpeg\" data-ssig=\"1\" data-caption=\"\" data-fancybox=\"ssigallery-article-26321\"><img decoding=\"async\" class=\"img-fluid rounded lazyload\" data-src=\"https:\/\/noticias.santacruz.gob.ar\/media\/ssigallery\/articulos\/26321\/galeria\/thumbs\/DSC03279.JPG.jpeg\" alt=\"Educaci\u00f3n llev\u00f3 adelante una intensa agenda de trabajo institucional en El Calafate\" src=\"data:image\/svg+xml;base64,PHN2ZyB3aWR0aD0iMSIgaGVpZ2h0PSIxIiB4bWxucz0iaHR0cDovL3d3dy53My5vcmcvMjAwMC9zdmciPjwvc3ZnPg==\" \/><\/a><\/div>\n<\/div>\n<\/aside>\n<\/aside>\n<\/div>\n<\/div>\n","protected":false},"excerpt":{"rendered":"<p>01 de Septiembre 2026. Autoridades de la Cartera Educativa mantuvieron encuentros de trabajo, recorrieron instituciones educativas de distintos niveles y<\/p>\n","protected":false},"author":8,"featured_media":47765,"comment_status":"open","ping_status":"closed","sticky":false,"template":"","format":"standard","meta":{"footnotes":""},"categories":[89],"tags":[],"class_list":["post-47764","post","type-post","status-publish","format-standard","has-post-thumbnail","hentry","category-educacion"],"_links":{"self":[{"href":"https:\/\/ecosdelsur.com\/index.php?rest_route=\/wp\/v2\/posts\/47764","targetHints":{"allow":["GET"]}}],"collection":[{"href":"https:\/\/ecosdelsur.com\/index.php?rest_route=\/wp\/v2\/posts"}],"about":[{"href":"https:\/\/ecosdelsur.com\/index.php?rest_route=\/wp\/v2\/types\/post"}],"author":[{"embeddable":true,"href":"https:\/\/ecosdelsur.com\/index.php?rest_route=\/wp\/v2\/users\/8"}],"replies":[{"embeddable":true,"href":"https:\/\/ecosdelsur.com\/index.php?rest_route=%2Fwp%2Fv2%2Fcomments&post=47764"}],"version-history":[{"count":1,"href":"https:\/\/ecosdelsur.com\/index.php?rest_route=\/wp\/v2\/posts\/47764\/revisions"}],"predecessor-version":[{"id":47766,"href":"https:\/\/ecosdelsur.com\/index.php?rest_route=\/wp\/v2\/posts\/47764\/revisions\/47766"}],"wp:featuredmedia":[{"embeddable":true,"href":"https:\/\/ecosdelsur.com\/index.php?rest_route=\/wp\/v2\/media\/47765"}],"wp:attachment":[{"href":"https:\/\/ecosdelsur.com\/index.php?rest_route=%2Fwp%2Fv2%2Fmedia&parent=47764"}],"wp:term":[{"taxonomy":"category","embeddable":true,"href":"https:\/\/ecosdelsur.com\/index.php?rest_route=%2Fwp%2Fv2%2Fcategories&post=47764"},{"taxonomy":"post_tag","embeddable":true,"href":"https:\/\/ecosdelsur.com\/index.php?rest_route=%2Fwp%2Fv2%2Ftags&post=47764"}],"curies":[{"name":"wp","href":"https:\/\/api.w.org\/{rel}","templated":true}]}}