{"id":47755,"date":"2026-09-01T20:19:33","date_gmt":"2026-09-01T23:19:33","guid":{"rendered":"https:\/\/ecosdelsur.com\/?p=47755"},"modified":"2026-09-01T20:23:30","modified_gmt":"2026-09-01T23:23:30","slug":"el-municipio-continua-fortaleciendo-el-acompanamiento-a-las-familias-y-prepara-una-capacitacion-sobre-el-nuevo-regimen-penal-juvenil","status":"publish","type":"post","link":"https:\/\/ecosdelsur.com\/?p=47755","title":{"rendered":"El Municipio contin\u00faa fortaleciendo el acompa\u00f1amiento a las familias y prepara una capacitaci\u00f3n sobre el nuevo R\u00e9gimen Penal Juvenil"},"content":{"rendered":"<p><span style=\"color: #ff0000;\">01 de Septiembre 2026. <\/span>La Municipalidad de Caleta Olivia contin\u00faa desarrollando espacios de acompa\u00f1amiento y formaci\u00f3n destinados a las familias de la comunidad. En este marco, se mantienen los talleres para madres, padres y adultos responsables, con encuentros que permiten abordar distintas tem\u00e1ticas vinculadas a las infancias y adolescencias, adem\u00e1s de generar herramientas que puedan ser trasladadas al \u00e1mbito familiar y comunitario.<\/p>\n<p>La propuesta es impulsada desde la Secretar\u00eda de Infancias y Adolescencias, a cargo de Susana Pino, quien explic\u00f3 que los talleres se desarrollan los martes y jueves de 14:30 a 16:00 horas y cuentan con una buena recepci\u00f3n por parte de las familias.<\/p>\n<p>\u201cEsto es una continuidad del trabajo que venimos realizando desde el a\u00f1o pasado junto a las uniones vecinales. Tenemos una recepci\u00f3n muy buena, actualmente contamos con dos grupos, uno de 12 personas y otro de 16, y estamos muy contentos de poder sostener estos espacios\u201d, se\u00f1al\u00f3 Pino.<\/p>\n<p>La funcionaria explic\u00f3 que durante los encuentros se abordan diferentes tem\u00e1ticas: algunas son propuestas desde el equipo de la Secretar\u00eda, mientras que otras surgen de las propias inquietudes de los participantes, permitiendo trabajar sobre situaciones y necesidades concretas de cada entorno familiar.<\/p>\n<p>\u201cLa idea es que algunas herramientas las podamos brindar nosotros y que otras tambi\u00e9n puedan surgir de los propios padres, porque son ellos quienes conocen su realidad y su entorno. Buscamos generar un espacio de intercambio y acompa\u00f1amiento\u201d, agreg\u00f3.<\/p>\n<p><strong>Caleta Olivia ser\u00e1 sede de una capacitaci\u00f3n sobre el R\u00e9gimen Penal Juvenil<\/strong><\/p>\n<p>Por otra parte, Susana Pino anunci\u00f3 que Caleta Olivia ser\u00e1 anfitriona de la capacitaci\u00f3n correspondiente a la zona norte de Santa Cruz sobre la Ley Nacional N.\u00ba 27.801, que establece el R\u00e9gimen Penal Juvenil. La normativa, sancionada en febrero y promulgada en marzo de 2026, establece un r\u00e9gimen penal aplicable a adolescentes de entre 14 y 18 a\u00f1os cuando sean imputados por delitos.<\/p>\n<p>La capacitaci\u00f3n se desarrollar\u00e1 en el Cine Auditorio, durante los d\u00edas 7 y 8 de septiembre, con una jornada extendida el primer d\u00eda.<\/p>\n<p>El 7 de septiembre, el encuentro ser\u00e1 de 9:30 a 16:30 horas, mientras que el 8 de septiembre se desarrollar\u00e1 de 9:30 a 12:30 horas.<\/p>\n<p>\u201cCaleta Olivia va a ser anfitriona de la zona norte para esta capacitaci\u00f3n. Es una ley que viene a generar cambios importantes y por eso consideramos fundamental que los equipos puedan conocerla, capacitarse y contar con herramientas para abordar las situaciones de adolescentes en conflicto con la ley penal\u201d, explic\u00f3 Pino.<\/p>\n<p>La propuesta estar\u00e1 destinada inicialmente a organismos de protecci\u00f3n, equipos t\u00e9cnicos y equipos territoriales provinciales, con la posibilidad de que posteriormente se generen nuevas instancias abiertas a la comunidad.<\/p>\n<p>\u201cLo ideal es que podamos capacitarnos, conocer cu\u00e1les son los alcances de esta nueva normativa y tener las herramientas necesarias para trabajar con las adolescencias. Despu\u00e9s seguramente habr\u00e1 otras instancias que puedan llegar a la comunidad\u201d, concluy\u00f3 la secretaria.<\/p>\n<p>De esta manera, el Municipio sostiene el trabajo territorial y la generaci\u00f3n de espacios de formaci\u00f3n, acompa\u00f1amiento y prevenci\u00f3n, fortaleciendo las herramientas destinadas a las familias y a los equipos que trabajan diariamente con ni\u00f1os, ni\u00f1as y adolescentes.<\/p>\n","protected":false},"excerpt":{"rendered":"<p>01 de Septiembre 2026. La Municipalidad de Caleta Olivia contin\u00faa desarrollando espacios de acompa\u00f1amiento y formaci\u00f3n destinados a las familias<\/p>\n","protected":false},"author":8,"featured_media":47757,"comment_status":"open","ping_status":"closed","sticky":false,"template":"","format":"standard","meta":{"footnotes":""},"categories":[1185],"tags":[],"class_list":["post-47755","post","type-post","status-publish","format-standard","has-post-thumbnail","hentry","category-comunicaciones-y-medios"],"_links":{"self":[{"href":"https:\/\/ecosdelsur.com\/index.php?rest_route=\/wp\/v2\/posts\/47755","targetHints":{"allow":["GET"]}}],"collection":[{"href":"https:\/\/ecosdelsur.com\/index.php?rest_route=\/wp\/v2\/posts"}],"about":[{"href":"https:\/\/ecosdelsur.com\/index.php?rest_route=\/wp\/v2\/types\/post"}],"author":[{"embeddable":true,"href":"https:\/\/ecosdelsur.com\/index.php?rest_route=\/wp\/v2\/users\/8"}],"replies":[{"embeddable":true,"href":"https:\/\/ecosdelsur.com\/index.php?rest_route=%2Fwp%2Fv2%2Fcomments&post=47755"}],"version-history":[{"count":1,"href":"https:\/\/ecosdelsur.com\/index.php?rest_route=\/wp\/v2\/posts\/47755\/revisions"}],"predecessor-version":[{"id":47756,"href":"https:\/\/ecosdelsur.com\/index.php?rest_route=\/wp\/v2\/posts\/47755\/revisions\/47756"}],"wp:featuredmedia":[{"embeddable":true,"href":"https:\/\/ecosdelsur.com\/index.php?rest_route=\/wp\/v2\/media\/47757"}],"wp:attachment":[{"href":"https:\/\/ecosdelsur.com\/index.php?rest_route=%2Fwp%2Fv2%2Fmedia&parent=47755"}],"wp:term":[{"taxonomy":"category","embeddable":true,"href":"https:\/\/ecosdelsur.com\/index.php?rest_route=%2Fwp%2Fv2%2Fcategories&post=47755"},{"taxonomy":"post_tag","embeddable":true,"href":"https:\/\/ecosdelsur.com\/index.php?rest_route=%2Fwp%2Fv2%2Ftags&post=47755"}],"curies":[{"name":"wp","href":"https:\/\/api.w.org\/{rel}","templated":true}]}}