{"id":47749,"date":"2026-09-01T20:14:38","date_gmt":"2026-09-01T23:14:38","guid":{"rendered":"https:\/\/ecosdelsur.com\/?p=47749"},"modified":"2026-09-02T00:31:09","modified_gmt":"2026-09-02T03:31:09","slug":"el-municipio-puso-en-valor-la-trayectoria-de-mechenien-y-su-aporte-a-la-cultura","status":"publish","type":"post","link":"https:\/\/ecosdelsur.com\/?p=47749","title":{"rendered":"El Municipio puso en valor la trayectoria de Mechenien y su aporte a la cultura"},"content":{"rendered":"<p><span style=\"color: #ff0000;\">01 de Septiembre 2026. <\/span>En el marco del 33\u00b0 aniversario de la asociaci\u00f3n \u201cAmigos del Arte Mechenien\u201d, la Municipalidad de Caleta Olivia concret\u00f3 la instalaci\u00f3n de una placa que designa con el nombre de la instituci\u00f3n al Sal\u00f3n de Usos M\u00faltiples (SUM) del Centro Cultural \u201cManuel R. Camino\u201d, como reconocimiento al trabajo sostenido en favor del arte y la cultura local.<img decoding=\"async\" class=\"alignnone size-full wp-image-47806 lazyload\" data-src=\"https:\/\/ecosdelsur.com\/wp-content\/uploads\/2026\/09\/DSC_2391.jpg\" alt=\"\" width=\"800\" height=\"464\" data-srcset=\"https:\/\/ecosdelsur.com\/wp-content\/uploads\/2026\/09\/DSC_2391.jpg 800w, https:\/\/ecosdelsur.com\/wp-content\/uploads\/2026\/09\/DSC_2391-300x174.jpg 300w, https:\/\/ecosdelsur.com\/wp-content\/uploads\/2026\/09\/DSC_2391-768x445.jpg 768w\" data-sizes=\"(max-width: 800px) 100vw, 800px\" src=\"data:image\/svg+xml;base64,PHN2ZyB3aWR0aD0iMSIgaGVpZ2h0PSIxIiB4bWxucz0iaHR0cDovL3d3dy53My5vcmcvMjAwMC9zdmciPjwvc3ZnPg==\" style=\"--smush-placeholder-width: 800px; --smush-placeholder-aspect-ratio: 800\/464;\" \/><\/p>\n<p>La iniciativa, que puso en valor la trayectoria de la organizaci\u00f3n y su rol fundamental en la consolidaci\u00f3n del espacio cultural, se llev\u00f3 adelante mediante una emotiva ceremonia que se realiz\u00f3 este martes 1 de septiembre y cont\u00f3 con la presencia del intendente Pablo Carrizo, integrantes de su equipo de gesti\u00f3n, representantes de la asociaci\u00f3n y miembros del Honorable Concejo Deliberante.<img decoding=\"async\" class=\"alignnone size-full wp-image-47811 lazyload\" data-src=\"https:\/\/ecosdelsur.com\/wp-content\/uploads\/2026\/09\/DSC_2452.jpg\" alt=\"\" width=\"800\" height=\"503\" data-srcset=\"https:\/\/ecosdelsur.com\/wp-content\/uploads\/2026\/09\/DSC_2452.jpg 800w, https:\/\/ecosdelsur.com\/wp-content\/uploads\/2026\/09\/DSC_2452-300x189.jpg 300w, https:\/\/ecosdelsur.com\/wp-content\/uploads\/2026\/09\/DSC_2452-768x483.jpg 768w\" data-sizes=\"(max-width: 800px) 100vw, 800px\" src=\"data:image\/svg+xml;base64,PHN2ZyB3aWR0aD0iMSIgaGVpZ2h0PSIxIiB4bWxucz0iaHR0cDovL3d3dy53My5vcmcvMjAwMC9zdmciPjwvc3ZnPg==\" style=\"--smush-placeholder-width: 800px; --smush-placeholder-aspect-ratio: 800\/503;\" \/><\/p>\n<figure class=\"wp-block-image size-large\"><\/figure>\n<p>La presidenta de Mechenien, Myriam Rocci, destac\u00f3 la decisi\u00f3n y valor\u00f3 que el SUM lleve el nombre de la asociaci\u00f3n. <img decoding=\"async\" class=\"alignnone size-full wp-image-47807 lazyload\" data-src=\"https:\/\/ecosdelsur.com\/wp-content\/uploads\/2026\/09\/DSC_2404.jpg\" alt=\"\" width=\"800\" height=\"511\" data-srcset=\"https:\/\/ecosdelsur.com\/wp-content\/uploads\/2026\/09\/DSC_2404.jpg 800w, https:\/\/ecosdelsur.com\/wp-content\/uploads\/2026\/09\/DSC_2404-300x192.jpg 300w, https:\/\/ecosdelsur.com\/wp-content\/uploads\/2026\/09\/DSC_2404-768x491.jpg 768w\" data-sizes=\"(max-width: 800px) 100vw, 800px\" src=\"data:image\/svg+xml;base64,PHN2ZyB3aWR0aD0iMSIgaGVpZ2h0PSIxIiB4bWxucz0iaHR0cDovL3d3dy53My5vcmcvMjAwMC9zdmciPjwvc3ZnPg==\" style=\"--smush-placeholder-width: 800px; --smush-placeholder-aspect-ratio: 800\/511;\" \/>\u201cPara nosotros es realmente important\u00edsimo que se haya hecho este reconocimiento, que significa reconocer m\u00e1s de tres d\u00e9cadas de trabajo voluntario y continuo\u201d, sostuvo.<img decoding=\"async\" class=\"alignnone size-full wp-image-47804 lazyload\" data-src=\"https:\/\/ecosdelsur.com\/wp-content\/uploads\/2026\/09\/DSC_2474.jpg\" alt=\"\" width=\"800\" height=\"482\" data-srcset=\"https:\/\/ecosdelsur.com\/wp-content\/uploads\/2026\/09\/DSC_2474.jpg 800w, https:\/\/ecosdelsur.com\/wp-content\/uploads\/2026\/09\/DSC_2474-300x181.jpg 300w, https:\/\/ecosdelsur.com\/wp-content\/uploads\/2026\/09\/DSC_2474-768x463.jpg 768w\" data-sizes=\"(max-width: 800px) 100vw, 800px\" src=\"data:image\/svg+xml;base64,PHN2ZyB3aWR0aD0iMSIgaGVpZ2h0PSIxIiB4bWxucz0iaHR0cDovL3d3dy53My5vcmcvMjAwMC9zdmciPjwvc3ZnPg==\" style=\"--smush-placeholder-width: 800px; --smush-placeholder-aspect-ratio: 800\/482;\" \/><\/p>\n<p>En este sentido, record\u00f3 que la creaci\u00f3n del espacio respondi\u00f3 a la necesidad de contar con un lugar destinado a actividades que no pod\u00edan desarrollarse en la Sala del Cine, por lo que cumpli\u00f3 su objetivo, ya que se convirti\u00f3 en un punto de encuentro para distintas propuestas abiertas a la comunidad.<img decoding=\"async\" class=\"alignnone size-full wp-image-47809 lazyload\" data-src=\"https:\/\/ecosdelsur.com\/wp-content\/uploads\/2026\/09\/DSC_2434.jpg\" alt=\"\" width=\"800\" height=\"533\" data-srcset=\"https:\/\/ecosdelsur.com\/wp-content\/uploads\/2026\/09\/DSC_2434.jpg 800w, https:\/\/ecosdelsur.com\/wp-content\/uploads\/2026\/09\/DSC_2434-300x200.jpg 300w, https:\/\/ecosdelsur.com\/wp-content\/uploads\/2026\/09\/DSC_2434-768x512.jpg 768w\" data-sizes=\"(max-width: 800px) 100vw, 800px\" src=\"data:image\/svg+xml;base64,PHN2ZyB3aWR0aD0iMSIgaGVpZ2h0PSIxIiB4bWxucz0iaHR0cDovL3d3dy53My5vcmcvMjAwMC9zdmciPjwvc3ZnPg==\" style=\"--smush-placeholder-width: 800px; --smush-placeholder-aspect-ratio: 800\/533;\" \/><\/p>\n<figure class=\"wp-block-image size-large\"><\/figure>\n<p>Por su parte, el presidente del Honorable Concejo Deliberante, Facundo Belarde, destac\u00f3 que la designaci\u00f3n permite reconocer la trayectoria y contribuci\u00f3n de la instituci\u00f3n a la cultura y patrimonio de la ciudad y marc\u00f3 que la Ordenanza 6.745, que establece el nombre del SUM, fue sancionada en 2024 con la aprobaci\u00f3n un\u00e1nime del cuerpo legislativo como muestra de acompa\u00f1amiento y reconocimiento.<img decoding=\"async\" class=\"alignnone size-full wp-image-47805 lazyload\" data-src=\"https:\/\/ecosdelsur.com\/wp-content\/uploads\/2026\/09\/DSC_2491.jpg\" alt=\"\" width=\"800\" height=\"483\" data-srcset=\"https:\/\/ecosdelsur.com\/wp-content\/uploads\/2026\/09\/DSC_2491.jpg 800w, https:\/\/ecosdelsur.com\/wp-content\/uploads\/2026\/09\/DSC_2491-300x181.jpg 300w, https:\/\/ecosdelsur.com\/wp-content\/uploads\/2026\/09\/DSC_2491-768x464.jpg 768w\" data-sizes=\"(max-width: 800px) 100vw, 800px\" src=\"data:image\/svg+xml;base64,PHN2ZyB3aWR0aD0iMSIgaGVpZ2h0PSIxIiB4bWxucz0iaHR0cDovL3d3dy53My5vcmcvMjAwMC9zdmciPjwvc3ZnPg==\" style=\"--smush-placeholder-width: 800px; --smush-placeholder-aspect-ratio: 800\/483;\" \/><\/p>\n<p>\u201cSabemos que Mechenien hizo un gran trabajo durante muchos a\u00f1os con la cultura de los caletenses\u201d, sostuvo, subrayando el compromiso de poner en valor a las instituciones que, a trav\u00e9s del trabajo sostenido y participaci\u00f3n comunitaria, aportan el fortalecimiento de nuestra identidad cultural.<\/p>\n","protected":false},"excerpt":{"rendered":"<p>01 de Septiembre 2026. En el marco del 33\u00b0 aniversario de la asociaci\u00f3n \u201cAmigos del Arte Mechenien\u201d, la Municipalidad de<\/p>\n","protected":false},"author":8,"featured_media":47812,"comment_status":"open","ping_status":"closed","sticky":false,"template":"","format":"standard","meta":{"footnotes":""},"categories":[1185],"tags":[],"class_list":["post-47749","post","type-post","status-publish","format-standard","has-post-thumbnail","hentry","category-comunicaciones-y-medios"],"_links":{"self":[{"href":"https:\/\/ecosdelsur.com\/index.php?rest_route=\/wp\/v2\/posts\/47749","targetHints":{"allow":["GET"]}}],"collection":[{"href":"https:\/\/ecosdelsur.com\/index.php?rest_route=\/wp\/v2\/posts"}],"about":[{"href":"https:\/\/ecosdelsur.com\/index.php?rest_route=\/wp\/v2\/types\/post"}],"author":[{"embeddable":true,"href":"https:\/\/ecosdelsur.com\/index.php?rest_route=\/wp\/v2\/users\/8"}],"replies":[{"embeddable":true,"href":"https:\/\/ecosdelsur.com\/index.php?rest_route=%2Fwp%2Fv2%2Fcomments&post=47749"}],"version-history":[{"count":4,"href":"https:\/\/ecosdelsur.com\/index.php?rest_route=\/wp\/v2\/posts\/47749\/revisions"}],"predecessor-version":[{"id":47814,"href":"https:\/\/ecosdelsur.com\/index.php?rest_route=\/wp\/v2\/posts\/47749\/revisions\/47814"}],"wp:featuredmedia":[{"embeddable":true,"href":"https:\/\/ecosdelsur.com\/index.php?rest_route=\/wp\/v2\/media\/47812"}],"wp:attachment":[{"href":"https:\/\/ecosdelsur.com\/index.php?rest_route=%2Fwp%2Fv2%2Fmedia&parent=47749"}],"wp:term":[{"taxonomy":"category","embeddable":true,"href":"https:\/\/ecosdelsur.com\/index.php?rest_route=%2Fwp%2Fv2%2Fcategories&post=47749"},{"taxonomy":"post_tag","embeddable":true,"href":"https:\/\/ecosdelsur.com\/index.php?rest_route=%2Fwp%2Fv2%2Ftags&post=47749"}],"curies":[{"name":"wp","href":"https:\/\/api.w.org\/{rel}","templated":true}]}}