{"id":47745,"date":"2026-09-01T19:39:06","date_gmt":"2026-09-01T22:39:06","guid":{"rendered":"https:\/\/ecosdelsur.com\/?p=47745"},"modified":"2026-09-01T19:39:06","modified_gmt":"2026-09-01T22:39:06","slug":"santa-cruz-participo-del-consejo-federal-de-representaciones-oficiales-rumbo-a-la-noche-de-las-casas","status":"publish","type":"post","link":"https:\/\/ecosdelsur.com\/?p=47745","title":{"rendered":"Santa Cruz particip\u00f3 del Consejo Federal de Representaciones Oficiales rumbo a \u201cLa Noche de las Casas\u201d"},"content":{"rendered":"<p><span style=\"color: #ff0000;\">01 de Septiembre 2026. <\/span>La secretaria de Estado de la Casa de Santa Cruz particip\u00f3 del encuentro del Consejo Federal de Representaciones Oficiales junto a representantes de otras 20 Casas de Provincia y autoridades del Gobierno de la Ciudad de Buenos Aires. Se avanz\u00f3 en la organizaci\u00f3n de una nueva edici\u00f3n de \u201cLa Noche de las Casas de Provincia\u201d y en l\u00edneas de articulaci\u00f3n institucional.<\/p>\n<div class=\"redes mb-3\">\n<div class=\"d-flex flex-wrap justify-content-between align-items-center gap-3 my-2 mx-1\">\n<p>La secretaria de Estado de la Casa de Santa Cruz,\u00a0Agustina Aguiar, particip\u00f3 de una nueva reuni\u00f3n del Consejo Federal de Representaciones Oficiales (CONFEDRO), organismo que nuclea a las Casas de Provincia con representaci\u00f3n en la Ciudad Aut\u00f3noma de Buenos Aires.<\/p>\n<p>El encuentro cont\u00f3 con la participaci\u00f3n de representantes de 21 Casas de Provincia y de\u00a0Virginia Fredes, subsecretaria de Asuntos Interjurisdiccionales del Gobierno de la Ciudad de Buenos Aires, y tuvo como objetivo avanzar en una agenda de trabajo conjunta entre las representaciones provinciales y la Ciudad.<\/p>\n<h2>Acercar a la comunidad a la identidad de cada territorio<\/h2>\n<p>Uno de los principales ejes abordados fue la organizaci\u00f3n de una nueva edici\u00f3n de &#8220;La Noche de las Casas de Provincia&#8221;, iniciativa que permite acercar a la ciudadan\u00eda la identidad y diversidad cultural, tur\u00edstica y productiva de cada territorio.<\/p>\n<p>Durante la jornada tambi\u00e9n se intercambiaron experiencias y criterios vinculados con las distintas funciones que desarrollan las Casas de Provincia, especialmente en \u00e1reas como turismo, cultura, salud, desarrollo y acompa\u00f1amiento social.<\/p>\n<p>En este marco, Aguiar destac\u00f3 la importancia de fortalecer estos espacios de articulaci\u00f3n para consolidar la presencia de Santa Cruz en Buenos Aires y generar nuevas oportunidades para la provincia.<\/p>\n<p>\u201cLa articulaci\u00f3n entre las distintas Casas de Provincia fortalece tambi\u00e9n nuestro rol en la Ciudad, promoviendo l\u00edneas de trabajo en beneficio de nuestra provincia\u201d, se\u00f1al\u00f3 la secretaria de Estado de la Casa de Santa Cruz.<\/p>\n<p>En l\u00ednea con la gesti\u00f3n del gobernador\u00a0<strong>Claudio Vidal<\/strong>, la Casa de Santa Cruz contin\u00faa consolidando su rol como espacio de representaci\u00f3n provincial y como punto de encuentro para impulsar iniciativas vinculadas con la cultura, el turismo, la producci\u00f3n, el desarrollo y las distintas \u00e1reas de inter\u00e9s para Santa Cruz.<\/p>\n<p>Del encuentro participaron representantes de las Casas de Buenos Aires, Chaco, Chubut, C\u00f3rdoba, Corrientes, Entre R\u00edos, Jujuy, La Rioja, Mendoza, Misiones, Neuqu\u00e9n, R\u00edo Negro, Salta, San Juan, San Luis, Santa Cruz, Santa Fe, Santiago del Estero, Tierra del Fuego, Tucum\u00e1n y La Pampa.<\/p>\n<\/div>\n<\/div>\n","protected":false},"excerpt":{"rendered":"<p>01 de Septiembre 2026. La secretaria de Estado de la Casa de Santa Cruz particip\u00f3 del encuentro del Consejo Federal<\/p>\n","protected":false},"author":8,"featured_media":47746,"comment_status":"open","ping_status":"closed","sticky":false,"template":"","format":"standard","meta":{"footnotes":""},"categories":[1186],"tags":[],"class_list":["post-47745","post","type-post","status-publish","format-standard","has-post-thumbnail","hentry","category-jefatura-de-gabinete"],"_links":{"self":[{"href":"https:\/\/ecosdelsur.com\/index.php?rest_route=\/wp\/v2\/posts\/47745","targetHints":{"allow":["GET"]}}],"collection":[{"href":"https:\/\/ecosdelsur.com\/index.php?rest_route=\/wp\/v2\/posts"}],"about":[{"href":"https:\/\/ecosdelsur.com\/index.php?rest_route=\/wp\/v2\/types\/post"}],"author":[{"embeddable":true,"href":"https:\/\/ecosdelsur.com\/index.php?rest_route=\/wp\/v2\/users\/8"}],"replies":[{"embeddable":true,"href":"https:\/\/ecosdelsur.com\/index.php?rest_route=%2Fwp%2Fv2%2Fcomments&post=47745"}],"version-history":[{"count":1,"href":"https:\/\/ecosdelsur.com\/index.php?rest_route=\/wp\/v2\/posts\/47745\/revisions"}],"predecessor-version":[{"id":47747,"href":"https:\/\/ecosdelsur.com\/index.php?rest_route=\/wp\/v2\/posts\/47745\/revisions\/47747"}],"wp:featuredmedia":[{"embeddable":true,"href":"https:\/\/ecosdelsur.com\/index.php?rest_route=\/wp\/v2\/media\/47746"}],"wp:attachment":[{"href":"https:\/\/ecosdelsur.com\/index.php?rest_route=%2Fwp%2Fv2%2Fmedia&parent=47745"}],"wp:term":[{"taxonomy":"category","embeddable":true,"href":"https:\/\/ecosdelsur.com\/index.php?rest_route=%2Fwp%2Fv2%2Fcategories&post=47745"},{"taxonomy":"post_tag","embeddable":true,"href":"https:\/\/ecosdelsur.com\/index.php?rest_route=%2Fwp%2Fv2%2Ftags&post=47745"}],"curies":[{"name":"wp","href":"https:\/\/api.w.org\/{rel}","templated":true}]}}