{"id":47739,"date":"2026-09-01T19:35:08","date_gmt":"2026-09-01T22:35:08","guid":{"rendered":"https:\/\/ecosdelsur.com\/?p=47739"},"modified":"2026-09-01T19:35:08","modified_gmt":"2026-09-01T22:35:08","slug":"dem-argentina-llega-a-santa-cruz-con-una-gran-competencia-federal-de-freestyle","status":"publish","type":"post","link":"https:\/\/ecosdelsur.com\/?p=47739","title":{"rendered":"DEM Argentina llega a Santa Cruz con una gran competencia federal de freestyle"},"content":{"rendered":"<p><span style=\"color: #ff0000;\">01 de Septiembre 2026. <\/span>El Gobierno Provincial, a trav\u00e9s de la Subsecretar\u00eda de Juventudes, coordina acciones para llevar el freestyle a distintas localidades y definir a los representantes que participar\u00e1n de una jornada de primer nivel junto a competidores de DEM Argentina.<\/p>\n<div class=\"redes mb-3\">\n<div class=\"d-flex flex-wrap justify-content-between align-items-center gap-3 my-2 mx-1\">\n<p>Santa Cruz se prepara para recibir a DEM Argentina, una de las competencias m\u00e1s importantes de la escena underground del freestyle nacional. Durante el mes de septiembre, el Gobierno Provincial, a trav\u00e9s de la Subsecretar\u00eda de Juventudes dependiente del Ministerio de Desarrollo Social, Igualdad e Integraci\u00f3n y el Ministerio de Gobierno, desarrolla una propuesta federal que recorrer\u00e1 distintos puntos del territorio para culminar con un gran festival de freestyle en la zona norte de la provincia.<\/p>\n<p>La iniciativa tiene como objetivo generar espacios de encuentro, participaci\u00f3n y expresi\u00f3n para infancias y juventudes, a trav\u00e9s de una disciplina que combina creatividad, improvisaci\u00f3n y capacidad de respuesta. El freestyle consiste en la improvisaci\u00f3n de rimas y versos sobre una base musical, donde los participantes se enfrentan en un formato de debate verbal.<\/p>\n<p>Nacido de la cultura hip-hop, el freestyle se consolid\u00f3 como una disciplina art\u00edstica y competitiva que convoca a miles de j\u00f3venes en todo el pa\u00eds, generando comunidad, identidad y sentido de pertenencia.<\/p>\n<figure class=\"ssi-inline-image my-3\"><img decoding=\"async\" class=\"img-fluid lazyload\" data-src=\"https:\/\/noticias.santacruz.gob.ar\/media\/ssigallery\/articulos\/26318\/inline\/2_dem_1.jpg\" alt=\"DEM Argentina llega a Santa Cruz con una gran competencia federal de freestyle\" src=\"data:image\/svg+xml;base64,PHN2ZyB3aWR0aD0iMSIgaGVpZ2h0PSIxIiB4bWxucz0iaHR0cDovL3d3dy53My5vcmcvMjAwMC9zdmciPjwvc3ZnPg==\" \/><\/figure>\n<h2>Una propuesta federal para toda la provincia<\/h2>\n<p>Con la premisa de garantizar la participaci\u00f3n de j\u00f3venes de las distintas localidades de Santa Cruz, la Subsecretar\u00eda de Juventudes despliega una log\u00edstica federal para desarrollar tres competencias clasificatorias, correspondientes a las zonas sur, centro y norte.<\/p>\n<p>El circuito comenzar\u00e1 con la competencia por el cupo de la zona sur, que se desarrollar\u00e1 el 3 de septiembre, a partir de las 17:00 horas, en el Centro Cultural de R\u00edo Gallegos.<\/p>\n<div class=\"ssi-social-embed ssi-social-embed-instagram\"><iframe id=\"instagram-embed-0\" class=\"instagram-media instagram-media-rendered lazyload\" data-src=\"https:\/\/instagram.com\/p\/Dcj6LFSCdxI\/embed\/?cr=1&amp;v=14&amp;wp=500&amp;rd=https%3A%2F%2Fnoticias.santacruz.gob.ar&amp;rp=%2Forganismos%2Fdesarrollo-social%2Fjuventud%2Fdem-argentina-llega-a-santa-cruz-con-una-gran-competencia-federal-de-freestyle#%7B%22ci%22%3A0%2C%22os%22%3A392%2C%22ls%22%3A221.89999997615814%2C%22le%22%3A221.89999997615814%7D\" height=\"831\" frameborder=\"0\" scrolling=\"no\" allowfullscreen=\"allowfullscreen\" data-instgrm-payload-id=\"instagram-media-payload-0\" src=\"about:blank\" data-load-mode=\"0\"><\/iframe><\/div>\n<p>La segunda instancia tendr\u00e1 lugar el 13 de septiembre en Comandante Luis Piedra Buena, donde se definir\u00e1 el representante correspondiente a la zona centro.<\/p>\n<p>Finalmente, el 20 de septiembre, la localidad de Pico Truncado ser\u00e1 sede de la competencia por el cupo de la zona norte.<\/p>\n<p>La propuesta busca que los participantes puedan acercarse a la instancia clasificatoria que les resulte m\u00e1s pr\u00f3xima, promoviendo una participaci\u00f3n amplia y representativa de todo el territorio provincial.<\/p>\n<p>Los j\u00f3venes seleccionados en cada una de estas competencias quedar\u00e1n preclasificados para participar de DEM Santa Cruz, donde tendr\u00e1n la oportunidad de enfrentarse a competidores que forman parte de DEM Argentina en una jornada de freestyle de primer nivel, cuya fecha y lugar ser\u00e1n anunciados pr\u00f3ximamente.<\/p>\n<figure class=\"ssi-inline-image my-3\"><img decoding=\"async\" class=\"img-fluid lazyload\" data-src=\"https:\/\/noticias.santacruz.gob.ar\/media\/ssigallery\/articulos\/26318\/inline\/2_dem.jpg\" alt=\"DEM Argentina llega a Santa Cruz con una gran competencia federal de freestyle\" src=\"data:image\/svg+xml;base64,PHN2ZyB3aWR0aD0iMSIgaGVpZ2h0PSIxIiB4bWxucz0iaHR0cDovL3d3dy53My5vcmcvMjAwMC9zdmciPjwvc3ZnPg==\" \/><\/figure>\n<h2>\u201cCTZ\u201d, el primer clasificado por DEM Argentina<\/h2>\n<p>Como parte de esta propuesta, tambi\u00e9n se defini\u00f3 un cupo especial desde Buenos Aires. En Parque Centenario se realiz\u00f3 una edici\u00f3n especial de &#8220;Caja de Pandora&#8221;, cuyo gran premio fue precisamente un cupo para participar de\u00a0<strong>DEM Santa Cruz.<\/strong><\/p>\n<p>El ganador fue \u201cCTZ\u201d, freestyler que cuenta con tres campeonatos regionales de Red Bull Batalla Buenos Aires y que adem\u00e1s tuvo participaci\u00f3n en FMS Chile, como parte de un traspaso de la liga argentina.<\/p>\n<p>De esta manera, CTZ se incorporar\u00e1 al equipo de DEM Argentina que llegar\u00e1 a Santa Cruz para protagonizar una jornada junto a los competidores surgidos de las instancias clasificatorias provinciales.<\/p>\n<p>La llegada de DEM Argentina representa una oportunidad para que las juventudes santacruce\u00f1as puedan encontrarse con referentes de la escena nacional, desarrollar sus capacidades art\u00edsticas y competitivas, adem\u00e1s de formar parte de una experiencia que pone en valor la cultura urbana.<\/p>\n<p>A trav\u00e9s de esta propuesta, el Gobierno Provincial reafirma su compromiso con las juventudes, la cultura y la generaci\u00f3n de espacios de participaci\u00f3n, promoviendo actividades que recorren el territorio y fortalecen los v\u00ednculos entre las distintas comunidades de Santa Cruz.<\/p>\n<\/div>\n<\/div>\n","protected":false},"excerpt":{"rendered":"<p>01 de Septiembre 2026. El Gobierno Provincial, a trav\u00e9s de la Subsecretar\u00eda de Juventudes, coordina acciones para llevar el freestyle<\/p>\n","protected":false},"author":8,"featured_media":47740,"comment_status":"open","ping_status":"closed","sticky":false,"template":"","format":"standard","meta":{"footnotes":""},"categories":[1156],"tags":[],"class_list":["post-47739","post","type-post","status-publish","format-standard","has-post-thumbnail","hentry","category-ministerio-de-desarrollo-social"],"_links":{"self":[{"href":"https:\/\/ecosdelsur.com\/index.php?rest_route=\/wp\/v2\/posts\/47739","targetHints":{"allow":["GET"]}}],"collection":[{"href":"https:\/\/ecosdelsur.com\/index.php?rest_route=\/wp\/v2\/posts"}],"about":[{"href":"https:\/\/ecosdelsur.com\/index.php?rest_route=\/wp\/v2\/types\/post"}],"author":[{"embeddable":true,"href":"https:\/\/ecosdelsur.com\/index.php?rest_route=\/wp\/v2\/users\/8"}],"replies":[{"embeddable":true,"href":"https:\/\/ecosdelsur.com\/index.php?rest_route=%2Fwp%2Fv2%2Fcomments&post=47739"}],"version-history":[{"count":1,"href":"https:\/\/ecosdelsur.com\/index.php?rest_route=\/wp\/v2\/posts\/47739\/revisions"}],"predecessor-version":[{"id":47741,"href":"https:\/\/ecosdelsur.com\/index.php?rest_route=\/wp\/v2\/posts\/47739\/revisions\/47741"}],"wp:featuredmedia":[{"embeddable":true,"href":"https:\/\/ecosdelsur.com\/index.php?rest_route=\/wp\/v2\/media\/47740"}],"wp:attachment":[{"href":"https:\/\/ecosdelsur.com\/index.php?rest_route=%2Fwp%2Fv2%2Fmedia&parent=47739"}],"wp:term":[{"taxonomy":"category","embeddable":true,"href":"https:\/\/ecosdelsur.com\/index.php?rest_route=%2Fwp%2Fv2%2Fcategories&post=47739"},{"taxonomy":"post_tag","embeddable":true,"href":"https:\/\/ecosdelsur.com\/index.php?rest_route=%2Fwp%2Fv2%2Ftags&post=47739"}],"curies":[{"name":"wp","href":"https:\/\/api.w.org\/{rel}","templated":true}]}}