{"id":47736,"date":"2026-09-01T19:32:47","date_gmt":"2026-09-01T22:32:47","guid":{"rendered":"https:\/\/ecosdelsur.com\/?p=47736"},"modified":"2026-09-01T19:32:47","modified_gmt":"2026-09-01T22:32:47","slug":"salud-brinda-practicas-de-referentes-comunitarios-con-herramientas-de-intervencion-y-abordaje-territorial","status":"publish","type":"post","link":"https:\/\/ecosdelsur.com\/?p=47736","title":{"rendered":"Salud brinda pr\u00e1cticas de referentes comunitarios con herramientas de intervenci\u00f3n y abordaje territorial"},"content":{"rendered":"<p><span style=\"color: #ff0000;\">01 de Septiembre 2026. <\/span>El Ministerio de Salud y Ambiente, en el marco del programa de formaci\u00f3n para voluntarios impulsado por el Gobierno de Santa Cruz, llev\u00f3 adelante una nueva jornada de capacitaci\u00f3n sobre herramientas b\u00e1sicas de intervenci\u00f3n social.<\/p>\n<section class=\"ssi-block-main mb-5\">\n<div class=\"mb-2\">\n<div class=\"article-full\">\n<p>La misma, est\u00e1 destinada a fortalecer el rol de\u00a0<strong>agentes pastorales y trabajadores de centros comunitarios\u00a0<\/strong>en el territorio y la iniciativa tiene como prop\u00f3sito brindar herramientas pr\u00e1cticas que permitan a los referentes comunitarios detectar se\u00f1ales de alerta de manera temprana, intervenir adecuadamente ante personas que atraviesen situaciones de\u00a0<strong>crisis de salud mental<\/strong>\u00a0y coordinar una r\u00e1pida articulaci\u00f3n con los servicios de salud correspondientes.<\/p>\n<p>Desde la\u00a0<strong>Subsecretar\u00eda de Salud Mental Integral,<\/strong>\u00a0se dise\u00f1\u00f3 un trayecto formativo compuesto por tres m\u00f3dulos espec\u00edficos. En este primer encuentro, los participantes profundizaron en la conceptualizaci\u00f3n de la salud mental, los lineamientos que establece la legislaci\u00f3n vigente y una historizaci\u00f3n sobre los paradigmas de atenci\u00f3n, remarcando la transformaci\u00f3n desde el\u00a0<strong>modelo asilar y monovalente<\/strong>\u00a0hacia el actual enfoque con base comunitaria.<\/p>\n<p>El ciclo continuar\u00e1 en las pr\u00f3ximas instancias con el tratamiento de\u00a0<strong>la prevenci\u00f3n del suicidio y primeros auxilios psicol\u00f3gicos,\u00a0<\/strong>concluyendo con el abordaje de consumos problem\u00e1ticos. Estos \u00faltimos ejes contar\u00e1n con la participaci\u00f3n activa de profesionales pertenecientes al servicio local de salud mental para profundizar en las estrategias de contenci\u00f3n e intervenci\u00f3n directa.<\/p>\n<\/div>\n<\/div>\n<\/section>\n<aside class=\"ssi-block-side\">\n<aside class=\"a-gallery mt-2\">\n<div class=\"row g-3 ssigallery-frontend mt-3 row-cols-2 row-cols-sm-3 row-cols-md-3 row-cols-lg-4\">\n<div class=\"col-6 col-sm-4 col-md-4 col-lg-3 mt-0\"><a class=\"ssig-item\" href=\"https:\/\/noticias.santacruz.gob.ar\/media\/ssigallery\/articulos\/26317\/galeria\/WhatsApp_Image_2026-09-01_at_11.10.33.jpeg\" data-ssig=\"1\" data-caption=\"\" data-fancybox=\"ssigallery-article-26317\"><img decoding=\"async\" class=\"img-fluid rounded lazyload\" data-src=\"https:\/\/noticias.santacruz.gob.ar\/media\/ssigallery\/articulos\/26317\/galeria\/thumbs\/WhatsApp_Image_2026-09-01_at_11.10.33.jpeg\" alt=\"Salud brinda pr\u00e1cticas de referentes comunitarios con herramientas de intervenci\u00f3n y abordaje territorial\" src=\"data:image\/svg+xml;base64,PHN2ZyB3aWR0aD0iMSIgaGVpZ2h0PSIxIiB4bWxucz0iaHR0cDovL3d3dy53My5vcmcvMjAwMC9zdmciPjwvc3ZnPg==\" \/><\/a><\/div>\n<div class=\"col-6 col-sm-4 col-md-4 col-lg-3 mt-0\"><a class=\"ssig-item\" href=\"https:\/\/noticias.santacruz.gob.ar\/media\/ssigallery\/articulos\/26317\/galeria\/WhatsApp_Image_2026-09-01_at_11.10.33__2_.jpeg\" data-ssig=\"1\" data-caption=\"\" data-fancybox=\"ssigallery-article-26317\"><img decoding=\"async\" class=\"img-fluid rounded lazyload\" data-src=\"https:\/\/noticias.santacruz.gob.ar\/media\/ssigallery\/articulos\/26317\/galeria\/thumbs\/WhatsApp_Image_2026-09-01_at_11.10.33__2_.jpeg\" alt=\"Salud brinda pr\u00e1cticas de referentes comunitarios con herramientas de intervenci\u00f3n y abordaje territorial\" src=\"data:image\/svg+xml;base64,PHN2ZyB3aWR0aD0iMSIgaGVpZ2h0PSIxIiB4bWxucz0iaHR0cDovL3d3dy53My5vcmcvMjAwMC9zdmciPjwvc3ZnPg==\" \/><\/a><\/div>\n<div class=\"col-6 col-sm-4 col-md-4 col-lg-3 mt-0\"><a class=\"ssig-item\" href=\"https:\/\/noticias.santacruz.gob.ar\/media\/ssigallery\/articulos\/26317\/galeria\/WhatsApp_Image_2026-09-01_at_11.10.33__3_.jpeg\" data-ssig=\"1\" data-caption=\"\" data-fancybox=\"ssigallery-article-26317\"><img decoding=\"async\" class=\"img-fluid rounded lazyload\" data-src=\"https:\/\/noticias.santacruz.gob.ar\/media\/ssigallery\/articulos\/26317\/galeria\/thumbs\/WhatsApp_Image_2026-09-01_at_11.10.33__3_.jpeg\" alt=\"Salud brinda pr\u00e1cticas de referentes comunitarios con herramientas de intervenci\u00f3n y abordaje territorial\" src=\"data:image\/svg+xml;base64,PHN2ZyB3aWR0aD0iMSIgaGVpZ2h0PSIxIiB4bWxucz0iaHR0cDovL3d3dy53My5vcmcvMjAwMC9zdmciPjwvc3ZnPg==\" \/><\/a><\/div>\n<\/div>\n<\/aside>\n<\/aside>\n","protected":false},"excerpt":{"rendered":"<p>01 de Septiembre 2026. El Ministerio de Salud y Ambiente, en el marco del programa de formaci\u00f3n para voluntarios impulsado<\/p>\n","protected":false},"author":8,"featured_media":47737,"comment_status":"open","ping_status":"closed","sticky":false,"template":"","format":"standard","meta":{"footnotes":""},"categories":[1139],"tags":[],"class_list":["post-47736","post","type-post","status-publish","format-standard","has-post-thumbnail","hentry","category-ministerio-de-salud-y-ambiente"],"_links":{"self":[{"href":"https:\/\/ecosdelsur.com\/index.php?rest_route=\/wp\/v2\/posts\/47736","targetHints":{"allow":["GET"]}}],"collection":[{"href":"https:\/\/ecosdelsur.com\/index.php?rest_route=\/wp\/v2\/posts"}],"about":[{"href":"https:\/\/ecosdelsur.com\/index.php?rest_route=\/wp\/v2\/types\/post"}],"author":[{"embeddable":true,"href":"https:\/\/ecosdelsur.com\/index.php?rest_route=\/wp\/v2\/users\/8"}],"replies":[{"embeddable":true,"href":"https:\/\/ecosdelsur.com\/index.php?rest_route=%2Fwp%2Fv2%2Fcomments&post=47736"}],"version-history":[{"count":1,"href":"https:\/\/ecosdelsur.com\/index.php?rest_route=\/wp\/v2\/posts\/47736\/revisions"}],"predecessor-version":[{"id":47738,"href":"https:\/\/ecosdelsur.com\/index.php?rest_route=\/wp\/v2\/posts\/47736\/revisions\/47738"}],"wp:featuredmedia":[{"embeddable":true,"href":"https:\/\/ecosdelsur.com\/index.php?rest_route=\/wp\/v2\/media\/47737"}],"wp:attachment":[{"href":"https:\/\/ecosdelsur.com\/index.php?rest_route=%2Fwp%2Fv2%2Fmedia&parent=47736"}],"wp:term":[{"taxonomy":"category","embeddable":true,"href":"https:\/\/ecosdelsur.com\/index.php?rest_route=%2Fwp%2Fv2%2Fcategories&post=47736"},{"taxonomy":"post_tag","embeddable":true,"href":"https:\/\/ecosdelsur.com\/index.php?rest_route=%2Fwp%2Fv2%2Ftags&post=47736"}],"curies":[{"name":"wp","href":"https:\/\/api.w.org\/{rel}","templated":true}]}}