{"id":47728,"date":"2026-09-01T16:52:43","date_gmt":"2026-09-01T19:52:43","guid":{"rendered":"https:\/\/ecosdelsur.com\/?p=47728"},"modified":"2026-09-01T16:54:25","modified_gmt":"2026-09-01T19:54:25","slug":"aparicio-impulso-la-declaracion-de-persona-no-grata-a-jairo-guzman-en-caleta-olivia","status":"publish","type":"post","link":"https:\/\/ecosdelsur.com\/?p=47728","title":{"rendered":"Aparicio impuls\u00f3 la declaraci\u00f3n de persona no grata a Jairo Guzm\u00e1n en Caleta Olivia"},"content":{"rendered":"<p><span style=\"color: #ff0000;\">01 Septiembre 2026 &#8211;<\/span> El Concejo Deliberante expres\u00f3 su m\u00e1s en\u00e9rgico repudio al diputado nacional por el trato que, seg\u00fan denunciaron representantes de los Centros de Jubilados, recibieron durante un encuentro en el que planteaban las dificultades que atraviesan los afiliados de PAMI. <img decoding=\"async\" class=\"alignnone size-full wp-image-47730 lazyload\" data-src=\"https:\/\/ecosdelsur.com\/wp-content\/uploads\/2026\/09\/WhatsApp-Image-2026-08-31-at-13.14.07.jpeg\" alt=\"\" width=\"800\" height=\"509\" data-srcset=\"https:\/\/ecosdelsur.com\/wp-content\/uploads\/2026\/09\/WhatsApp-Image-2026-08-31-at-13.14.07.jpeg 800w, https:\/\/ecosdelsur.com\/wp-content\/uploads\/2026\/09\/WhatsApp-Image-2026-08-31-at-13.14.07-300x191.jpeg 300w, https:\/\/ecosdelsur.com\/wp-content\/uploads\/2026\/09\/WhatsApp-Image-2026-08-31-at-13.14.07-768x489.jpeg 768w\" data-sizes=\"(max-width: 800px) 100vw, 800px\" src=\"data:image\/svg+xml;base64,PHN2ZyB3aWR0aD0iMSIgaGVpZ2h0PSIxIiB4bWxucz0iaHR0cDovL3d3dy53My5vcmcvMjAwMC9zdmciPjwvc3ZnPg==\" style=\"--smush-placeholder-width: 800px; --smush-placeholder-aspect-ratio: 800\/509;\" \/>Carlos Aparicio cuestion\u00f3 duramente al legislador y asegur\u00f3 que \u201cNo nos vamos a quedar callados. No vamos a permitir nunca el maltrato. El legislador libertario maltrat\u00f3 a quienes hoy reclaman algo tan b\u00e1sico como atenci\u00f3n m\u00e9dica y medicamentos\u201d.<\/p>\n<p>El Concejo Deliberante de Caleta Olivia no dej\u00f3 pasar el episodio protagonizado por representantes de los Centros de Jubilados y el diputado nacional Jairo Guzm\u00e1n. A partir de lo ocurrido durante el encuentro, el cuerpo deliberativo aprob\u00f3 una declaraci\u00f3n de fuerte contenido pol\u00edtico en la que repudi\u00f3 el trato dispensado a los adultos mayores y declar\u00f3 persona no grata en la ciudad de Caleta Olivia al diputado nacional Jairo Guzm\u00e1n.<img decoding=\"async\" class=\"alignnone size-full wp-image-47731 lazyload\" data-src=\"https:\/\/ecosdelsur.com\/wp-content\/uploads\/2026\/09\/WhatsApp-Image-2026-09-01-at-16.02.03.jpeg\" alt=\"\" width=\"800\" height=\"530\" data-srcset=\"https:\/\/ecosdelsur.com\/wp-content\/uploads\/2026\/09\/WhatsApp-Image-2026-09-01-at-16.02.03.jpeg 800w, https:\/\/ecosdelsur.com\/wp-content\/uploads\/2026\/09\/WhatsApp-Image-2026-09-01-at-16.02.03-300x199.jpeg 300w, https:\/\/ecosdelsur.com\/wp-content\/uploads\/2026\/09\/WhatsApp-Image-2026-09-01-at-16.02.03-768x509.jpeg 768w\" data-sizes=\"(max-width: 800px) 100vw, 800px\" src=\"data:image\/svg+xml;base64,PHN2ZyB3aWR0aD0iMSIgaGVpZ2h0PSIxIiB4bWxucz0iaHR0cDovL3d3dy53My5vcmcvMjAwMC9zdmciPjwvc3ZnPg==\" style=\"--smush-placeholder-width: 800px; --smush-placeholder-aspect-ratio: 800\/530;\" \/><\/p>\n<p>El encuentro hab\u00eda sido convocado para que representantes de cinco Centros de Jubilados pudieran plantear personalmente las dificultades que atraviesan los afiliados de PAMI: problemas para acceder a medicamentos, prestaciones m\u00e9dicas, profesionales, insumos, elementos ortop\u00e9dicos, derivaciones y otros servicios esenciales.<\/p>\n<p>Sin embargo, la reuni\u00f3n termin\u00f3 en una fuerte discusi\u00f3n. De acuerdo con lo expresado en el proyecto, durante el intercambio se le atribuy\u00f3 a Guzm\u00e1n la frase: \u201cEntonces ustedes fundieron el PAMI\u201d, en medio de una discusi\u00f3n sobre las responsabilidades por la situaci\u00f3n que atraviesa el organismo.<\/p>\n<p>En este contexto, Aparicio se\u00f1al\u00f3: \u201cA los jubilados no se los puede mandar a callar, mucho menos responsabilizarlos por la situaci\u00f3n del PAMI. Ellos no fundieron nada. Son los que durante d\u00e9cadas aportaron y hoy tienen que salir a reclamar para conseguir un medicamento o una prestaci\u00f3n m\u00e9dica\u201d, sostuvo.<\/p>\n<p>El concejal fue a\u00fan m\u00e1s duro al referirse al rol de Guzm\u00e1n como representante de Santa Cruz en el Congreso Nacional. \u201cGuzm\u00e1n no puede venir a nuestra ciudad a destratar a los jubilados y despu\u00e9s hacerse el distra\u00eddo. Si ocupa una banca para representar a los santacruce\u00f1os, tiene que escuchar a la gente, no echarle la culpa de los problemas que atraviesa un organismo que depende del Gobierno nacional\u201d, afirm\u00f3 Aparicio.<\/p>\n<p>La declaraci\u00f3n aprobada por el Concejo tambi\u00e9n cuestiona que el legislador integra La Libertad Avanza, espacio que conduce el Gobierno nacional y que tiene responsabilidad pol\u00edtica sobre la administraci\u00f3n de los organismos nacionales y las pol\u00edticas que afectan directamente a jubilados y pensionados.<\/p>\n<p>En ese sentido, Aparicio apunt\u00f3 directamente contra el modelo de gesti\u00f3n nacional: \u201cLos jubilados no son una variable de ajuste. No son un n\u00famero, no son un gasto y mucho menos son responsables de que el PAMI funcione mal. Son personas que trabajaron toda su vida y que merecen respeto\u201d, remarc\u00f3.<\/p>\n<p>El proyecto tambi\u00e9n sostiene que las expresiones y el trato durante el encuentro resultan especialmente graves teniendo en cuenta que Guzm\u00e1n ha tenido responsabilidades pol\u00edticas vinculadas al PAMI en la provincia y, por lo tanto, conoce las dificultades que atraviesan sus afiliados.<\/p>\n<p>\u201cHay algo que tienen que entender: cuando un jubilado reclama por su medicamento, por una derivaci\u00f3n o porque no consigue un m\u00e9dico, no est\u00e1 haciendo pol\u00edtica. Est\u00e1 defendiendo su derecho a vivir dignamente. Y si alguien pretende maltratarlo por reclamar, va a encontrar un Concejo Deliberante que lo va a defender\u201d, se\u00f1al\u00f3 Aparicio.<\/p>\n<p>La declaraci\u00f3n no se limit\u00f3 al repudio. En su art\u00edculo 3\u00b0, el Concejo Deliberante resolvi\u00f3 declarar persona no grata en la ciudad de Caleta Olivia a Jairo Guzm\u00e1n, considerando que las expresiones y el trato denunciados resultan incompatibles con el respeto y la dignidad que merecen los adultos mayores de la comunidad.<\/p>\n<p>Finalmente, el Concejo expres\u00f3 su acompa\u00f1amiento y solidaridad con los jubilados y jubiladas de Caleta Olivia, especialmente con quienes vienen llevando adelante los reclamos por las prestaciones de PAMI.<\/p>\n","protected":false},"excerpt":{"rendered":"<p>01 Septiembre 2026 &#8211; El Concejo Deliberante expres\u00f3 su m\u00e1s en\u00e9rgico repudio al diputado nacional por el trato que, seg\u00fan<\/p>\n","protected":false},"author":8,"featured_media":47729,"comment_status":"open","ping_status":"closed","sticky":false,"template":"","format":"standard","meta":{"footnotes":""},"categories":[33],"tags":[],"class_list":["post-47728","post","type-post","status-publish","format-standard","has-post-thumbnail","hentry","category-politica"],"_links":{"self":[{"href":"https:\/\/ecosdelsur.com\/index.php?rest_route=\/wp\/v2\/posts\/47728","targetHints":{"allow":["GET"]}}],"collection":[{"href":"https:\/\/ecosdelsur.com\/index.php?rest_route=\/wp\/v2\/posts"}],"about":[{"href":"https:\/\/ecosdelsur.com\/index.php?rest_route=\/wp\/v2\/types\/post"}],"author":[{"embeddable":true,"href":"https:\/\/ecosdelsur.com\/index.php?rest_route=\/wp\/v2\/users\/8"}],"replies":[{"embeddable":true,"href":"https:\/\/ecosdelsur.com\/index.php?rest_route=%2Fwp%2Fv2%2Fcomments&post=47728"}],"version-history":[{"count":1,"href":"https:\/\/ecosdelsur.com\/index.php?rest_route=\/wp\/v2\/posts\/47728\/revisions"}],"predecessor-version":[{"id":47732,"href":"https:\/\/ecosdelsur.com\/index.php?rest_route=\/wp\/v2\/posts\/47728\/revisions\/47732"}],"wp:featuredmedia":[{"embeddable":true,"href":"https:\/\/ecosdelsur.com\/index.php?rest_route=\/wp\/v2\/media\/47729"}],"wp:attachment":[{"href":"https:\/\/ecosdelsur.com\/index.php?rest_route=%2Fwp%2Fv2%2Fmedia&parent=47728"}],"wp:term":[{"taxonomy":"category","embeddable":true,"href":"https:\/\/ecosdelsur.com\/index.php?rest_route=%2Fwp%2Fv2%2Fcategories&post=47728"},{"taxonomy":"post_tag","embeddable":true,"href":"https:\/\/ecosdelsur.com\/index.php?rest_route=%2Fwp%2Fv2%2Ftags&post=47728"}],"curies":[{"name":"wp","href":"https:\/\/api.w.org\/{rel}","templated":true}]}}