{"id":47713,"date":"2026-09-01T13:51:08","date_gmt":"2026-09-01T16:51:08","guid":{"rendered":"https:\/\/ecosdelsur.com\/?p=47713"},"modified":"2026-09-01T13:51:08","modified_gmt":"2026-09-01T16:51:08","slug":"santa-cruz-sostiene-la-prevencion-y-el-control-sanitario-que-preservan-su-estatus-de-zona-libre-de-sarna-ovina","status":"publish","type":"post","link":"https:\/\/ecosdelsur.com\/?p=47713","title":{"rendered":"Santa Cruz sostiene la prevenci\u00f3n y el control sanitario que preservan su estatus de zona libre de sarna ovina"},"content":{"rendered":"<p><span style=\"color: #ff0000;\">01 de Septiembre 2026. <\/span>El Gobierno de Santa Cruz, a trav\u00e9s de la Delegaci\u00f3n de Puerto San Juli\u00e1n del Consejo Agrario Provincial,\u00a0realiz\u00f3 nuevas inspecciones de esquila en establecimientos rurales de la zona.<\/p>\n<div class=\"redes mb-3\">\n<div class=\"d-flex flex-wrap justify-content-between align-items-center gap-3 my-2 mx-1\">\n<section class=\"ssi-block-main mb-5\">\n<div class=\"mb-2\">\n<div class=\"article-full\">\n<p>Los controles se llevaron a cabo en las\u00a0<strong>estancias La Colmena, Cerro Bombero y Coronel<\/strong>, con el objetivo de verificar el cumplimiento de la Resoluci\u00f3n N\u00ba 301 del Consejo Agrario Provincial (CAP), que establece los requisitos y condiciones para el desarrollo de la actividad de esquila, y las\u00a0<strong>medidas sanitarias destinadas a prevenir el ingreso y la propagaci\u00f3n de la sarna ovina<\/strong>.<\/p>\n<p>Las\u00a0<strong>inspecciones<\/strong>\u00a0alcanzan\u00a0<strong>a las empresas de esquila y a los productores<\/strong>, con controles sobre el cumplimiento de la normativa y de las medidas de prevenci\u00f3n sanitaria.<\/p>\n<p>La aplicaci\u00f3n de estos protocolos resulta fundamental para\u00a0<strong>proteger y sostener el estatus sanitario de Santa Cruz<\/strong>\u00a0<strong>como zona libre de sarna ovina<\/strong>, una condici\u00f3n clave para la producci\u00f3n y comercializaci\u00f3n del sector.<\/p>\n<p>El operativo cont\u00f3 con la participaci\u00f3n conjunta de personal del CAP y del Servicio Nacional de Sanidad y Calidad Agroalimentaria (SENASA), como parte del trabajo articulado para fortalecer los controles sanitarios en territorio.<\/p>\n<p>De esta manera, el Gobierno de Santa Cruz sostiene una pol\u00edtica de prevenci\u00f3n y control sanitario que protege la producci\u00f3n ovina y preserva el estatus sanitario de la provincia, en el marco de las pol\u00edticas impulsadas por el gobernador Claudio Vidal para fortalecer la producci\u00f3n ovina y acompa\u00f1ar a los productores santacruce\u00f1os.<\/p>\n<\/div>\n<\/div>\n<\/section>\n<aside class=\"ssi-block-side\">\n<aside class=\"a-gallery mt-2\">\n<div class=\"row g-3 ssigallery-frontend mt-3 row-cols-2 row-cols-sm-3 row-cols-md-3 row-cols-lg-4\">\n<div class=\"col-6 col-sm-4 col-md-4 col-lg-3 mt-0\"><a class=\"ssig-item\" href=\"https:\/\/noticias.santacruz.gob.ar\/media\/ssigallery\/articulos\/26315\/galeria\/WhatsApp_Image_2026-08-31_at_15.42.36.jpeg\" data-ssig=\"1\" data-caption=\"\" data-fancybox=\"ssigallery-article-26315\"><img decoding=\"async\" class=\"img-fluid rounded lazyload\" data-src=\"https:\/\/noticias.santacruz.gob.ar\/media\/ssigallery\/articulos\/26315\/galeria\/thumbs\/WhatsApp_Image_2026-08-31_at_15.42.36.jpeg\" alt=\"Santa Cruz sostiene la prevenci\u00f3n y el control sanitario que preservan su estatus de zona libre de sarna ovina\" src=\"data:image\/svg+xml;base64,PHN2ZyB3aWR0aD0iMSIgaGVpZ2h0PSIxIiB4bWxucz0iaHR0cDovL3d3dy53My5vcmcvMjAwMC9zdmciPjwvc3ZnPg==\" \/><\/a><\/div>\n<div class=\"col-6 col-sm-4 col-md-4 col-lg-3 mt-0\"><a class=\"ssig-item\" href=\"https:\/\/noticias.santacruz.gob.ar\/media\/ssigallery\/articulos\/26315\/galeria\/WhatsApp_Image_2026-08-31_at_15.42.42.jpeg\" data-ssig=\"1\" data-caption=\"\" data-fancybox=\"ssigallery-article-26315\"><img decoding=\"async\" class=\"img-fluid rounded lazyload\" data-src=\"https:\/\/noticias.santacruz.gob.ar\/media\/ssigallery\/articulos\/26315\/galeria\/thumbs\/WhatsApp_Image_2026-08-31_at_15.42.42.jpeg\" alt=\"Santa Cruz sostiene la prevenci\u00f3n y el control sanitario que preservan su estatus de zona libre de sarna ovina\" src=\"data:image\/svg+xml;base64,PHN2ZyB3aWR0aD0iMSIgaGVpZ2h0PSIxIiB4bWxucz0iaHR0cDovL3d3dy53My5vcmcvMjAwMC9zdmciPjwvc3ZnPg==\" \/><\/a><\/div>\n<div class=\"col-6 col-sm-4 col-md-4 col-lg-3 mt-0\"><a class=\"ssig-item\" href=\"https:\/\/noticias.santacruz.gob.ar\/media\/ssigallery\/articulos\/26315\/galeria\/WhatsApp_Image_2026-08-31_at_15.42.45.jpeg\" data-ssig=\"1\" data-caption=\"\" data-fancybox=\"ssigallery-article-26315\"><img decoding=\"async\" class=\"img-fluid rounded lazyload\" data-src=\"https:\/\/noticias.santacruz.gob.ar\/media\/ssigallery\/articulos\/26315\/galeria\/thumbs\/WhatsApp_Image_2026-08-31_at_15.42.45.jpeg\" alt=\"Santa Cruz sostiene la prevenci\u00f3n y el control sanitario que preservan su estatus de zona libre de sarna ovina\" src=\"data:image\/svg+xml;base64,PHN2ZyB3aWR0aD0iMSIgaGVpZ2h0PSIxIiB4bWxucz0iaHR0cDovL3d3dy53My5vcmcvMjAwMC9zdmciPjwvc3ZnPg==\" \/><\/a><\/div>\n<div class=\"col-6 col-sm-4 col-md-4 col-lg-3 mt-0\"><a class=\"ssig-item\" href=\"https:\/\/noticias.santacruz.gob.ar\/media\/ssigallery\/articulos\/26315\/galeria\/WhatsApp_Image_2026-08-31_at_15.42.47.jpeg\" data-ssig=\"1\" data-caption=\"\" data-fancybox=\"ssigallery-article-26315\"><img decoding=\"async\" class=\"img-fluid rounded lazyload\" data-src=\"https:\/\/noticias.santacruz.gob.ar\/media\/ssigallery\/articulos\/26315\/galeria\/thumbs\/WhatsApp_Image_2026-08-31_at_15.42.47.jpeg\" alt=\"Santa Cruz sostiene la prevenci\u00f3n y el control sanitario que preservan su estatus de zona libre de sarna ovina\" src=\"data:image\/svg+xml;base64,PHN2ZyB3aWR0aD0iMSIgaGVpZ2h0PSIxIiB4bWxucz0iaHR0cDovL3d3dy53My5vcmcvMjAwMC9zdmciPjwvc3ZnPg==\" \/><\/a><\/div>\n<\/div>\n<\/aside>\n<\/aside>\n<\/div>\n<\/div>\n","protected":false},"excerpt":{"rendered":"<p>01 de Septiembre 2026. El Gobierno de Santa Cruz, a trav\u00e9s de la Delegaci\u00f3n de Puerto San Juli\u00e1n del Consejo<\/p>\n","protected":false},"author":8,"featured_media":47714,"comment_status":"open","ping_status":"closed","sticky":false,"template":"","format":"standard","meta":{"footnotes":""},"categories":[1094],"tags":[],"class_list":["post-47713","post","type-post","status-publish","format-standard","has-post-thumbnail","hentry","category-gobierno"],"_links":{"self":[{"href":"https:\/\/ecosdelsur.com\/index.php?rest_route=\/wp\/v2\/posts\/47713","targetHints":{"allow":["GET"]}}],"collection":[{"href":"https:\/\/ecosdelsur.com\/index.php?rest_route=\/wp\/v2\/posts"}],"about":[{"href":"https:\/\/ecosdelsur.com\/index.php?rest_route=\/wp\/v2\/types\/post"}],"author":[{"embeddable":true,"href":"https:\/\/ecosdelsur.com\/index.php?rest_route=\/wp\/v2\/users\/8"}],"replies":[{"embeddable":true,"href":"https:\/\/ecosdelsur.com\/index.php?rest_route=%2Fwp%2Fv2%2Fcomments&post=47713"}],"version-history":[{"count":1,"href":"https:\/\/ecosdelsur.com\/index.php?rest_route=\/wp\/v2\/posts\/47713\/revisions"}],"predecessor-version":[{"id":47715,"href":"https:\/\/ecosdelsur.com\/index.php?rest_route=\/wp\/v2\/posts\/47713\/revisions\/47715"}],"wp:featuredmedia":[{"embeddable":true,"href":"https:\/\/ecosdelsur.com\/index.php?rest_route=\/wp\/v2\/media\/47714"}],"wp:attachment":[{"href":"https:\/\/ecosdelsur.com\/index.php?rest_route=%2Fwp%2Fv2%2Fmedia&parent=47713"}],"wp:term":[{"taxonomy":"category","embeddable":true,"href":"https:\/\/ecosdelsur.com\/index.php?rest_route=%2Fwp%2Fv2%2Fcategories&post=47713"},{"taxonomy":"post_tag","embeddable":true,"href":"https:\/\/ecosdelsur.com\/index.php?rest_route=%2Fwp%2Fv2%2Ftags&post=47713"}],"curies":[{"name":"wp","href":"https:\/\/api.w.org\/{rel}","templated":true}]}}