{"id":47700,"date":"2026-09-01T12:26:01","date_gmt":"2026-09-01T15:26:01","guid":{"rendered":"https:\/\/ecosdelsur.com\/?p=47700"},"modified":"2026-09-01T12:26:01","modified_gmt":"2026-09-01T15:26:01","slug":"realizan-la-auditoria-anual-de-los-sistemas-de-medicion-de-la-planta-de-termap","status":"publish","type":"post","link":"https:\/\/ecosdelsur.com\/?p=47700","title":{"rendered":"Realizan la auditor\u00eda anual de los sistemas de medici\u00f3n de la planta de TERMAP"},"content":{"rendered":"<p><span style=\"color: #ff0000;\">31 de Agosto 2026. <\/span>El Gobierno Provincial, a trav\u00e9s del Ministerio de Energ\u00eda y Miner\u00eda, particip\u00f3 de la jornada de control realizada en la terminal de Caleta Olivia, en el marco de la normativa vigente.<\/p>\n<div class=\"redes mb-3\">\n<div class=\"d-flex flex-wrap justify-content-between align-items-center gap-3 my-2 mx-1\">\n<section class=\"ssi-block-main mb-5\">\n<div class=\"mb-2\">\n<div class=\"article-full\">\n<p>Este lunes 31 de agosto, la\u00a0<strong>Subsecretar\u00eda de Control T\u00e9cnico Operativo\u00a0<\/strong>de la\u00a0<strong>Cuenca del Golfo San Jorge<\/strong>, dependiente del Ministerio de Energ\u00eda y Miner\u00eda, particip\u00f3 de la\u00a0<strong>auditor\u00eda anual de los sistemas de medici\u00f3n de la planta de TERMAP<\/strong>, ubicada en\u00a0<strong>Caleta Olivia<\/strong>, correspondiente al per\u00edodo 2026.<\/p>\n<p>La actividad, se desarroll\u00f3 en el marco de la\u00a0<strong>Resoluci\u00f3n N\u00b0 557\/2022<\/strong>\u00a0de la Secretar\u00eda de Energ\u00eda de la Naci\u00f3n, que establece el Reglamento T\u00e9cnico de Medici\u00f3n de Hidrocarburos, y contempla auditor\u00edas peri\u00f3dicas sobre las instalaciones y sistemas vinculados a la medici\u00f3n, almacenamiento, transporte y entrega de hidrocarburos.<\/p>\n<figure class=\"ssi-inline-image my-3\"><img decoding=\"async\" class=\"img-fluid lazyload\" data-src=\"https:\/\/noticias.santacruz.gob.ar\/media\/ssigallery\/articulos\/26310\/inline\/AUDITOR__A_PLANTA_TERMAP_3.jpg\" alt=\"Representantes del Ministerio de Energ\u00eda y Miner\u00eda y de la UTN durante la reuni\u00f3n de trabajo desarrollada en la terminal de TERMAP, en Caleta Olivia.\" src=\"data:image\/svg+xml;base64,PHN2ZyB3aWR0aD0iMSIgaGVpZ2h0PSIxIiB4bWxucz0iaHR0cDovL3d3dy53My5vcmcvMjAwMC9zdmciPjwvc3ZnPg==\" \/><figcaption class=\"small text-muted mt-1\">Representantes del Ministerio de Energ\u00eda y Miner\u00eda y de la UTN durante la reuni\u00f3n de trabajo desarrollada en la terminal de TERMAP, en Caleta Olivia.<\/figcaption><\/figure>\n<p>El objetivo,\u00a0<strong>es garantizar la confiabilidad de las mediciones, el correcto funcionamiento de los sistemas y la trazabilidad de la informaci\u00f3n<\/strong>.<\/p>\n<p>Para la realizaci\u00f3n de esta auditor\u00eda, fue seleccionada\u00a0<strong>la Universidad Tecnol\u00f3gica Nacional (UTN), sede Bah\u00eda Blanca<\/strong>, cuyos representantes t\u00e9cnicos estuvieron a cargo de las tareas de auditor\u00eda, con la participaci\u00f3n y acompa\u00f1amiento de la autoridad provincial.<\/p>\n<p>El plan de trabajo comprendi\u00f3 la\u00a0<strong>revisi\u00f3n de los tanques TK 2018 y TK 2019 e incluy\u00f3 una reuni\u00f3n de apertura<\/strong>, las tareas de campo y una instancia de cierre, con la correspondiente documentaci\u00f3n de los trabajos realizados.<\/p>\n<p>Desde la\u00a0<strong>Subsecretar\u00eda de Control T\u00e9cnico Operativo<\/strong>\u00a0de la Cuenca del Golfo San Jorge,\u00a0<strong>se acompa\u00f1\u00f3 el desarrollo de la jornada en el marco de las funciones de control y fiscalizaci\u00f3n<\/strong> que lleva adelante el Ministerio de Energ\u00eda y Miner\u00eda, contribuyendo al seguimiento de los sistemas de medici\u00f3n y al cumplimiento de las disposiciones vigentes.<\/p>\n<\/div>\n<\/div>\n<\/section>\n<aside class=\"ssi-block-side\">\n<aside class=\"a-gallery mt-2\">\n<div class=\"row g-3 ssigallery-frontend mt-3 row-cols-2 row-cols-sm-3 row-cols-md-3 row-cols-lg-4\">\n<div class=\"col-6 col-sm-4 col-md-4 col-lg-3 mt-0\"><a class=\"ssig-item\" href=\"https:\/\/noticias.santacruz.gob.ar\/media\/ssigallery\/articulos\/26310\/galeria\/AUDITOR__A_PLANTA_TERMAP_1.jpg\" data-ssig=\"1\" data-caption=\"\" data-fancybox=\"ssigallery-article-26310\"><img decoding=\"async\" class=\"img-fluid rounded lazyload\" data-src=\"https:\/\/noticias.santacruz.gob.ar\/media\/ssigallery\/articulos\/26310\/galeria\/thumbs\/AUDITOR__A_PLANTA_TERMAP_1.jpg\" alt=\"Realizan la auditor\u00eda anual de los sistemas de medici\u00f3n de la planta de TERMAP\" src=\"data:image\/svg+xml;base64,PHN2ZyB3aWR0aD0iMSIgaGVpZ2h0PSIxIiB4bWxucz0iaHR0cDovL3d3dy53My5vcmcvMjAwMC9zdmciPjwvc3ZnPg==\" \/><\/a><\/div>\n<div class=\"col-6 col-sm-4 col-md-4 col-lg-3 mt-0\"><a class=\"ssig-item\" href=\"https:\/\/noticias.santacruz.gob.ar\/media\/ssigallery\/articulos\/26310\/galeria\/AUDITOR__A_PLANTA_TERMAP_2.jpg\" data-ssig=\"1\" data-caption=\"\" data-fancybox=\"ssigallery-article-26310\"><img decoding=\"async\" class=\"img-fluid rounded lazyload\" data-src=\"https:\/\/noticias.santacruz.gob.ar\/media\/ssigallery\/articulos\/26310\/galeria\/thumbs\/AUDITOR__A_PLANTA_TERMAP_2.jpg\" alt=\"Realizan la auditor\u00eda anual de los sistemas de medici\u00f3n de la planta de TERMAP\" src=\"data:image\/svg+xml;base64,PHN2ZyB3aWR0aD0iMSIgaGVpZ2h0PSIxIiB4bWxucz0iaHR0cDovL3d3dy53My5vcmcvMjAwMC9zdmciPjwvc3ZnPg==\" \/><\/a><\/div>\n<\/div>\n<\/aside>\n<\/aside>\n<\/div>\n<\/div>\n","protected":false},"excerpt":{"rendered":"<p>31 de Agosto 2026. El Gobierno Provincial, a trav\u00e9s del Ministerio de Energ\u00eda y Miner\u00eda, particip\u00f3 de la jornada de<\/p>\n","protected":false},"author":8,"featured_media":47701,"comment_status":"open","ping_status":"closed","sticky":false,"template":"","format":"standard","meta":{"footnotes":""},"categories":[1859],"tags":[],"class_list":["post-47700","post","type-post","status-publish","format-standard","has-post-thumbnail","hentry","category-energia-2"],"_links":{"self":[{"href":"https:\/\/ecosdelsur.com\/index.php?rest_route=\/wp\/v2\/posts\/47700","targetHints":{"allow":["GET"]}}],"collection":[{"href":"https:\/\/ecosdelsur.com\/index.php?rest_route=\/wp\/v2\/posts"}],"about":[{"href":"https:\/\/ecosdelsur.com\/index.php?rest_route=\/wp\/v2\/types\/post"}],"author":[{"embeddable":true,"href":"https:\/\/ecosdelsur.com\/index.php?rest_route=\/wp\/v2\/users\/8"}],"replies":[{"embeddable":true,"href":"https:\/\/ecosdelsur.com\/index.php?rest_route=%2Fwp%2Fv2%2Fcomments&post=47700"}],"version-history":[{"count":1,"href":"https:\/\/ecosdelsur.com\/index.php?rest_route=\/wp\/v2\/posts\/47700\/revisions"}],"predecessor-version":[{"id":47702,"href":"https:\/\/ecosdelsur.com\/index.php?rest_route=\/wp\/v2\/posts\/47700\/revisions\/47702"}],"wp:featuredmedia":[{"embeddable":true,"href":"https:\/\/ecosdelsur.com\/index.php?rest_route=\/wp\/v2\/media\/47701"}],"wp:attachment":[{"href":"https:\/\/ecosdelsur.com\/index.php?rest_route=%2Fwp%2Fv2%2Fmedia&parent=47700"}],"wp:term":[{"taxonomy":"category","embeddable":true,"href":"https:\/\/ecosdelsur.com\/index.php?rest_route=%2Fwp%2Fv2%2Fcategories&post=47700"},{"taxonomy":"post_tag","embeddable":true,"href":"https:\/\/ecosdelsur.com\/index.php?rest_route=%2Fwp%2Fv2%2Ftags&post=47700"}],"curies":[{"name":"wp","href":"https:\/\/api.w.org\/{rel}","templated":true}]}}