{"id":47697,"date":"2026-09-01T12:24:01","date_gmt":"2026-09-01T15:24:01","guid":{"rendered":"https:\/\/ecosdelsur.com\/?p=47697"},"modified":"2026-09-01T12:24:01","modified_gmt":"2026-09-01T15:24:01","slug":"distrigas-extendio-la-red-de-gas-licuado-para-15-familias-de-los-antiguos-2","status":"publish","type":"post","link":"https:\/\/ecosdelsur.com\/?p=47697","title":{"rendered":"Distrigas extendi\u00f3 la red de gas licuado para 15 familias de Los Antiguos"},"content":{"rendered":"<p><span style=\"color: #ff0000;\">01 de Septiembre 2026. <\/span>Varias de ellas hac\u00edan m\u00e1s de un lustro que esperaban por el gas. Esta es una obra que comenz\u00f3 y termin\u00f3 dentro de esta gesti\u00f3n. Juan Carlos Berazaluce, presidente de la empresa adelant\u00f3 la terminaci\u00f3n m\u00e1s redes en Jaramillo y Fitz Roy.<\/p>\n<div class=\"redes mb-3\">\n<div class=\"d-flex flex-wrap justify-content-between align-items-center gap-3 my-2 mx-1\">\n<p>El Gobierno de Santa Cruz contin\u00faa saldando deudas hist\u00f3ricas mediante la ampliaci\u00f3n de los servicios b\u00e1sicos en las localidades del interior. Esta acci\u00f3n busca equiparar las condiciones de vida y garantizar el desarrollo de cada vecino.<\/p>\n<p>El presidente de Distrigas S.A., Juan Carlos Berasaluce, confirm\u00f3 la finalizaci\u00f3n del anillado de red para cuatro manzanas en el barrio Salud de Los Antiguos. La medida, impulsada por la gesti\u00f3n provincial, beneficia directamente a 15 familias que esperaban el servicio desde hace m\u00e1s de cinco a\u00f1os.<\/p>\n<p><strong>Sostenido avance de las redes de gas en el interior santacruce\u00f1o<\/strong><\/p>\n<p>La obra concretada en Los Antiguos consiste en un anillado de red para gas licuado de propano (GLP) que abarca cuatro manzanas urbanas y permite erradicar el uso diario de le\u00f1a o garrafas de diez y cuarenta y cinco kilos. &#8220;En este nuevo barrio hay 15 familias que acceden a la posibilidad de tener el gas tan necesario que<strong>\u00a0hace m\u00e1s de 5 a\u00f1os que lo estaban esperando&#8221;<\/strong>, afirm\u00f3\u00a0<strong>Juan Carlos Berasaluce.\u00a0<\/strong><\/p>\n<blockquote class=\"ssi-editorial-block ssi-quote ssi-quote-featured\"><p>&#8220;Cada vez que nosotros conectamos obras de esta naturaleza, la gente siempre nos dice que entre 5 y 12 a\u00f1os son los t\u00e9rminos que estaban esperando el servicio&#8221;, remarc\u00f3.<\/p><\/blockquote>\n<p>El proceso t\u00e9cnico implica un cambio directo en la cotidianeidad de las familias y en la seguridad edilicia de los hogares. Respecto de la modalidad de calefacci\u00f3n previa a la llegada del servicio estatal, el titular del organismo estatal explic\u00f3 que\u00a0<strong>&#8220;<\/strong>la gente ah\u00ed por ah\u00ed ten\u00eda su red interna hecha, pero funciona con tubos de\u00a0<strong>garrafas de 10 kilos o tubos de 45, y en algunos casos con le\u00f1a&#8221;<\/strong>.<\/p>\n<p>Frente a esta situaci\u00f3n y los imprevistos que genera en la \u00e9poca invernal, enfatiz\u00f3 que\u00a0<strong>&#8220;<\/strong>a partir de ahora Distrigas est\u00e1 haciendo todo lo posible para poder hacer los anillados correspondientes y que la mayor cantidad de gente se una al servicio<strong>&#8220;<\/strong>.<\/p>\n<h2>Prevenci\u00f3n, normas t\u00e9cnicas y alcance territorial<\/h2>\n<p>El paso a la red distribuida exige controles estrictos para garantizar la seguridad operacional de las fincas conectadas.\u00a0<strong>&#8220;Siempre hay programas de educaci\u00f3n con respecto al mon\u00f3xido y con respecto a las instalaciones que deben ser ejecutadas por un profesional matriculado&#8221;<\/strong>, detall\u00f3 el funcionario, asegurando adem\u00e1s que &#8220;una vez que Distrigas o cualquier distribuidora hace la conexi\u00f3n domiciliaria, se fija que toda la instalaci\u00f3n interna tenga que estar avalada por un matriculado&#8221;.<\/p>\n<p>Esta metodolog\u00eda de trabajo se replica de forma simult\u00e1nea en diversos puntos geogr\u00e1ficos de la provincia para dar respuesta a la demanda acumulada.\u00a0<strong>&#8220;<\/strong>Ahora est\u00e1bamos en<strong>\u00a0Jaramillo\u00a0<\/strong>que hac\u00eda tambi\u00e9n 5 a\u00f1os que no se hab\u00eda hecho una conexi\u00f3n de gas y una ampliaci\u00f3n de red;\u00a0<strong>se anunci\u00f3 hace 20 d\u00edas y ya la obra est\u00e1 terminando,\u00a0<\/strong>son 4 manzanas: 2 en Jaramillo y 2 en Fitz Roy&#8221;.<\/p>\n<blockquote class=\"ssi-editorial-block ssi-quote ssi-quote-featured\"><p>&#8220;Es una orden del gobernador de que todos los santacruce\u00f1os puedan mejorar su calidad de vida, aquellos que no tienen el acceso al gas&#8221;<\/p><\/blockquote>\n<h2>Esquema de obras y financiamiento provincial<\/h2>\n<p>La planificaci\u00f3n de la infraestructura t\u00e9cnica de la provincia se encuentra supeditada a las variables de financiamiento que determine la administraci\u00f3n central. El titular de Distrigas record\u00f3 la negativa de la oposici\u00f3n a otorgar la ley para el acceso al Financiamiento Estrat\u00e9gico.\u00a0<strong>&#8220;Seguramente tiene influencia eso a la hora de repartir los fondos para las obras que se necesitan&#8221;<\/strong>.<\/p>\n<p>En ese sentido, el titular de la distribuidora concluy\u00f3 expresando la postura operativa del organismo frente a los recursos disponibles:<\/p>\n<blockquote class=\"ssi-editorial-block ssi-quote ssi-quote-featured\"><p>&#8220;Nosotros tenemos un c\u00e1lculo hecho para obras que pedimos, la idea es poder seguir adelante y poder tener ese financiamiento, esa herramienta para poder ejecutar las obras en toda la provincia&#8221;.<\/p><\/blockquote>\n<\/div>\n<\/div>\n","protected":false},"excerpt":{"rendered":"<p>01 de Septiembre 2026. Varias de ellas hac\u00edan m\u00e1s de un lustro que esperaban por el gas. Esta es una<\/p>\n","protected":false},"author":8,"featured_media":47698,"comment_status":"open","ping_status":"closed","sticky":false,"template":"","format":"standard","meta":{"footnotes":""},"categories":[1094],"tags":[],"class_list":["post-47697","post","type-post","status-publish","format-standard","has-post-thumbnail","hentry","category-gobierno"],"_links":{"self":[{"href":"https:\/\/ecosdelsur.com\/index.php?rest_route=\/wp\/v2\/posts\/47697","targetHints":{"allow":["GET"]}}],"collection":[{"href":"https:\/\/ecosdelsur.com\/index.php?rest_route=\/wp\/v2\/posts"}],"about":[{"href":"https:\/\/ecosdelsur.com\/index.php?rest_route=\/wp\/v2\/types\/post"}],"author":[{"embeddable":true,"href":"https:\/\/ecosdelsur.com\/index.php?rest_route=\/wp\/v2\/users\/8"}],"replies":[{"embeddable":true,"href":"https:\/\/ecosdelsur.com\/index.php?rest_route=%2Fwp%2Fv2%2Fcomments&post=47697"}],"version-history":[{"count":1,"href":"https:\/\/ecosdelsur.com\/index.php?rest_route=\/wp\/v2\/posts\/47697\/revisions"}],"predecessor-version":[{"id":47699,"href":"https:\/\/ecosdelsur.com\/index.php?rest_route=\/wp\/v2\/posts\/47697\/revisions\/47699"}],"wp:featuredmedia":[{"embeddable":true,"href":"https:\/\/ecosdelsur.com\/index.php?rest_route=\/wp\/v2\/media\/47698"}],"wp:attachment":[{"href":"https:\/\/ecosdelsur.com\/index.php?rest_route=%2Fwp%2Fv2%2Fmedia&parent=47697"}],"wp:term":[{"taxonomy":"category","embeddable":true,"href":"https:\/\/ecosdelsur.com\/index.php?rest_route=%2Fwp%2Fv2%2Fcategories&post=47697"},{"taxonomy":"post_tag","embeddable":true,"href":"https:\/\/ecosdelsur.com\/index.php?rest_route=%2Fwp%2Fv2%2Ftags&post=47697"}],"curies":[{"name":"wp","href":"https:\/\/api.w.org\/{rel}","templated":true}]}}