{"id":47670,"date":"2026-08-31T20:17:16","date_gmt":"2026-08-31T23:17:16","guid":{"rendered":"https:\/\/ecosdelsur.com\/?p=47670"},"modified":"2026-08-31T20:17:16","modified_gmt":"2026-08-31T23:17:16","slug":"transformar-la-educacion-secundaria-iniciaron-las-visitas-institucionales-en-las-escuelas-de-santa-cruz","status":"publish","type":"post","link":"https:\/\/ecosdelsur.com\/?p=47670","title":{"rendered":"Transformar la Educaci\u00f3n Secundaria: Iniciaron las visitas institucionales en las escuelas de Santa Cruz"},"content":{"rendered":"<p><span style=\"color: #ff0000;\">31 de Agosto 2026. <\/span>En el marco de un trabajo articulado entre el Consejo Provincial de Educaci\u00f3n, la Fundaci\u00f3n Banco Santa Cruz, las Fundaciones Grupo Petersen y Somos Red, este lunes 31 de agosto comenz\u00f3 una nueva instancia de Transformar la Secundaria Santa Cruz.<\/p>\n<div class=\"redes mb-3\">\n<div class=\"d-flex flex-wrap justify-content-between align-items-center gap-3 my-2 mx-1\">\n<section class=\"ssi-block-main mb-5\">\n<div class=\"mb-2\">\n<div class=\"article-full\">\n<p>El recorrido comienza en Caleta Olivia, con la visita a la\u00a0<strong>Escuela Industrial de Caleta Olivia N\u00b0 1,<\/strong>\u00a0durante la ma\u00f1ana, y al\u00a0<strong>Colegio Provincial de Educaci\u00f3n Secundaria N\u00b0 13,<\/strong>\u00a0por la tarde. Estas ser\u00e1n las primeras de un total de 17 visitas institucionales que se desarrollar\u00e1n durante las pr\u00f3ximas semanas en distintas localidades de la provincia.<\/p>\n<p>Las jornadas cuentan con la participaci\u00f3n de Ver\u00f3nica Wachsmuth, especialista de Somos Red,\u00a0<strong>y Andrea Bahamonde<\/strong>, coordinadora de Fundaci\u00f3n Banco Santa Cruz. Asimismo, acompa\u00f1an esta primera jornada los supervisores de ambas instituciones y Magdalena Paredes, directora Regional de Zona Norte del Consejo Provincial de Educaci\u00f3n.<\/p>\n<h2>Ejes de trabajo y acompa\u00f1amiento situado<\/h2>\n<p>Las visitas constituyen una instancia de acompa\u00f1amiento situado a cada escuela, que permite trabajar junto a sus equipos a partir de la realidad de cada instituci\u00f3n y del camino recorrido en el marco del programa.<\/p>\n<p>Durante los encuentros se busca recuperar los avances alcanzados, reconocer los desaf\u00edos y proyectar los pr\u00f3ximos pasos, profundizando el trabajo sobre las prioridades de cada escuela. En esta etapa, se pondr\u00e1 especial atenci\u00f3n en el\u00a0<strong>Proyecto Educativo Institucional (PEI)<\/strong>\u00a0y en la consolidaci\u00f3n de acciones orientadas a la mejora de los aprendizajes, el acompa\u00f1amiento de las trayectorias escolares,\u00a0<strong>la innovaci\u00f3n pedag\u00f3gica, el liderazgo y la construcci\u00f3n de una cultura<\/strong>\u00a0escolar transformadora.<\/p>\n<p>De esta manera, las visitas permiten llevar el acompa\u00f1amiento directamente al territorio y generar un espacio de\u00a0<strong>reflexi\u00f3n, intercambio y construcci\u00f3n conjunta con cada comunidad<\/strong>\u00a0educativa, fortaleciendo los procesos de mejora que las escuelas vienen desarrollando.<\/p>\n<p><strong>Una recorrida que llegar\u00e1 a distintas localidades de Santa Cruz<\/strong><\/p>\n<p>A partir de esta primera jornada en Caleta Olivia, las visitas continuar\u00e1n durante septiembre por instituciones de\u00a0<strong>Las Heras, Pico Truncado, Tellier, Puerto Deseado, El Calafate, R\u00edo Turbio, R\u00edo Gallegos, Comandante Luis Piedra Buena y Puerto San Juli\u00e1n<\/strong>, completando un recorrido de 17 visitas institucionales.<\/p>\n<p>El objetivo es que cada encuentro permita mirar el proceso de transformaci\u00f3n desde la realidad concreta de cada escuela y continuar construyendo, junto a sus equipos, estrategias que puedan sostenerse e institucionalizarse en el tiempo.<\/p>\n<\/div>\n<\/div>\n<\/section>\n<aside class=\"ssi-block-side\">\n<aside class=\"a-gallery mt-2\">\n<div class=\"row g-3 ssigallery-frontend mt-3 row-cols-2 row-cols-sm-3 row-cols-md-3 row-cols-lg-4\">\n<div class=\"col-6 col-sm-4 col-md-4 col-lg-3 mt-0\"><a class=\"ssig-item\" href=\"https:\/\/noticias.santacruz.gob.ar\/media\/ssigallery\/articulos\/26306\/galeria\/260831-TRANSFORMAR_LA_EDUCACI__N_SECUNDARIA__1_.jpg\" data-ssig=\"1\" data-caption=\"\" data-fancybox=\"ssigallery-article-26306\"><img decoding=\"async\" class=\"img-fluid rounded lazyload\" data-src=\"https:\/\/noticias.santacruz.gob.ar\/media\/ssigallery\/articulos\/26306\/galeria\/thumbs\/260831-TRANSFORMAR_LA_EDUCACI__N_SECUNDARIA__1_.jpg\" alt=\"Transformar la Educaci\u00f3n Secundaria: Iniciaron las visitas institucionales en las escuelas de Santa Cruz\" src=\"data:image\/svg+xml;base64,PHN2ZyB3aWR0aD0iMSIgaGVpZ2h0PSIxIiB4bWxucz0iaHR0cDovL3d3dy53My5vcmcvMjAwMC9zdmciPjwvc3ZnPg==\" \/><\/a><\/div>\n<div class=\"col-6 col-sm-4 col-md-4 col-lg-3 mt-0\"><a class=\"ssig-item\" href=\"https:\/\/noticias.santacruz.gob.ar\/media\/ssigallery\/articulos\/26306\/galeria\/260831-TRANSFORMAR_LA_EDUCACI__N_SECUNDARIA__2_.jpg\" data-ssig=\"1\" data-caption=\"\" data-fancybox=\"ssigallery-article-26306\"><img decoding=\"async\" class=\"img-fluid rounded lazyload\" data-src=\"https:\/\/noticias.santacruz.gob.ar\/media\/ssigallery\/articulos\/26306\/galeria\/thumbs\/260831-TRANSFORMAR_LA_EDUCACI__N_SECUNDARIA__2_.jpg\" alt=\"Transformar la Educaci\u00f3n Secundaria: Iniciaron las visitas institucionales en las escuelas de Santa Cruz\" src=\"data:image\/svg+xml;base64,PHN2ZyB3aWR0aD0iMSIgaGVpZ2h0PSIxIiB4bWxucz0iaHR0cDovL3d3dy53My5vcmcvMjAwMC9zdmciPjwvc3ZnPg==\" \/><\/a><\/div>\n<div class=\"col-6 col-sm-4 col-md-4 col-lg-3 mt-0\"><a class=\"ssig-item\" href=\"https:\/\/noticias.santacruz.gob.ar\/media\/ssigallery\/articulos\/26306\/galeria\/260831-TRANSFORMAR_LA_EDUCACI__N_SECUNDARIA__4_.jpg\" data-ssig=\"1\" data-caption=\"\" data-fancybox=\"ssigallery-article-26306\"><img decoding=\"async\" class=\"img-fluid rounded lazyload\" data-src=\"https:\/\/noticias.santacruz.gob.ar\/media\/ssigallery\/articulos\/26306\/galeria\/thumbs\/260831-TRANSFORMAR_LA_EDUCACI__N_SECUNDARIA__4_.jpg\" alt=\"Transformar la Educaci\u00f3n Secundaria: Iniciaron las visitas institucionales en las escuelas de Santa Cruz\" src=\"data:image\/svg+xml;base64,PHN2ZyB3aWR0aD0iMSIgaGVpZ2h0PSIxIiB4bWxucz0iaHR0cDovL3d3dy53My5vcmcvMjAwMC9zdmciPjwvc3ZnPg==\" \/><\/a><\/div>\n<div class=\"col-6 col-sm-4 col-md-4 col-lg-3 mt-0\"><a class=\"ssig-item\" href=\"https:\/\/noticias.santacruz.gob.ar\/media\/ssigallery\/articulos\/26306\/galeria\/260831-TRANSFORMAR_LA_EDUCACI__N_SECUNDARIA__8_.jpg\" data-ssig=\"1\" data-caption=\"\" data-fancybox=\"ssigallery-article-26306\"><img decoding=\"async\" class=\"img-fluid rounded lazyload\" data-src=\"https:\/\/noticias.santacruz.gob.ar\/media\/ssigallery\/articulos\/26306\/galeria\/thumbs\/260831-TRANSFORMAR_LA_EDUCACI__N_SECUNDARIA__8_.jpg\" alt=\"Transformar la Educaci\u00f3n Secundaria: Iniciaron las visitas institucionales en las escuelas de Santa Cruz\" src=\"data:image\/svg+xml;base64,PHN2ZyB3aWR0aD0iMSIgaGVpZ2h0PSIxIiB4bWxucz0iaHR0cDovL3d3dy53My5vcmcvMjAwMC9zdmciPjwvc3ZnPg==\" \/><\/a><\/div>\n<\/div>\n<\/aside>\n<\/aside>\n<\/div>\n<\/div>\n","protected":false},"excerpt":{"rendered":"<p>31 de Agosto 2026. En el marco de un trabajo articulado entre el Consejo Provincial de Educaci\u00f3n, la Fundaci\u00f3n Banco<\/p>\n","protected":false},"author":8,"featured_media":47671,"comment_status":"open","ping_status":"closed","sticky":false,"template":"","format":"standard","meta":{"footnotes":""},"categories":[89],"tags":[],"class_list":["post-47670","post","type-post","status-publish","format-standard","has-post-thumbnail","hentry","category-educacion"],"_links":{"self":[{"href":"https:\/\/ecosdelsur.com\/index.php?rest_route=\/wp\/v2\/posts\/47670","targetHints":{"allow":["GET"]}}],"collection":[{"href":"https:\/\/ecosdelsur.com\/index.php?rest_route=\/wp\/v2\/posts"}],"about":[{"href":"https:\/\/ecosdelsur.com\/index.php?rest_route=\/wp\/v2\/types\/post"}],"author":[{"embeddable":true,"href":"https:\/\/ecosdelsur.com\/index.php?rest_route=\/wp\/v2\/users\/8"}],"replies":[{"embeddable":true,"href":"https:\/\/ecosdelsur.com\/index.php?rest_route=%2Fwp%2Fv2%2Fcomments&post=47670"}],"version-history":[{"count":1,"href":"https:\/\/ecosdelsur.com\/index.php?rest_route=\/wp\/v2\/posts\/47670\/revisions"}],"predecessor-version":[{"id":47672,"href":"https:\/\/ecosdelsur.com\/index.php?rest_route=\/wp\/v2\/posts\/47670\/revisions\/47672"}],"wp:featuredmedia":[{"embeddable":true,"href":"https:\/\/ecosdelsur.com\/index.php?rest_route=\/wp\/v2\/media\/47671"}],"wp:attachment":[{"href":"https:\/\/ecosdelsur.com\/index.php?rest_route=%2Fwp%2Fv2%2Fmedia&parent=47670"}],"wp:term":[{"taxonomy":"category","embeddable":true,"href":"https:\/\/ecosdelsur.com\/index.php?rest_route=%2Fwp%2Fv2%2Fcategories&post=47670"},{"taxonomy":"post_tag","embeddable":true,"href":"https:\/\/ecosdelsur.com\/index.php?rest_route=%2Fwp%2Fv2%2Ftags&post=47670"}],"curies":[{"name":"wp","href":"https:\/\/api.w.org\/{rel}","templated":true}]}}