{"id":47664,"date":"2026-08-31T20:13:07","date_gmt":"2026-08-31T23:13:07","guid":{"rendered":"https:\/\/ecosdelsur.com\/?p=47664"},"modified":"2026-08-31T20:13:07","modified_gmt":"2026-08-31T23:13:07","slug":"educacion-inicial-realizo-el-taller-familias-que-leen-infancias-que-suenan-en-caleta-olivia","status":"publish","type":"post","link":"https:\/\/ecosdelsur.com\/?p=47664","title":{"rendered":"Educaci\u00f3n Inicial realiz\u00f3 el taller \u201cFamilias que leen, infancias que sue\u00f1an\u201d en Caleta Olivia"},"content":{"rendered":"<p><span style=\"color: #ff0000;\">31 de Agosto 2026. <\/span>La propuesta se llev\u00f3 a cabo en el Jard\u00edn de Infantes N\u00b0 18, cont\u00f3 con la participaci\u00f3n de la profesora y escritora local Ver\u00f3nica Lamberti y busc\u00f3 promover el v\u00ednculo de las familias con la lectura en las primeras infancias.<\/p>\n<div class=\"redes mb-3\">\n<div class=\"d-flex flex-wrap justify-content-between align-items-center gap-3 my-2 mx-1\">\n<section class=\"ssi-block-main mb-5\">\n<div class=\"mb-2\">\n<div class=\"article-full\">\n<p>El Consejo Provincial de Educaci\u00f3n, a trav\u00e9s de la Direcci\u00f3n Provincial de Educaci\u00f3n Inicial, llev\u00f3 a cabo el taller de alfabetizaci\u00f3n de lectura de la voz hablada \u201cFamilias que leen, infancias que sue\u00f1an\u201d en las instalaciones del Jard\u00edn de Infantes N\u00b0 18 de la localidad de Caleta Olivia.<\/p>\n<h2>Encuentro con la lectura y la comunidad<\/h2>\n<p>La jornada, desarrollada tanto en el turno ma\u00f1ana como en el turno tarde, tuvo como objetivo principal promover el acercamiento de las familias a la lectura desde las primeras infancias, fortaleciendo el v\u00ednculo pedag\u00f3gico y comunitario entre la instituci\u00f3n educativa y los hogares.<\/p>\n<p>Durante las actividades se cont\u00f3 con el acompa\u00f1amiento de la profesora de Educaci\u00f3n Inicial, escritora local y mediadora de lectura Ver\u00f3nica Lamberti, quien comparti\u00f3 sus obras e impuls\u00f3 din\u00e1micas orientadas a la literatura infantil y a la escucha atenta.<\/p>\n<h2>La voz de la especialista<\/h2>\n<p>En relaci\u00f3n a la experiencia compartida, Lamberti destac\u00f3 el valor de haber llevado adelante ambas jornadas junto a las familias en el marco del Plan Provincial de Alfabetizaci\u00f3n. Asimismo, la educadora consider\u00f3 fundamental la generaci\u00f3n de este tipo de espacios para que la comunidad pueda vivenciar un contacto directo y enriquecedor con el libro y la palabra. Finalmente, hizo p\u00fablico su agradecimiento hacia las coordinadoras y el equipo directivo del establecimiento por la convocatoria.<\/p>\n<h2>Compromiso con la primera infancia<\/h2>\n<p>A trav\u00e9s de estas acciones, la Direcci\u00f3n Provincial de Educaci\u00f3n Inicial reafirma su compromiso con el desarrollo de pol\u00edticas p\u00fablicas orientadas a garantizar la alfabetizaci\u00f3n temprana, la literatura infantil y el acompa\u00f1amiento integral de las infancias santacruce\u00f1as.<\/p>\n<\/div>\n<\/div>\n<\/section>\n<aside class=\"ssi-block-side\">\n<aside class=\"a-gallery mt-2\">\n<div class=\"row g-3 ssigallery-frontend mt-3 row-cols-2 row-cols-sm-3 row-cols-md-3 row-cols-lg-4\">\n<div class=\"col-6 col-sm-4 col-md-4 col-lg-3 mt-0\"><a class=\"ssig-item\" href=\"https:\/\/noticias.santacruz.gob.ar\/media\/ssigallery\/articulos\/26304\/galeria\/260831-JORNADA_JIN_18__10_.jpg\" data-ssig=\"1\" data-caption=\"\" data-fancybox=\"ssigallery-article-26304\"><img decoding=\"async\" class=\"img-fluid rounded lazyload\" data-src=\"https:\/\/noticias.santacruz.gob.ar\/media\/ssigallery\/articulos\/26304\/galeria\/thumbs\/260831-JORNADA_JIN_18__10_.jpg\" alt=\"Educaci\u00f3n Inicial realiz\u00f3 el taller \u201cFamilias que leen, infancias que sue\u00f1an\u201d en Caleta Olivia\" src=\"data:image\/svg+xml;base64,PHN2ZyB3aWR0aD0iMSIgaGVpZ2h0PSIxIiB4bWxucz0iaHR0cDovL3d3dy53My5vcmcvMjAwMC9zdmciPjwvc3ZnPg==\" \/><\/a><\/div>\n<div class=\"col-6 col-sm-4 col-md-4 col-lg-3 mt-0\"><a class=\"ssig-item\" href=\"https:\/\/noticias.santacruz.gob.ar\/media\/ssigallery\/articulos\/26304\/galeria\/260831-JORNADA_JIN_18__1_.jpg\" data-ssig=\"1\" data-caption=\"\" data-fancybox=\"ssigallery-article-26304\"><img decoding=\"async\" class=\"img-fluid rounded lazyload\" data-src=\"https:\/\/noticias.santacruz.gob.ar\/media\/ssigallery\/articulos\/26304\/galeria\/thumbs\/260831-JORNADA_JIN_18__1_.jpg\" alt=\"Educaci\u00f3n Inicial realiz\u00f3 el taller \u201cFamilias que leen, infancias que sue\u00f1an\u201d en Caleta Olivia\" src=\"data:image\/svg+xml;base64,PHN2ZyB3aWR0aD0iMSIgaGVpZ2h0PSIxIiB4bWxucz0iaHR0cDovL3d3dy53My5vcmcvMjAwMC9zdmciPjwvc3ZnPg==\" \/><\/a><\/div>\n<div class=\"col-6 col-sm-4 col-md-4 col-lg-3 mt-0\"><a class=\"ssig-item\" href=\"https:\/\/noticias.santacruz.gob.ar\/media\/ssigallery\/articulos\/26304\/galeria\/260831-JORNADA_JIN_18__5_.jpg\" data-ssig=\"1\" data-caption=\"\" data-fancybox=\"ssigallery-article-26304\"><img decoding=\"async\" class=\"img-fluid rounded lazyload\" data-src=\"https:\/\/noticias.santacruz.gob.ar\/media\/ssigallery\/articulos\/26304\/galeria\/thumbs\/260831-JORNADA_JIN_18__5_.jpg\" alt=\"Educaci\u00f3n Inicial realiz\u00f3 el taller \u201cFamilias que leen, infancias que sue\u00f1an\u201d en Caleta Olivia\" src=\"data:image\/svg+xml;base64,PHN2ZyB3aWR0aD0iMSIgaGVpZ2h0PSIxIiB4bWxucz0iaHR0cDovL3d3dy53My5vcmcvMjAwMC9zdmciPjwvc3ZnPg==\" \/><\/a><\/div>\n<div class=\"col-6 col-sm-4 col-md-4 col-lg-3 mt-0\"><a class=\"ssig-item\" href=\"https:\/\/noticias.santacruz.gob.ar\/media\/ssigallery\/articulos\/26304\/galeria\/260831-JORNADA_JIN_18__9_.jpg\" data-ssig=\"1\" data-caption=\"\" data-fancybox=\"ssigallery-article-26304\"><img decoding=\"async\" class=\"img-fluid rounded lazyload\" data-src=\"https:\/\/noticias.santacruz.gob.ar\/media\/ssigallery\/articulos\/26304\/galeria\/thumbs\/260831-JORNADA_JIN_18__9_.jpg\" alt=\"Educaci\u00f3n Inicial realiz\u00f3 el taller \u201cFamilias que leen, infancias que sue\u00f1an\u201d en Caleta Olivia\" src=\"data:image\/svg+xml;base64,PHN2ZyB3aWR0aD0iMSIgaGVpZ2h0PSIxIiB4bWxucz0iaHR0cDovL3d3dy53My5vcmcvMjAwMC9zdmciPjwvc3ZnPg==\" \/><\/a><\/div>\n<\/div>\n<\/aside>\n<\/aside>\n<\/div>\n<\/div>\n","protected":false},"excerpt":{"rendered":"<p>31 de Agosto 2026. La propuesta se llev\u00f3 a cabo en el Jard\u00edn de Infantes N\u00b0 18, cont\u00f3 con la<\/p>\n","protected":false},"author":8,"featured_media":47665,"comment_status":"open","ping_status":"closed","sticky":false,"template":"","format":"standard","meta":{"footnotes":""},"categories":[89],"tags":[],"class_list":["post-47664","post","type-post","status-publish","format-standard","has-post-thumbnail","hentry","category-educacion"],"_links":{"self":[{"href":"https:\/\/ecosdelsur.com\/index.php?rest_route=\/wp\/v2\/posts\/47664","targetHints":{"allow":["GET"]}}],"collection":[{"href":"https:\/\/ecosdelsur.com\/index.php?rest_route=\/wp\/v2\/posts"}],"about":[{"href":"https:\/\/ecosdelsur.com\/index.php?rest_route=\/wp\/v2\/types\/post"}],"author":[{"embeddable":true,"href":"https:\/\/ecosdelsur.com\/index.php?rest_route=\/wp\/v2\/users\/8"}],"replies":[{"embeddable":true,"href":"https:\/\/ecosdelsur.com\/index.php?rest_route=%2Fwp%2Fv2%2Fcomments&post=47664"}],"version-history":[{"count":1,"href":"https:\/\/ecosdelsur.com\/index.php?rest_route=\/wp\/v2\/posts\/47664\/revisions"}],"predecessor-version":[{"id":47666,"href":"https:\/\/ecosdelsur.com\/index.php?rest_route=\/wp\/v2\/posts\/47664\/revisions\/47666"}],"wp:featuredmedia":[{"embeddable":true,"href":"https:\/\/ecosdelsur.com\/index.php?rest_route=\/wp\/v2\/media\/47665"}],"wp:attachment":[{"href":"https:\/\/ecosdelsur.com\/index.php?rest_route=%2Fwp%2Fv2%2Fmedia&parent=47664"}],"wp:term":[{"taxonomy":"category","embeddable":true,"href":"https:\/\/ecosdelsur.com\/index.php?rest_route=%2Fwp%2Fv2%2Fcategories&post=47664"},{"taxonomy":"post_tag","embeddable":true,"href":"https:\/\/ecosdelsur.com\/index.php?rest_route=%2Fwp%2Fv2%2Ftags&post=47664"}],"curies":[{"name":"wp","href":"https:\/\/api.w.org\/{rel}","templated":true}]}}