{"id":47661,"date":"2026-08-31T20:09:22","date_gmt":"2026-08-31T23:09:22","guid":{"rendered":"https:\/\/ecosdelsur.com\/?p=47661"},"modified":"2026-08-31T20:09:22","modified_gmt":"2026-08-31T23:09:22","slug":"el-calafate-se-presentaron-y-entregaron-libros-para-fortalecer-la-alfabetizacion-inicial","status":"publish","type":"post","link":"https:\/\/ecosdelsur.com\/?p=47661","title":{"rendered":"El Calafate: se presentaron y entregaron libros para fortalecer la alfabetizaci\u00f3n inicial"},"content":{"rendered":"<p><span style=\"color: #ff0000;\">31 de Agosto 2026. <\/span>En el marco del Plan Provincial de Alfabetizaci\u00f3n &#8220;Plen@&#8221;, el Consejo Provincial de Educaci\u00f3n realiz\u00f3 la presentaci\u00f3n y entrega formal de nuevo material bibliogr\u00e1fico dise\u00f1ado espec\u00edficamente para estudiantes, docentes y familias del Nivel Inicial de El Calafate.<\/p>\n<div class=\"redes mb-3\">\n<div class=\"d-flex flex-wrap justify-content-between align-items-center gap-3 my-2 mx-1\">\n<p>Esta iniciativa resulta clave para afianzar las bases del aprendizaje temprano, asegurando que las infancias incorporen herramientas esenciales de\u00a0<strong>comunicaci\u00f3n<\/strong>,\u00a0<strong>lectura<\/strong>\u00a0y\u00a0<strong>escritura<\/strong>\u00a0a trav\u00e9s de experiencias educativas continuas, valiosas y de excelencia.<\/p>\n<p>La jornada estuvo encabezada por la directora Provincial de Nivel Inicial,\u00a0<strong>Mariana Nazzi<\/strong>; el director General de Educaci\u00f3n Especial,\u00a0<strong>Claudio Burgos<\/strong>, y el director Provincial de Educaci\u00f3n Secundaria,\u00a0<strong>Atilio \u00c1vila<\/strong>, acompa\u00f1ados por equipos directivos, docentes y familias.<\/p>\n<h2><strong>Fortalecimiento de los objetivos pedag\u00f3gicos y articulaci\u00f3n con las familias<\/strong><\/h2>\n<p>Con esta entrega se busca articular el trabajo pedag\u00f3gico entre la escuela y el hogar mediante herramientas gu\u00eda que estructuren el aprendizaje de la lengua escrita. La intenci\u00f3n es estimular la\u00a0<strong>expresi\u00f3n oral<\/strong>, incorporar\u00a0<strong>nuevas palabras<\/strong>, afianzar la comprensi\u00f3n de relatos e\u00a0<strong>incentivar la exploraci\u00f3n<\/strong>\u00a0de las letras junto al acompa\u00f1amiento activo de la comunidad educativa.<\/p>\n<p>Durante la jornada, docentes y familias expresaron la importancia de esta iniciativa. En este sentido, una docente del\u00a0<strong>Jard\u00edn de Infantes N\u00b010<\/strong>, se\u00f1al\u00f3 que el material recibido resulta indispensable para articular la labor entre la escuela y el hogar, al incluir no s\u00f3lo contenidos para los educadores, sino tambi\u00e9n recursos pensados para los ni\u00f1os y sus familias.<\/p>\n<p>En ese sentido,\u00a0<strong>Yennifer<\/strong>, madre de una alumna del\u00a0<strong>Jard\u00edn de Infantes N\u00b0 54<\/strong>, remarc\u00f3 que estos libros constituyen un apoyo fundamental para acompa\u00f1ar desde las casas el desarrollo, crecimiento y proceso educativo de las infancias.<\/p>\n<figure class=\"ssi-inline-image my-3\"><img decoding=\"async\" class=\"img-fluid lazyload\" data-src=\"https:\/\/noticias.santacruz.gob.ar\/media\/ssigallery\/articulos\/26301\/inline\/Imagen_1.jpeg\" alt=\"El Calafate: se presentaron y entregaron libros para fortalecer la alfabetizaci\u00f3n inicial\" src=\"data:image\/svg+xml;base64,PHN2ZyB3aWR0aD0iMSIgaGVpZ2h0PSIxIiB4bWxucz0iaHR0cDovL3d3dy53My5vcmcvMjAwMC9zdmciPjwvc3ZnPg==\" \/><\/figure>\n<h2>Un amplio material bibliogr\u00e1fico distribuido<\/h2>\n<p>La propuesta pedag\u00f3gica contempla un conjunto unificado de cinco t\u00edtulos dise\u00f1ados integralmente para los diferentes actores del proceso educativo:<\/p>\n<p><strong>&#8220;Alfabetizaci\u00f3n Temprana: Propuestas de trabajo para Sala de 4 a\u00f1os&#8221;<\/strong><\/p>\n<p><strong>&#8220;Alfabetizaci\u00f3n Temprana: Propuestas de trabajo para Sala de 5 a\u00f1os&#8221;<\/strong><\/p>\n<p><strong>&#8220;Alfabetizaci\u00f3n Temprana: Propuestas de trabajo con las Familias&#8221;\u00a0<\/strong>(recurso in\u00e9dito pensado para integrar activamente al hogar en el desarrollo lector).<\/p>\n<p>Las obras literarias &#8220;La casa de Oscarcito&#8221; y &#8220;En la casa de Nayeli&#8221;, destinadas a conformar el acervo cultural de la biblioteca de cada instituci\u00f3n educativa de la localidad.<\/p>\n<p>Por otra parte, se destac\u00f3 que la provincia integra la\u00a0<strong>Alianza Estrat\u00e9gica por la Alfabetizaci\u00f3n\u00a0<\/strong>junto a la\u00a0<strong>Fundaci\u00f3n P\u00e9rez Companc<\/strong>,\u00a0<strong>Fundaci\u00f3n Natura<\/strong>,\u00a0<strong>CGC<\/strong>,\u00a0<strong>Latitud 45<\/strong>\u00a0y\u00a0<strong>PCR<\/strong>. Esta sinergia entre el sector p\u00fablico, el \u00e1mbito privado y las organizaciones civiles reafirma el compromiso colectivo de generar un impacto positivo en la educaci\u00f3n inicial, abriendo m\u00e1s posibilidades de desarrollo para la infancia.<\/p>\n<figure class=\"ssi-inline-image my-3\"><img decoding=\"async\" class=\"img-fluid lazyload\" data-src=\"https:\/\/noticias.santacruz.gob.ar\/media\/ssigallery\/articulos\/26301\/inline\/ImAGEN_2.jpeg\" alt=\"El Calafate: se presentaron y entregaron libros para fortalecer la alfabetizaci\u00f3n inicial\" src=\"data:image\/svg+xml;base64,PHN2ZyB3aWR0aD0iMSIgaGVpZ2h0PSIxIiB4bWxucz0iaHR0cDovL3d3dy53My5vcmcvMjAwMC9zdmciPjwvc3ZnPg==\" \/><\/figure>\n<\/div>\n<\/div>\n<p>&nbsp;<\/p>\n","protected":false},"excerpt":{"rendered":"<p>31 de Agosto 2026. En el marco del Plan Provincial de Alfabetizaci\u00f3n &#8220;Plen@&#8221;, el Consejo Provincial de Educaci\u00f3n realiz\u00f3 la<\/p>\n","protected":false},"author":8,"featured_media":47662,"comment_status":"open","ping_status":"closed","sticky":false,"template":"","format":"standard","meta":{"footnotes":""},"categories":[89],"tags":[],"class_list":["post-47661","post","type-post","status-publish","format-standard","has-post-thumbnail","hentry","category-educacion"],"_links":{"self":[{"href":"https:\/\/ecosdelsur.com\/index.php?rest_route=\/wp\/v2\/posts\/47661","targetHints":{"allow":["GET"]}}],"collection":[{"href":"https:\/\/ecosdelsur.com\/index.php?rest_route=\/wp\/v2\/posts"}],"about":[{"href":"https:\/\/ecosdelsur.com\/index.php?rest_route=\/wp\/v2\/types\/post"}],"author":[{"embeddable":true,"href":"https:\/\/ecosdelsur.com\/index.php?rest_route=\/wp\/v2\/users\/8"}],"replies":[{"embeddable":true,"href":"https:\/\/ecosdelsur.com\/index.php?rest_route=%2Fwp%2Fv2%2Fcomments&post=47661"}],"version-history":[{"count":1,"href":"https:\/\/ecosdelsur.com\/index.php?rest_route=\/wp\/v2\/posts\/47661\/revisions"}],"predecessor-version":[{"id":47663,"href":"https:\/\/ecosdelsur.com\/index.php?rest_route=\/wp\/v2\/posts\/47661\/revisions\/47663"}],"wp:featuredmedia":[{"embeddable":true,"href":"https:\/\/ecosdelsur.com\/index.php?rest_route=\/wp\/v2\/media\/47662"}],"wp:attachment":[{"href":"https:\/\/ecosdelsur.com\/index.php?rest_route=%2Fwp%2Fv2%2Fmedia&parent=47661"}],"wp:term":[{"taxonomy":"category","embeddable":true,"href":"https:\/\/ecosdelsur.com\/index.php?rest_route=%2Fwp%2Fv2%2Fcategories&post=47661"},{"taxonomy":"post_tag","embeddable":true,"href":"https:\/\/ecosdelsur.com\/index.php?rest_route=%2Fwp%2Fv2%2Ftags&post=47661"}],"curies":[{"name":"wp","href":"https:\/\/api.w.org\/{rel}","templated":true}]}}