{"id":47653,"date":"2026-08-31T18:13:17","date_gmt":"2026-08-31T21:13:17","guid":{"rendered":"https:\/\/ecosdelsur.com\/?p=47653"},"modified":"2026-08-31T18:13:17","modified_gmt":"2026-08-31T21:13:17","slug":"la-municipalidad-entrego-nuevos-titulos-de-propiedad-y-continua-fortaleciendo-la-seguridad-juridica-de-las-familias","status":"publish","type":"post","link":"https:\/\/ecosdelsur.com\/?p=47653","title":{"rendered":"La Municipalidad entreg\u00f3 nuevos t\u00edtulos de propiedad y contin\u00faa fortaleciendo la seguridad jur\u00eddica de las familias"},"content":{"rendered":"<p><span style=\"color: #ff0000;\">31 de Agosto 2026. <\/span>La Municipalidad de Caleta Olivia concret\u00f3 este lunes 31 de agosto la entrega de nuevos t\u00edtulos de propiedad a vecinos de la ciudad, en un acto realizado en la Sala de Situaci\u00f3n del Municipio, con la presencia del intendente Pablo Carrizo, la concejal Iris Casas, integrantes de la comisi\u00f3n bidepartamental de Tierras y el secretario de Planificaci\u00f3n Jorge Garc\u00eda. La documentaci\u00f3n representa un paso fundamental para las familias beneficiarias, al brindarles seguridad jur\u00eddica y respaldo legal sobre sus hogares.<\/p>\n<figure class=\"wp-block-image size-large\"><img decoding=\"async\" class=\"wp-image-21804 lazyload\" data-src=\"https:\/\/caletaolivia.gov.ar\/wp-content\/uploads\/2026\/08\/WhatsApp-Image-2026-08-31-at-4.57.36-PM-2-1024x682.jpeg\" data-sizes=\"(max-width: 1024px) 100vw, 1024px\" data-srcset=\"https:\/\/caletaolivia.gov.ar\/wp-content\/uploads\/2026\/08\/WhatsApp-Image-2026-08-31-at-4.57.36-PM-2-1024x682.jpeg 1024w, https:\/\/caletaolivia.gov.ar\/wp-content\/uploads\/2026\/08\/WhatsApp-Image-2026-08-31-at-4.57.36-PM-2-300x200.jpeg 300w, https:\/\/caletaolivia.gov.ar\/wp-content\/uploads\/2026\/08\/WhatsApp-Image-2026-08-31-at-4.57.36-PM-2-768x512.jpeg 768w, https:\/\/caletaolivia.gov.ar\/wp-content\/uploads\/2026\/08\/WhatsApp-Image-2026-08-31-at-4.57.36-PM-2.jpeg 1280w\" alt=\"\" width=\"1024\" height=\"682\" src=\"data:image\/svg+xml;base64,PHN2ZyB3aWR0aD0iMSIgaGVpZ2h0PSIxIiB4bWxucz0iaHR0cDovL3d3dy53My5vcmcvMjAwMC9zdmciPjwvc3ZnPg==\" style=\"--smush-placeholder-width: 1024px; --smush-placeholder-aspect-ratio: 1024\/682;\" \/><\/figure>\n<p>La entrega se enmarca en el trabajo que lleva adelante la Secretar\u00eda de Planificaci\u00f3n, con el objetivo de avanzar en la regularizaci\u00f3n dominial y acompa\u00f1ar a los vecinos en el proceso de obtener la documentaci\u00f3n que acredita formalmente la propiedad de sus viviendas.<\/p>\n<figure class=\"wp-block-image size-large\"><img decoding=\"async\" class=\"wp-image-21805 lazyload\" data-src=\"https:\/\/caletaolivia.gov.ar\/wp-content\/uploads\/2026\/08\/WhatsApp-Image-2026-08-31-at-4.57.36-PM-1024x682.jpeg\" data-sizes=\"(max-width: 1024px) 100vw, 1024px\" data-srcset=\"https:\/\/caletaolivia.gov.ar\/wp-content\/uploads\/2026\/08\/WhatsApp-Image-2026-08-31-at-4.57.36-PM-1024x682.jpeg 1024w, https:\/\/caletaolivia.gov.ar\/wp-content\/uploads\/2026\/08\/WhatsApp-Image-2026-08-31-at-4.57.36-PM-300x200.jpeg 300w, https:\/\/caletaolivia.gov.ar\/wp-content\/uploads\/2026\/08\/WhatsApp-Image-2026-08-31-at-4.57.36-PM-768x512.jpeg 768w, https:\/\/caletaolivia.gov.ar\/wp-content\/uploads\/2026\/08\/WhatsApp-Image-2026-08-31-at-4.57.36-PM.jpeg 1280w\" alt=\"\" width=\"1024\" height=\"682\" src=\"data:image\/svg+xml;base64,PHN2ZyB3aWR0aD0iMSIgaGVpZ2h0PSIxIiB4bWxucz0iaHR0cDovL3d3dy53My5vcmcvMjAwMC9zdmciPjwvc3ZnPg==\" style=\"--smush-placeholder-width: 1024px; --smush-placeholder-aspect-ratio: 1024\/682;\" \/><\/figure>\n<p>El secretario de Planificaci\u00f3n, Jorge Garc\u00eda, destac\u00f3 la importancia de continuar dando respuestas concretas a las familias que esperan desde hace tiempo poder contar con sus t\u00edtulos.<\/p>\n<p>\u201cPara nosotros es muy importante poder concretar estas entregas porque detr\u00e1s de cada t\u00edtulo hay una familia que esper\u00f3 y trabaj\u00f3 durante mucho tiempo para tener la seguridad de contar con su documentaci\u00f3n. Desde el Municipio seguimos trabajando para ordenar y avanzar en cada uno de estos procesos\u201d, expres\u00f3.<\/p>\n<figure class=\"wp-block-image size-large\"><img decoding=\"async\" class=\"wp-image-21806 lazyload\" data-src=\"https:\/\/caletaolivia.gov.ar\/wp-content\/uploads\/2026\/08\/WhatsApp-Image-2026-08-31-at-4.57.36-PM-1-1024x682.jpeg\" data-sizes=\"(max-width: 1024px) 100vw, 1024px\" data-srcset=\"https:\/\/caletaolivia.gov.ar\/wp-content\/uploads\/2026\/08\/WhatsApp-Image-2026-08-31-at-4.57.36-PM-1-1024x682.jpeg 1024w, https:\/\/caletaolivia.gov.ar\/wp-content\/uploads\/2026\/08\/WhatsApp-Image-2026-08-31-at-4.57.36-PM-1-300x200.jpeg 300w, https:\/\/caletaolivia.gov.ar\/wp-content\/uploads\/2026\/08\/WhatsApp-Image-2026-08-31-at-4.57.36-PM-1-768x512.jpeg 768w, https:\/\/caletaolivia.gov.ar\/wp-content\/uploads\/2026\/08\/WhatsApp-Image-2026-08-31-at-4.57.36-PM-1.jpeg 1280w\" alt=\"\" width=\"1024\" height=\"682\" src=\"data:image\/svg+xml;base64,PHN2ZyB3aWR0aD0iMSIgaGVpZ2h0PSIxIiB4bWxucz0iaHR0cDovL3d3dy53My5vcmcvMjAwMC9zdmciPjwvc3ZnPg==\" style=\"--smush-placeholder-width: 1024px; --smush-placeholder-aspect-ratio: 1024\/682;\" \/><\/figure>\n<p>Garc\u00eda remarc\u00f3 adem\u00e1s que la regularizaci\u00f3n dominial no se limita a la entrega de un documento, sino que significa otorgar tranquilidad y certeza a quienes construyeron su hogar.<\/p>\n<p>\u201cEl t\u00edtulo de propiedad significa seguridad jur\u00eddica y tambi\u00e9n tranquilidad. Es darle al vecino la certeza de que ese lugar que construy\u00f3 con tanto esfuerzo tiene un respaldo legal y que puede proyectar su futuro con mayor seguridad\u201d, se\u00f1al\u00f3.<\/p>\n<figure class=\"wp-block-image size-large\"><img decoding=\"async\" class=\"wp-image-21807 lazyload\" data-src=\"https:\/\/caletaolivia.gov.ar\/wp-content\/uploads\/2026\/08\/WhatsApp-Image-2026-08-31-at-4.58.54-PM-1024x683.jpeg\" data-sizes=\"(max-width: 1024px) 100vw, 1024px\" data-srcset=\"https:\/\/caletaolivia.gov.ar\/wp-content\/uploads\/2026\/08\/WhatsApp-Image-2026-08-31-at-4.58.54-PM-1024x683.jpeg 1024w, https:\/\/caletaolivia.gov.ar\/wp-content\/uploads\/2026\/08\/WhatsApp-Image-2026-08-31-at-4.58.54-PM-300x200.jpeg 300w, https:\/\/caletaolivia.gov.ar\/wp-content\/uploads\/2026\/08\/WhatsApp-Image-2026-08-31-at-4.58.54-PM-768x512.jpeg 768w, https:\/\/caletaolivia.gov.ar\/wp-content\/uploads\/2026\/08\/WhatsApp-Image-2026-08-31-at-4.58.54-PM.jpeg 1040w\" alt=\"\" width=\"1024\" height=\"683\" src=\"data:image\/svg+xml;base64,PHN2ZyB3aWR0aD0iMSIgaGVpZ2h0PSIxIiB4bWxucz0iaHR0cDovL3d3dy53My5vcmcvMjAwMC9zdmciPjwvc3ZnPg==\" style=\"--smush-placeholder-width: 1024px; --smush-placeholder-aspect-ratio: 1024\/683;\" \/><\/figure>\n<p>Por su parte, la concejal Iris Casas acompa\u00f1\u00f3 la jornada y valor\u00f3 especialmente que el Municipio pueda continuar avanzando con este tipo de entregas que impactan directamente en la vida de las familias.<\/p>\n<p>\u201cCada t\u00edtulo que se entrega tiene detr\u00e1s una historia familiar, a\u00f1os de esfuerzo y el deseo de tener finalmente la documentaci\u00f3n en sus manos. Por eso es importante acompa\u00f1ar estos procesos y seguir generando las herramientas necesarias para que m\u00e1s vecinos puedan acceder a su t\u00edtulo de propiedad\u201d, manifest\u00f3.<\/p>\n<p>Casas tambi\u00e9n destac\u00f3 el trabajo conjunto entre las distintas \u00e1reas que intervienen en la regularizaci\u00f3n y la importancia de sostener este tipo de pol\u00edticas en el tiempo.<\/p>\n<p>\u201cCuando se logra que una familia pueda recibir su t\u00edtulo, estamos hablando de derechos, de seguridad y de la posibilidad de proyectar. Tenemos que seguir trabajando para que este proceso alcance a cada vez m\u00e1s vecinos de nuestra ciudad\u201d, agreg\u00f3.<\/p>\n<p>En tanto, desde la gesti\u00f3n municipal se remarc\u00f3 que con esta nueva entrega ya son 176 los t\u00edtulos otorgados desde el inicio de la gesti\u00f3n del intendente Pablo Carrizo, mientras que 37 corresponden a lo que va del a\u00f1o 2026, reflejando la continuidad del trabajo destinado a fortalecer la regularizaci\u00f3n de la situaci\u00f3n dominial.<\/p>\n<p>De esta manera, la Municipalidad de Caleta Olivia contin\u00faa avanzando en acciones que buscan garantizar derechos, brindar seguridad jur\u00eddica y acompa\u00f1ar a las familias caletenses en la consolidaci\u00f3n definitiva de sus hogares.<\/p>\n","protected":false},"excerpt":{"rendered":"<p>31 de Agosto 2026. La Municipalidad de Caleta Olivia concret\u00f3 este lunes 31 de agosto la entrega de nuevos t\u00edtulos<\/p>\n","protected":false},"author":8,"featured_media":47654,"comment_status":"open","ping_status":"closed","sticky":false,"template":"","format":"standard","meta":{"footnotes":""},"categories":[1185],"tags":[],"class_list":["post-47653","post","type-post","status-publish","format-standard","has-post-thumbnail","hentry","category-comunicaciones-y-medios"],"_links":{"self":[{"href":"https:\/\/ecosdelsur.com\/index.php?rest_route=\/wp\/v2\/posts\/47653","targetHints":{"allow":["GET"]}}],"collection":[{"href":"https:\/\/ecosdelsur.com\/index.php?rest_route=\/wp\/v2\/posts"}],"about":[{"href":"https:\/\/ecosdelsur.com\/index.php?rest_route=\/wp\/v2\/types\/post"}],"author":[{"embeddable":true,"href":"https:\/\/ecosdelsur.com\/index.php?rest_route=\/wp\/v2\/users\/8"}],"replies":[{"embeddable":true,"href":"https:\/\/ecosdelsur.com\/index.php?rest_route=%2Fwp%2Fv2%2Fcomments&post=47653"}],"version-history":[{"count":2,"href":"https:\/\/ecosdelsur.com\/index.php?rest_route=\/wp\/v2\/posts\/47653\/revisions"}],"predecessor-version":[{"id":47656,"href":"https:\/\/ecosdelsur.com\/index.php?rest_route=\/wp\/v2\/posts\/47653\/revisions\/47656"}],"wp:featuredmedia":[{"embeddable":true,"href":"https:\/\/ecosdelsur.com\/index.php?rest_route=\/wp\/v2\/media\/47654"}],"wp:attachment":[{"href":"https:\/\/ecosdelsur.com\/index.php?rest_route=%2Fwp%2Fv2%2Fmedia&parent=47653"}],"wp:term":[{"taxonomy":"category","embeddable":true,"href":"https:\/\/ecosdelsur.com\/index.php?rest_route=%2Fwp%2Fv2%2Fcategories&post=47653"},{"taxonomy":"post_tag","embeddable":true,"href":"https:\/\/ecosdelsur.com\/index.php?rest_route=%2Fwp%2Fv2%2Ftags&post=47653"}],"curies":[{"name":"wp","href":"https:\/\/api.w.org\/{rel}","templated":true}]}}