{"id":47650,"date":"2026-08-31T18:11:21","date_gmt":"2026-08-31T21:11:21","guid":{"rendered":"https:\/\/ecosdelsur.com\/?p=47650"},"modified":"2026-08-31T18:11:21","modified_gmt":"2026-08-31T21:11:21","slug":"el-municipio-fortalece-las-acciones-de-prevencion-del-suicidio","status":"publish","type":"post","link":"https:\/\/ecosdelsur.com\/?p=47650","title":{"rendered":"El Municipio fortalece las acciones de prevenci\u00f3n del suicidio"},"content":{"rendered":"<p><span style=\"color: #ff0000;\">31 de Agosto 2026. <\/span>En el marco del D\u00eda Mundial para la Prevenci\u00f3n del Suicidio, que se conmemora cada 10 de septiembre, la Municipalidad de Caleta Olivia, a trav\u00e9s de la Secretar\u00eda de Desarrollo Social, impulsa una amplia agenda de actividades destinadas a informar, concientizar y promover espacios de escucha y acompa\u00f1amiento.<\/p>\n<figure class=\"wp-block-image size-large\"><img decoding=\"async\" class=\"wp-image-21797 lazyload\" data-src=\"https:\/\/caletaolivia.gov.ar\/wp-content\/uploads\/2026\/08\/IMG-20260831-WA0068-1024x576.jpg\" data-sizes=\"(max-width: 1024px) 100vw, 1024px\" data-srcset=\"https:\/\/caletaolivia.gov.ar\/wp-content\/uploads\/2026\/08\/IMG-20260831-WA0068-1024x576.jpg 1024w, https:\/\/caletaolivia.gov.ar\/wp-content\/uploads\/2026\/08\/IMG-20260831-WA0068-300x169.jpg 300w, https:\/\/caletaolivia.gov.ar\/wp-content\/uploads\/2026\/08\/IMG-20260831-WA0068-768x432.jpg 768w, https:\/\/caletaolivia.gov.ar\/wp-content\/uploads\/2026\/08\/IMG-20260831-WA0068-1536x864.jpg 1536w, https:\/\/caletaolivia.gov.ar\/wp-content\/uploads\/2026\/08\/IMG-20260831-WA0068.jpg 1600w\" alt=\"\" width=\"1024\" height=\"576\" src=\"data:image\/svg+xml;base64,PHN2ZyB3aWR0aD0iMSIgaGVpZ2h0PSIxIiB4bWxucz0iaHR0cDovL3d3dy53My5vcmcvMjAwMC9zdmciPjwvc3ZnPg==\" style=\"--smush-placeholder-width: 1024px; --smush-placeholder-aspect-ratio: 1024\/576;\" \/><\/figure>\n<p>Bajo el lema \u201cHablemos de lo que duele, preguntar tambi\u00e9n es cuidar\u201d, la apertura del denominado \u201cMes Naranja\u201d tendr\u00e1 lugar este martes 1 de septiembre a las 10:00 horas, en el Monumento al Obrero Petrolero y contar\u00e1 con la participaci\u00f3n de instituciones educativas y organismos de la comunidad, entre ellos el Hospital Zonal de Caleta Olivia.<\/p>\n<p>En este marco, la directora de Promoci\u00f3n para la Salud Mental, Jessica Rodr\u00edguez, invit\u00f3 a la comunidad a participar y se\u00f1al\u00f3 que el objetivo de la jornada ser\u00e1 \u201cconcientizar y llevar el mensaje que muchas veces uno no logra recibir y empezar a desestigmatizar todo lo que tiene que ver en relaci\u00f3n a la salud mental\u201d. Durante la actividad, cada organismo o instituci\u00f3n que acompa\u00f1e podr\u00e1 dejar plasmados mensajes preventivos como parte de la campa\u00f1a de concientizaci\u00f3n y se realizar\u00e1 tambi\u00e9n la entrega de lazos naranjas, como s\u00edmbolo de la iniciativa.<\/p>\n<p>Rodr\u00edguez explic\u00f3 que la propuesta se extender\u00e1 durante todo septiembre en distintos puntos de la ciudad, con charlas y actividades destinadas a abordar esta problem\u00e1tica y promover una mirada atenta hacia quienes atraviesan situaciones complejas. \u201cEl foco es poder mirar a la persona que tenemos al lado y poder acompa\u00f1arla, escucharla y brindarle alg\u00fan acompa\u00f1amiento en relaci\u00f3n a lo que tenemos a nuestro alcance\u201d, enfatiz\u00f3 la directora de Promoci\u00f3n para la Salud Mental.<\/p>\n","protected":false},"excerpt":{"rendered":"<p>31 de Agosto 2026. En el marco del D\u00eda Mundial para la Prevenci\u00f3n del Suicidio, que se conmemora cada 10<\/p>\n","protected":false},"author":8,"featured_media":47651,"comment_status":"open","ping_status":"closed","sticky":false,"template":"","format":"standard","meta":{"footnotes":""},"categories":[1185],"tags":[],"class_list":["post-47650","post","type-post","status-publish","format-standard","has-post-thumbnail","hentry","category-comunicaciones-y-medios"],"_links":{"self":[{"href":"https:\/\/ecosdelsur.com\/index.php?rest_route=\/wp\/v2\/posts\/47650","targetHints":{"allow":["GET"]}}],"collection":[{"href":"https:\/\/ecosdelsur.com\/index.php?rest_route=\/wp\/v2\/posts"}],"about":[{"href":"https:\/\/ecosdelsur.com\/index.php?rest_route=\/wp\/v2\/types\/post"}],"author":[{"embeddable":true,"href":"https:\/\/ecosdelsur.com\/index.php?rest_route=\/wp\/v2\/users\/8"}],"replies":[{"embeddable":true,"href":"https:\/\/ecosdelsur.com\/index.php?rest_route=%2Fwp%2Fv2%2Fcomments&post=47650"}],"version-history":[{"count":1,"href":"https:\/\/ecosdelsur.com\/index.php?rest_route=\/wp\/v2\/posts\/47650\/revisions"}],"predecessor-version":[{"id":47652,"href":"https:\/\/ecosdelsur.com\/index.php?rest_route=\/wp\/v2\/posts\/47650\/revisions\/47652"}],"wp:featuredmedia":[{"embeddable":true,"href":"https:\/\/ecosdelsur.com\/index.php?rest_route=\/wp\/v2\/media\/47651"}],"wp:attachment":[{"href":"https:\/\/ecosdelsur.com\/index.php?rest_route=%2Fwp%2Fv2%2Fmedia&parent=47650"}],"wp:term":[{"taxonomy":"category","embeddable":true,"href":"https:\/\/ecosdelsur.com\/index.php?rest_route=%2Fwp%2Fv2%2Fcategories&post=47650"},{"taxonomy":"post_tag","embeddable":true,"href":"https:\/\/ecosdelsur.com\/index.php?rest_route=%2Fwp%2Fv2%2Ftags&post=47650"}],"curies":[{"name":"wp","href":"https:\/\/api.w.org\/{rel}","templated":true}]}}