{"id":47646,"date":"2026-08-31T18:09:02","date_gmt":"2026-08-31T21:09:02","guid":{"rendered":"https:\/\/ecosdelsur.com\/?p=47646"},"modified":"2026-08-31T18:09:02","modified_gmt":"2026-08-31T21:09:02","slug":"viva-barrio-llega-a-puerto-deseado-para-acercar-servicios-del-estado-a-las-familias","status":"publish","type":"post","link":"https:\/\/ecosdelsur.com\/?p=47646","title":{"rendered":"Viva Barrio llega a Puerto Deseado para acercar servicios del Estado a las familias"},"content":{"rendered":"<p><span style=\"color: #ff0000;\">31 de Agosto 2026. <\/span>La jornada se realizar\u00e1 este s\u00e1bado en la Escuela N\u00b087, con la participaci\u00f3n de organismos provinciales, el municipio y emprendedores locales. \u201cUn trabajo articulado en favor del vecino\u201d, dijo la ministra de Gobierno Bel\u00e9n Elmiger.<\/p>\n<div class=\"redes mb-3\">\n<div class=\"d-flex flex-wrap justify-content-between align-items-center gap-3 my-2 mx-1\">\n<section class=\"ssi-block-main mb-5\">\n<div class=\"mb-2\">\n<div class=\"article-full\">\n<p>El Gobierno de Santa Cruz realizar\u00e1 este s\u00e1bado una nueva jornada de\u00a0<strong>Viva Barrio en Puerto Deseado<\/strong>, una propuesta que busca acercar los servicios y tr\u00e1mites de los organismos p\u00fablicos a las familias de la localidad.<\/p>\n<p>La actividad tendr\u00e1 lugar\u00a0<strong>en la Escuela N\u00b0 87<\/strong>\u00a0y contar\u00e1 con la participaci\u00f3n de distintas \u00e1reas del Gobierno Provincial, el municipio, artesanos y manualeros de Puerto Deseado.<\/p>\n<p>La ministra de Gobierno,\u00a0<strong>Mar\u00eda Bel\u00e9n Elmiger<\/strong>, destac\u00f3 que la iniciativa forma parte del recorrido territorial que lleva adelante la Provincia para acercar las pol\u00edticas p\u00fablicas y los servicios estatales a las distintas comunidades de Santa Cruz.<\/p>\n<p>\u201cEste fin de semana vamos a estar en la localidad de Puerto Deseado, en la Escuela N\u00b0 87 con el Estado en tu barrio, Viva Barrio,\u00a0<strong>acerc\u00e1ndole todos los servicios que brinda el Estado Provincial a los vecinos<\/strong>\u00a0de todas las localidades\u201d, se\u00f1al\u00f3 Elmiger.<\/p>\n<h2>Viva Barrio contin\u00faa su recorrido por Santa Cruz<\/h2>\n<p>La jornada en Puerto Deseado ser\u00e1 parte de una agenda territorial que continuar\u00e1 durante las pr\u00f3ximas semanas en diferentes localidades del interior provincial. Luego de esta edici\u00f3n, el programa llegar\u00e1 a\u00a0<strong>Perito Moreno y Los Antiguos<\/strong>, mientras que tambi\u00e9n se prev\u00e9 una nueva jornada en\u00a0<strong>R\u00edo Turbio<\/strong>, en la Cuenca Carbon\u00edfera.<\/p>\n<p>La ministra resalt\u00f3 la importancia de la articulaci\u00f3n entre las diferentes \u00e1reas para fortalecer la presencia del Estado en el territorio. \u201c<strong>Estamos trabajando de manera mancomunada entre todos los organismos p\u00fablicos y est\u00e1 dando sus frutos<\/strong>\u201d, expres\u00f3.<\/p>\n<p>En ese sentido, destac\u00f3 tambi\u00e9n la participaci\u00f3n de los gobiernos locales, que permite ampliar las propuestas disponibles para la comunidad y generar una mayor cercan\u00eda con los vecinos.<\/p>\n<h2>Trabajo conjunto con el municipio y actores locales<\/h2>\n<p>Viva Barrio incorpora la participaci\u00f3n de\u00a0<strong>municipios, diputados provinciales, coordinadores locales y diferentes actores de cada comunidad<\/strong>, adem\u00e1s de los organismos provinciales.<\/p>\n<p>\u201cLas municipalidades, con sus diferentes \u00e1reas de Desarrollo y Cultura, se suman a las \u00e1reas provinciales, haciendo que estar en el barrio no sea solamente la Provincia, sino tambi\u00e9n los gobiernos locales\u201d, explic\u00f3 Elmiger.<\/p>\n<p>Esta articulaci\u00f3n permite reunir en un mismo espacio diferentes servicios, propuestas y actividades destinadas a las familias.<\/p>\n<p><strong>Artesanos y manualeros de Puerto Deseado se suman a la jornada<\/strong><\/p>\n<p>La actividad del s\u00e1bado ser\u00e1 la\u00a0<strong>segunda edici\u00f3n de Viva Barrio en Puerto Deseado<\/strong>\u00a0y tendr\u00e1 como novedad la participaci\u00f3n de artesanos y manualeros de la localidad.<\/p>\n<p>Los productores locales tendr\u00e1n la posibilidad de exhibir sus trabajos y producciones durante la jornada, sumando una propuesta vinculada con la identidad y el trabajo de la comunidad.<\/p>\n<p>\u201cAparte de tener el Estado en tu barrio, tambi\u00e9n vamos a tener la posibilidad de ver muchas de las cosas que hacen y producen los vecinos de esa localidad\u201d, destac\u00f3 la ministra.<\/p>\n<p>Finalmente, Elmiger invit\u00f3 a las familias de Puerto Deseado a participar de la jornada y compartir una tarde de encuentro en la Escuela N\u00b087.<\/p>\n<p>\u201c<strong>Los invitamos a todos el domingo en la Escuela N\u00b0 87 de Puerto Deseado para disfrutar una tarde en familia y con el Estado acerc\u00e1ndose a los vecinos<\/strong>\u201d, concluy\u00f3.<\/p>\n<\/div>\n<\/div>\n<\/section>\n<aside class=\"ssi-block-side\">\n<aside class=\"a-gallery mt-2\">\n<div class=\"row g-3 ssigallery-frontend mt-3 row-cols-2 row-cols-sm-3 row-cols-md-3 row-cols-lg-4\">\n<div class=\"col-6 col-sm-4 col-md-4 col-lg-3 mt-0\"><a class=\"ssig-item\" href=\"https:\/\/noticias.santacruz.gob.ar\/media\/ssigallery\/articulos\/26294\/galeria\/VIVA_BARRIO_-_Deseado.jpg__1_.jpeg\" data-ssig=\"1\" data-caption=\"\" data-fancybox=\"ssigallery-article-26294\"><img decoding=\"async\" class=\"img-fluid rounded lazyload\" data-src=\"https:\/\/noticias.santacruz.gob.ar\/media\/ssigallery\/articulos\/26294\/galeria\/thumbs\/VIVA_BARRIO_-_Deseado.jpg__1_.jpeg\" alt=\"Viva Barrio llega a Puerto Deseado para acercar servicios del Estado a las familias\" src=\"data:image\/svg+xml;base64,PHN2ZyB3aWR0aD0iMSIgaGVpZ2h0PSIxIiB4bWxucz0iaHR0cDovL3d3dy53My5vcmcvMjAwMC9zdmciPjwvc3ZnPg==\" \/><\/a><\/div>\n<\/div>\n<\/aside>\n<\/aside>\n<\/div>\n<\/div>\n","protected":false},"excerpt":{"rendered":"<p>31 de Agosto 2026. La jornada se realizar\u00e1 este s\u00e1bado en la Escuela N\u00b087, con la participaci\u00f3n de organismos provinciales,<\/p>\n","protected":false},"author":8,"featured_media":47647,"comment_status":"open","ping_status":"closed","sticky":false,"template":"","format":"standard","meta":{"footnotes":""},"categories":[1094],"tags":[],"class_list":["post-47646","post","type-post","status-publish","format-standard","has-post-thumbnail","hentry","category-gobierno"],"_links":{"self":[{"href":"https:\/\/ecosdelsur.com\/index.php?rest_route=\/wp\/v2\/posts\/47646","targetHints":{"allow":["GET"]}}],"collection":[{"href":"https:\/\/ecosdelsur.com\/index.php?rest_route=\/wp\/v2\/posts"}],"about":[{"href":"https:\/\/ecosdelsur.com\/index.php?rest_route=\/wp\/v2\/types\/post"}],"author":[{"embeddable":true,"href":"https:\/\/ecosdelsur.com\/index.php?rest_route=\/wp\/v2\/users\/8"}],"replies":[{"embeddable":true,"href":"https:\/\/ecosdelsur.com\/index.php?rest_route=%2Fwp%2Fv2%2Fcomments&post=47646"}],"version-history":[{"count":2,"href":"https:\/\/ecosdelsur.com\/index.php?rest_route=\/wp\/v2\/posts\/47646\/revisions"}],"predecessor-version":[{"id":47649,"href":"https:\/\/ecosdelsur.com\/index.php?rest_route=\/wp\/v2\/posts\/47646\/revisions\/47649"}],"wp:featuredmedia":[{"embeddable":true,"href":"https:\/\/ecosdelsur.com\/index.php?rest_route=\/wp\/v2\/media\/47647"}],"wp:attachment":[{"href":"https:\/\/ecosdelsur.com\/index.php?rest_route=%2Fwp%2Fv2%2Fmedia&parent=47646"}],"wp:term":[{"taxonomy":"category","embeddable":true,"href":"https:\/\/ecosdelsur.com\/index.php?rest_route=%2Fwp%2Fv2%2Fcategories&post=47646"},{"taxonomy":"post_tag","embeddable":true,"href":"https:\/\/ecosdelsur.com\/index.php?rest_route=%2Fwp%2Fv2%2Ftags&post=47646"}],"curies":[{"name":"wp","href":"https:\/\/api.w.org\/{rel}","templated":true}]}}