{"id":47643,"date":"2026-08-31T18:07:14","date_gmt":"2026-08-31T21:07:14","guid":{"rendered":"https:\/\/ecosdelsur.com\/?p=47643"},"modified":"2026-08-31T18:07:14","modified_gmt":"2026-08-31T21:07:14","slug":"telemedicina-mas-especialidades-y-menos-traslados-para-los-santacrucenos","status":"publish","type":"post","link":"https:\/\/ecosdelsur.com\/?p=47643","title":{"rendered":"Telemedicina: m\u00e1s especialidades y menos traslados para los santacruce\u00f1os"},"content":{"rendered":"<p><span style=\"color: #ff0000;\">31 de Agosto 2026. <\/span>En el marco de la puesta en marcha de manera simult\u00e1nea de Telemedicina en toda la provincia, el Hospital Regional de R\u00edo Gallegos, el Centro de Salud N\u00b0 9 del barrio San Benito y un anexo del hospital incorporaron t\u00f3tems para facilitar el acceso a consultas m\u00e9dicas especializadas y reducir traslados innecesarios.<\/p>\n<div class=\"redes mb-3\">\n<div class=\"d-flex flex-wrap justify-content-between align-items-center gap-3 my-2 mx-1\">\n<section class=\"ssi-block-main mb-5\">\n<div class=\"mb-2\">\n<div class=\"article-full\">\n<p>El Gobierno de Santa Cruz puso en marcha el\u00a0<strong>sistema de Telemedicina<\/strong>\u00a0en todo el territorio provincial, con la incorporaci\u00f3n de t\u00f3tems en hospitales, centros de salud y puestos sanitarios. La iniciativa busca ampliar las alternativas de atenci\u00f3n y facilitar el acceso a distintas especialidades m\u00e9dicas, especialmente en localidades donde la disponibilidad de profesionales es limitada.<\/p>\n<figure class=\"ssi-inline-image my-3\"><img decoding=\"async\" class=\"img-fluid lazyload\" data-src=\"https:\/\/noticias.santacruz.gob.ar\/media\/ssigallery\/articulos\/26291\/inline\/20260831_HRRG_INAUGURACION_TOTEMS-14.JPG\" alt=\"Telemedicina: m\u00e1s especialidades y menos traslados para los santacruce\u00f1os\" src=\"data:image\/svg+xml;base64,PHN2ZyB3aWR0aD0iMSIgaGVpZ2h0PSIxIiB4bWxucz0iaHR0cDovL3d3dy53My5vcmcvMjAwMC9zdmciPjwvc3ZnPg==\" \/><\/figure>\n<p>El secretario de Estado de Pol\u00edticas Sanitarias,\u00a0<strong>Ricardo Coloccini<\/strong>, explic\u00f3 que el lanzamiento se realiz\u00f3 de manera simult\u00e1nea en los establecimientos sanitarios de la provincia y destac\u00f3 la incorporaci\u00f3n de nuevas herramientas para modernizar el sistema de salud.<\/p>\n<blockquote class=\"ssi-editorial-block ssi-quote ssi-quote-featured\"><p>\u201cEl lanzamiento del programa de Telemedicina para toda la provincia de Santa Cruz se hizo en simult\u00e1neo en todos los hospitales y tambi\u00e9n centros de salud y puestos sanitarios\u201d, se\u00f1al\u00f3.<\/p><\/blockquote>\n<p>En este sentido, remarc\u00f3 que la herramienta adquiere especial relevancia debido a las distancias que existen entre las localidades santacruce\u00f1as y a la necesidad de ampliar la oferta de determinadas especialidades.<\/p>\n<blockquote class=\"ssi-editorial-block ssi-quote ssi-quote-featured\"><p>\u201cLe brinda otra herramienta para el acceso a la atenci\u00f3n. No solamente es la consulta presencial, que obviamente no viene a reemplazarla, pero s\u00ed brinda un soporte muy importante para aquellas especialidades en las cuales por ah\u00ed no tenemos la cantidad de personal suficiente para poder abastecer a toda la poblaci\u00f3n\u201d, sostuvo Coloccini.<\/p><\/blockquote>\n<h2>Telemedicina en el Hospital Regional de R\u00edo Gallegos<\/h2>\n<p>En R\u00edo Gallegos, el sistema comenz\u00f3 a funcionar en el\u00a0<strong>Hospital Regional<\/strong>, donde se instalaron dos t\u00f3tems destinados a consultas de\u00a0<strong>demanda espont\u00e1nea<\/strong>\u00a0y un tercero en un anexo ubicado frente al hospital, destinado a\u00a0<strong>turnos programados<\/strong>.<\/p>\n<p>Tambi\u00e9n se habilit\u00f3 un t\u00f3tem en el\u00a0<strong>Centro de Salud N\u00b0 9 del barrio San Benito<\/strong>, destinado a consultas de especialidades programadas.<\/p>\n<figure class=\"ssi-inline-image my-3\"><img decoding=\"async\" class=\"img-fluid lazyload\" data-src=\"https:\/\/noticias.santacruz.gob.ar\/media\/ssigallery\/articulos\/26291\/inline\/20260831_HRRG_INAUGURACION_TOTEMS-10.JPG\" alt=\"Telemedicina: m\u00e1s especialidades y menos traslados para los santacruce\u00f1os\" src=\"data:image\/svg+xml;base64,PHN2ZyB3aWR0aD0iMSIgaGVpZ2h0PSIxIiB4bWxucz0iaHR0cDovL3d3dy53My5vcmcvMjAwMC9zdmciPjwvc3ZnPg==\" \/><\/figure>\n<p>El director ejecutivo del Hospital Regional de R\u00edo Gallegos,\u00a0<strong>Gast\u00f3n Flores<\/strong>, explic\u00f3 que el acceso a la modalidad de demanda espont\u00e1nea comienza en la guardia.<\/p>\n<p>El paciente debe ingresar por la guardia y luego pasar por el consultorio de\u00a0<strong>triage de enfermer\u00eda<\/strong>, donde se controlan los signos vitales y se determina el tipo de atenci\u00f3n que requiere. Cuando la consulta puede resolverse mediante Telemedicina, es derivado al\u00a0<strong>consultorio 9<\/strong>, donde se encuentran los dos t\u00f3tems destinados a esta modalidad.<\/p>\n<p>A trav\u00e9s de esta herramienta se podr\u00e1n realizar consultas de demanda espont\u00e1nea en\u00a0<strong>cl\u00ednica m\u00e9dica, salud mental y pediatr\u00eda<\/strong>, de acuerdo con la evaluaci\u00f3n previa del equipo de salud.<\/p>\n<h2>M\u00e1s especialidades y menos traslados<\/h2>\n<p>Los t\u00f3tems destinados a turnos programados permitir\u00e1n ampliar el acceso a distintas especialidades m\u00e9dicas. Entre ellas se encuentran\u00a0<strong>cardiolog\u00eda, endocrinolog\u00eda, dermatolog\u00eda, diabetolog\u00eda, psiquiatr\u00eda, pediatr\u00eda y cl\u00ednica m\u00e9dica<\/strong>, entre otras.<\/p>\n<p>Coloccini explic\u00f3 que los profesionales que atienden mediante la plataforma son contratados por la empresa que brinda el servicio y que, en su mayor\u00eda, cuentan con matr\u00edcula nacional o matr\u00edculas de otras jurisdicciones.<\/p>\n<p>\u201c<strong>La verdad que es bastante nutrido, lo m\u00e1s frecuente, lo que m\u00e1s se demanda, est\u00e1 como disponible, y van a poder tener consultas de manera r\u00e1pida, con un acceso bastante \u00e1gil<\/strong>\u201d, destac\u00f3.<\/p>\n<p>En caso de que durante una consulta cl\u00ednica se determine la necesidad de una interconsulta con un especialista, el sistema permite gestionar el turno correspondiente.<\/p>\n<p>\u201c<strong>En el caso de que el cl\u00ednico te diga que necesitamos una interconsulta con un especialista, se saca el turno y de ah\u00ed el paciente viene el d\u00eda y el horario que le da la aplicaci\u00f3n<\/strong>\u201d, detall\u00f3 Flores.<\/p>\n<figure class=\"a-media video-inline\">\n<div class=\"ratio ratio-16x9\"><img decoding=\"async\" class=\"w-100 h-100 object-fit-cover lazyload\" data-src=\"https:\/\/img.youtube.com\/vi\/EdBDFMxEItg\/hqdefault.jpg\" alt=\"Portada video\" src=\"data:image\/svg+xml;base64,PHN2ZyB3aWR0aD0iMSIgaGVpZ2h0PSIxIiB4bWxucz0iaHR0cDovL3d3dy53My5vcmcvMjAwMC9zdmciPjwvc3ZnPg==\" \/><\/div>\n<\/figure>\n<p>De esta manera, la herramienta permite facilitar el acceso a profesionales de distintas especialidades y reducir traslados para determinadas consultas.<\/p>\n<h2>Un complemento de la atenci\u00f3n presencial<\/h2>\n<p>Desde el sistema sanitario provincial aclararon que la Telemedicina\u00a0<strong>no reemplaza la atenci\u00f3n presencial ni el servicio de guardia<\/strong>, sino que funciona como un complemento dentro de la atenci\u00f3n sanitaria.<\/p>\n<p>Flores se\u00f1al\u00f3 que la incorporaci\u00f3n de esta modalidad tambi\u00e9n permitir\u00e1 descomprimir parte de la demanda espont\u00e1nea que recibe diariamente el Hospital Regional.<\/p>\n<p>\u201c<strong>Esto es un complemento para lo que es la atenci\u00f3n. Esto va tambi\u00e9n a aliviar un poco las consultas de demanda espont\u00e1nea que nosotros tenemos en el Hospital Regional, que son muchas todos los d\u00edas<\/strong>\u201d, sostuvo.<\/p>\n<p>En este sentido, remarc\u00f3 que la implementaci\u00f3n de los t\u00f3tems no modifica el funcionamiento de la guardia ni de las consultas presenciales.<\/p>\n<p>\u201c<strong>No va a suplantar la atenci\u00f3n por guardia, la atenci\u00f3n por consultor\u00eda de soporte de guardia tampoco, as\u00ed que eso que se quede tranquila toda la poblaci\u00f3n<\/strong>\u201d, afirm\u00f3.<\/p>\n<p>Por su parte, Coloccini destac\u00f3 que la experiencia de uso resulta din\u00e1mica y permite una comunicaci\u00f3n fluida entre el paciente y el profesional.<\/p>\n<figure class=\"a-media video-inline\">\n<div class=\"ratio ratio-16x9\"><img decoding=\"async\" class=\"w-100 h-100 object-fit-cover lazyload\" data-src=\"https:\/\/img.youtube.com\/vi\/ti4MfqMA1g8\/hqdefault.jpg\" alt=\"Portada video\" src=\"data:image\/svg+xml;base64,PHN2ZyB3aWR0aD0iMSIgaGVpZ2h0PSIxIiB4bWxucz0iaHR0cDovL3d3dy53My5vcmcvMjAwMC9zdmciPjwvc3ZnPg==\" \/><\/div>\n<\/figure>\n<p>\u201c<strong>La consulta es muy din\u00e1mica, es r\u00e1pido lo que es la atenci\u00f3n por la modalidad de guardia, el tiempo de espera es m\u00ednimo, est\u00e1 en el orden de un minuto, tres minutos, y ya te est\u00e1n atendiendo<\/strong>\u201d, explic\u00f3.<\/p>\n<h2>Acompa\u00f1amiento durante la consulta<\/h2>\n<p>Para facilitar el primer contacto con la plataforma, los establecimientos contar\u00e1n con personal de salud que asistir\u00e1 a los pacientes en el uso del t\u00f3tem y en la carga de la informaci\u00f3n necesaria.<\/p>\n<p>Adem\u00e1s, antes de la consulta con el profesional a distancia, los equipos sanitarios podr\u00e1n tomar signos vitales y realizar determinadas evaluaciones.<\/p>\n<p>\u201c<strong>En los hospitales est\u00e1 previsto que haya un personal de la salud articulando con el paciente y el operario del t\u00f3tem inicialmente, y tambi\u00e9n va a haber un profesional asistiendo, previo a tener la consulta<\/strong>\u201d, detall\u00f3 Coloccini.<\/p>\n<p>El sistema tambi\u00e9n permite transmitir archivos e informaci\u00f3n durante la consulta, facilitando el intercambio entre el paciente y el profesional.<\/p>\n<h2>Recetas y documentaci\u00f3n digital<\/h2>\n<p>Una vez finalizada la consulta, el paciente podr\u00e1 acceder a la documentaci\u00f3n generada durante la atenci\u00f3n de manera digital.<\/p>\n<p>La informaci\u00f3n ser\u00e1 enviada al correo electr\u00f3nico declarado por el paciente y, adem\u00e1s, podr\u00e1 descargarse mediante un\u00a0<strong>c\u00f3digo QR disponible en la pantalla del t\u00f3tem<\/strong>.<\/p>\n<p>\u201c<strong>Una vez finalizada la consulta pueden escanear un QR de la pantalla donde descargan toda la documentaci\u00f3n que se gener\u00f3 en esa consulta, interconsultas, pedido de an\u00e1lisis, estudios complementarios y recetas tambi\u00e9n<\/strong>\u201d, explic\u00f3 Coloccini.<\/p>\n<figure class=\"ssi-inline-image my-3\"><img decoding=\"async\" class=\"img-fluid lazyload\" data-src=\"https:\/\/noticias.santacruz.gob.ar\/media\/ssigallery\/articulos\/26291\/inline\/20260831_HRRG_INAUGURACION_TOTEMS-16.JPG\" alt=\"Telemedicina: m\u00e1s especialidades y menos traslados para los santacruce\u00f1os\" src=\"data:image\/svg+xml;base64,PHN2ZyB3aWR0aD0iMSIgaGVpZ2h0PSIxIiB4bWxucz0iaHR0cDovL3d3dy53My5vcmcvMjAwMC9zdmciPjwvc3ZnPg==\" \/><\/figure>\n<p>La puesta en marcha de Telemedicina en toda la provincia representa una nueva herramienta para fortalecer el sistema sanitario, ampliar las alternativas de atenci\u00f3n y acercar consultas especializadas a las comunidades, teniendo en cuenta las distancias y las particularidades de cada localidad santacruce\u00f1a.<\/p>\n<\/div>\n<\/div>\n<\/section>\n<aside class=\"ssi-block-side\">\n<aside class=\"a-gallery mt-2\">\n<div class=\"row g-3 ssigallery-frontend mt-3 row-cols-2 row-cols-sm-3 row-cols-md-3 row-cols-lg-4\">\n<div class=\"col-6 col-sm-4 col-md-4 col-lg-3 mt-0\"><a class=\"ssig-item\" href=\"https:\/\/noticias.santacruz.gob.ar\/media\/ssigallery\/articulos\/26291\/galeria\/20260831_HRRG_INAUGURACION_TOTEMS-10.JPG\" data-ssig=\"1\" data-caption=\"\" data-fancybox=\"ssigallery-article-26291\"><img decoding=\"async\" class=\"img-fluid rounded lazyload\" data-src=\"https:\/\/noticias.santacruz.gob.ar\/media\/ssigallery\/articulos\/26291\/galeria\/thumbs\/20260831_HRRG_INAUGURACION_TOTEMS-10.JPG\" alt=\"Telemedicina: m\u00e1s especialidades y menos traslados para los santacruce\u00f1os\" src=\"data:image\/svg+xml;base64,PHN2ZyB3aWR0aD0iMSIgaGVpZ2h0PSIxIiB4bWxucz0iaHR0cDovL3d3dy53My5vcmcvMjAwMC9zdmciPjwvc3ZnPg==\" \/><\/a><\/div>\n<div class=\"col-6 col-sm-4 col-md-4 col-lg-3 mt-0\"><a class=\"ssig-item\" href=\"https:\/\/noticias.santacruz.gob.ar\/media\/ssigallery\/articulos\/26291\/galeria\/20260831_HRRG_INAUGURACION_TOTEMS-14.JPG\" data-ssig=\"1\" data-caption=\"\" data-fancybox=\"ssigallery-article-26291\"><img decoding=\"async\" class=\"img-fluid rounded lazyload\" data-src=\"https:\/\/noticias.santacruz.gob.ar\/media\/ssigallery\/articulos\/26291\/galeria\/thumbs\/20260831_HRRG_INAUGURACION_TOTEMS-14.JPG\" alt=\"Telemedicina: m\u00e1s especialidades y menos traslados para los santacruce\u00f1os\" src=\"data:image\/svg+xml;base64,PHN2ZyB3aWR0aD0iMSIgaGVpZ2h0PSIxIiB4bWxucz0iaHR0cDovL3d3dy53My5vcmcvMjAwMC9zdmciPjwvc3ZnPg==\" \/><\/a><\/div>\n<div class=\"col-6 col-sm-4 col-md-4 col-lg-3 mt-0\"><a class=\"ssig-item\" href=\"https:\/\/noticias.santacruz.gob.ar\/media\/ssigallery\/articulos\/26291\/galeria\/20260831_HRRG_INAUGURACION_TOTEMS-16.JPG\" data-ssig=\"1\" data-caption=\"\" data-fancybox=\"ssigallery-article-26291\"><img decoding=\"async\" class=\"img-fluid rounded lazyload\" data-src=\"https:\/\/noticias.santacruz.gob.ar\/media\/ssigallery\/articulos\/26291\/galeria\/thumbs\/20260831_HRRG_INAUGURACION_TOTEMS-16.JPG\" alt=\"Telemedicina: m\u00e1s especialidades y menos traslados para los santacruce\u00f1os\" src=\"data:image\/svg+xml;base64,PHN2ZyB3aWR0aD0iMSIgaGVpZ2h0PSIxIiB4bWxucz0iaHR0cDovL3d3dy53My5vcmcvMjAwMC9zdmciPjwvc3ZnPg==\" \/><\/a><\/div>\n<\/div>\n<\/aside>\n<\/aside>\n<\/div>\n<\/div>\n","protected":false},"excerpt":{"rendered":"<p>31 de Agosto 2026. En el marco de la puesta en marcha de manera simult\u00e1nea de Telemedicina en toda la<\/p>\n","protected":false},"author":8,"featured_media":47644,"comment_status":"open","ping_status":"closed","sticky":false,"template":"","format":"standard","meta":{"footnotes":""},"categories":[1139],"tags":[],"class_list":["post-47643","post","type-post","status-publish","format-standard","has-post-thumbnail","hentry","category-ministerio-de-salud-y-ambiente"],"_links":{"self":[{"href":"https:\/\/ecosdelsur.com\/index.php?rest_route=\/wp\/v2\/posts\/47643","targetHints":{"allow":["GET"]}}],"collection":[{"href":"https:\/\/ecosdelsur.com\/index.php?rest_route=\/wp\/v2\/posts"}],"about":[{"href":"https:\/\/ecosdelsur.com\/index.php?rest_route=\/wp\/v2\/types\/post"}],"author":[{"embeddable":true,"href":"https:\/\/ecosdelsur.com\/index.php?rest_route=\/wp\/v2\/users\/8"}],"replies":[{"embeddable":true,"href":"https:\/\/ecosdelsur.com\/index.php?rest_route=%2Fwp%2Fv2%2Fcomments&post=47643"}],"version-history":[{"count":1,"href":"https:\/\/ecosdelsur.com\/index.php?rest_route=\/wp\/v2\/posts\/47643\/revisions"}],"predecessor-version":[{"id":47645,"href":"https:\/\/ecosdelsur.com\/index.php?rest_route=\/wp\/v2\/posts\/47643\/revisions\/47645"}],"wp:featuredmedia":[{"embeddable":true,"href":"https:\/\/ecosdelsur.com\/index.php?rest_route=\/wp\/v2\/media\/47644"}],"wp:attachment":[{"href":"https:\/\/ecosdelsur.com\/index.php?rest_route=%2Fwp%2Fv2%2Fmedia&parent=47643"}],"wp:term":[{"taxonomy":"category","embeddable":true,"href":"https:\/\/ecosdelsur.com\/index.php?rest_route=%2Fwp%2Fv2%2Fcategories&post=47643"},{"taxonomy":"post_tag","embeddable":true,"href":"https:\/\/ecosdelsur.com\/index.php?rest_route=%2Fwp%2Fv2%2Ftags&post=47643"}],"curies":[{"name":"wp","href":"https:\/\/api.w.org\/{rel}","templated":true}]}}