{"id":47639,"date":"2026-08-31T18:05:19","date_gmt":"2026-08-31T21:05:19","guid":{"rendered":"https:\/\/ecosdelsur.com\/?p=47639"},"modified":"2026-08-31T18:05:19","modified_gmt":"2026-08-31T21:05:19","slug":"eduactiva-la-inscripcion-para-la-entrega-de-zapatillas-cierra-este-viernes","status":"publish","type":"post","link":"https:\/\/ecosdelsur.com\/?p=47639","title":{"rendered":"EduActiva: La inscripci\u00f3n para la entrega de zapatillas cierra este viernes"},"content":{"rendered":"<p><span style=\"color: #ff0000;\">31 de Agosto 2026. <\/span>Las familias santacruce\u00f1as ya pueden acceder al programa de pol\u00edtica p\u00fablica educativa. Hasta las 18:00 de este viernes pueden completar los formularios en las escuelas d\u00f3nde asisten los estudiantes. Alcanza al Nivel Inicial, Primario, Rural y de la modalidad de Educaci\u00f3n Especial de toda la provincia.<\/p>\n<div class=\"redes mb-3\">\n<div class=\"d-flex flex-wrap justify-content-between align-items-center gap-3 my-2 mx-1\">\n<p>Como una clara pol\u00edtica p\u00fablica educativa, el Gobierno de Santa Cruz avanza con una nueva acci\u00f3n del programa EduActiva, destinada en esta primera instancia a la entrega de zapatillas para estudiantes de distintos niveles y modalidades del sistema educativo provincial. La convocatoria tuvo una importante respuesta desde su apertura: en apenas un d\u00eda, m\u00e1s de 3 mil alumnos ya se hab\u00edan registrado para acceder al beneficio.<\/p>\n<figure class=\"ssi-inline-image my-3\"><img decoding=\"async\" class=\"img-fluid lazyload\" data-src=\"https:\/\/noticias.santacruz.gob.ar\/media\/ssigallery\/articulos\/26293\/inline\/20250120_CPE_Daniela_Franchini__1_de_4_.JPG.jpeg\" alt=\"Daniela Franchini, secretaria de Gesti\u00f3n Educativa.\" src=\"data:image\/svg+xml;base64,PHN2ZyB3aWR0aD0iMSIgaGVpZ2h0PSIxIiB4bWxucz0iaHR0cDovL3d3dy53My5vcmcvMjAwMC9zdmciPjwvc3ZnPg==\" \/><figcaption class=\"small text-muted mt-1\">Daniela Franchini, secretaria de Gesti\u00f3n Educativa.<\/figcaption><\/figure>\n<p>La secretaria de Gesti\u00f3n Educativa del Consejo Provincial de Educaci\u00f3n, Daniela Franchini, explic\u00f3 que las familias tendr\u00e1n toda la semana para realizar el tr\u00e1mite, ya que la inscripci\u00f3n permanecer\u00e1 abierta hasta el viernes 4 de septiembre a las 18:00.<\/p>\n<blockquote class=\"ssi-editorial-block ssi-quote ssi-quote-featured\"><p>\u201cEl sistema de inscripci\u00f3n es muy sencillo. Debe presentarse el padre, la madre o el tutor con su DNI y el DNI del menor para poder anotarse\u201d, indic\u00f3 la funcionaria, quien agreg\u00f3 que el tr\u00e1mite se realiza directamente en la instituci\u00f3n educativa a la que concurre cada estudiante.<\/p><\/blockquote>\n<p>Adem\u00e1s, precis\u00f3 que el \u00fanico dato adicional que deber\u00e1n brindar las familias es el n\u00famero de calzado del alumno.<br \/>\nCabe recordar que lLas zapatillas que ser\u00e1n entregadas cuentan \u00fanicamente con los logos e identificaciones propias de la marca fabricante, tal como se comercializan habitualmente en cualquier comercio. No poseen ninguna inscripci\u00f3n, s\u00edmbolo, leyenda ni identificaci\u00f3n vinculada al Gobierno Provincial, a organismos p\u00fablicos o a espacios pol\u00edticos.<\/p>\n<h3>Una convocatoria para estudiantes de toda la provincia<\/h3>\n<p>En esta primera etapa, la iniciativa alcanza a estudiantes de Nivel Inicial, Primario, instituciones rurales y de la modalidad de Educaci\u00f3n Especial.<\/p>\n<p>Franchini remarc\u00f3 que, por el momento, no se establecieron criterios de selecci\u00f3n o prioridad, debido a que la cantidad prevista busca alcanzar a toda la poblaci\u00f3n estudiantil destinataria.<\/p>\n<blockquote class=\"ssi-editorial-block ssi-quote ssi-quote-featured\"><p>\u201cEntendemos que la cantidad solicitada abarca a toda la poblaci\u00f3n destinataria de estudiantes de la provincia de Santa Cruz\u201d, se\u00f1al\u00f3.<\/p><\/blockquote>\n<p>La respuesta de las familias durante las primeras horas reflej\u00f3 el inter\u00e9s generado por la propuesta.<\/p>\n<p>\u201cPara nosotros es un \u00e9xito total. Llevamos pr\u00e1cticamente un d\u00eda de inscripci\u00f3n y creemos que va a tener muy buen resultado, porque las familias van a aprovechar esta oportunidad que est\u00e1 brindando el Gobierno Provincial\u201d, sostuvo.<\/p>\n<h3>El deporte y la actividad f\u00edsica como derecho<\/h3>\n<p>La entrega de zapatillas forma parte de EduActiva, el programa provincial que promueve el deporte, la educaci\u00f3n f\u00edsica y la recreaci\u00f3n dentro de la comunidad educativa.<\/p>\n<figure class=\"ssi-inline-image my-3\"><img decoding=\"async\" class=\"img-fluid lazyload\" data-src=\"https:\/\/noticias.santacruz.gob.ar\/media\/ssigallery\/articulos\/26293\/inline\/260827-COMUNICADO_OFICIAL__4_.jpeg\" alt=\"EduActiva: La inscripci\u00f3n para la entrega de zapatillas cierra este viernes\" src=\"data:image\/svg+xml;base64,PHN2ZyB3aWR0aD0iMSIgaGVpZ2h0PSIxIiB4bWxucz0iaHR0cDovL3d3dy53My5vcmcvMjAwMC9zdmciPjwvc3ZnPg==\" \/><\/figure>\n<p>Franchini destac\u00f3 que se trata de una pol\u00edtica p\u00fablica que reconoce a la actividad f\u00edsica como parte fundamental del desarrollo y bienestar de ni\u00f1os y j\u00f3venes.<\/p>\n<blockquote class=\"ssi-editorial-block ssi-quote ssi-quote-featured\"><p>\u201cEn esta primera instancia se entregar\u00e1n zapatillas, que son un recurso prioritario para que nuestros estudiantes puedan sentirse c\u00f3modos al momento del ejercicio y de las clases\u201d, explic\u00f3.<\/p><\/blockquote>\n<p>En ese sentido, se\u00f1al\u00f3 que EduActiva se encuentra enmarcado en las leyes de Educaci\u00f3n Nacional y Provincial, que reconocen al deporte y a la educaci\u00f3n f\u00edsica como un derecho social.<\/p>\n<blockquote class=\"ssi-editorial-block ssi-quote ssi-quote-featured\"><p>\u201cLa pol\u00edtica provincial entiende que la actividad f\u00edsica aporta al cuidado de la salud de nuestros ni\u00f1os y j\u00f3venes\u201d, concluy\u00f3.<\/p><\/blockquote>\n<p>Las familias interesadas podr\u00e1n inscribir a los estudiantes hasta el viernes 4 de septiembre a las 18:00, acerc\u00e1ndose a la instituci\u00f3n educativa a la que concurren habitualmente.<\/p>\n<p>&nbsp;<\/p>\n<\/div>\n<\/div>\n","protected":false},"excerpt":{"rendered":"<p>31 de Agosto 2026. Las familias santacruce\u00f1as ya pueden acceder al programa de pol\u00edtica p\u00fablica educativa. Hasta las 18:00 de<\/p>\n","protected":false},"author":8,"featured_media":47640,"comment_status":"open","ping_status":"closed","sticky":false,"template":"","format":"standard","meta":{"footnotes":""},"categories":[1094],"tags":[],"class_list":["post-47639","post","type-post","status-publish","format-standard","has-post-thumbnail","hentry","category-gobierno"],"_links":{"self":[{"href":"https:\/\/ecosdelsur.com\/index.php?rest_route=\/wp\/v2\/posts\/47639","targetHints":{"allow":["GET"]}}],"collection":[{"href":"https:\/\/ecosdelsur.com\/index.php?rest_route=\/wp\/v2\/posts"}],"about":[{"href":"https:\/\/ecosdelsur.com\/index.php?rest_route=\/wp\/v2\/types\/post"}],"author":[{"embeddable":true,"href":"https:\/\/ecosdelsur.com\/index.php?rest_route=\/wp\/v2\/users\/8"}],"replies":[{"embeddable":true,"href":"https:\/\/ecosdelsur.com\/index.php?rest_route=%2Fwp%2Fv2%2Fcomments&post=47639"}],"version-history":[{"count":1,"href":"https:\/\/ecosdelsur.com\/index.php?rest_route=\/wp\/v2\/posts\/47639\/revisions"}],"predecessor-version":[{"id":47641,"href":"https:\/\/ecosdelsur.com\/index.php?rest_route=\/wp\/v2\/posts\/47639\/revisions\/47641"}],"wp:featuredmedia":[{"embeddable":true,"href":"https:\/\/ecosdelsur.com\/index.php?rest_route=\/wp\/v2\/media\/47640"}],"wp:attachment":[{"href":"https:\/\/ecosdelsur.com\/index.php?rest_route=%2Fwp%2Fv2%2Fmedia&parent=47639"}],"wp:term":[{"taxonomy":"category","embeddable":true,"href":"https:\/\/ecosdelsur.com\/index.php?rest_route=%2Fwp%2Fv2%2Fcategories&post=47639"},{"taxonomy":"post_tag","embeddable":true,"href":"https:\/\/ecosdelsur.com\/index.php?rest_route=%2Fwp%2Fv2%2Ftags&post=47639"}],"curies":[{"name":"wp","href":"https:\/\/api.w.org\/{rel}","templated":true}]}}