{"id":47636,"date":"2026-08-31T18:02:38","date_gmt":"2026-08-31T21:02:38","guid":{"rendered":"https:\/\/ecosdelsur.com\/?p=47636"},"modified":"2026-08-31T18:02:38","modified_gmt":"2026-08-31T21:02:38","slug":"mas-de-70-deportistas-participaron-de-la-instancia-provincial-de-atletismo-adaptado","status":"publish","type":"post","link":"https:\/\/ecosdelsur.com\/?p=47636","title":{"rendered":"M\u00e1s de 70 deportistas participaron de la instancia provincial de Atletismo Adaptado"},"content":{"rendered":"<p><span style=\"color: #ff0000;\">31 de Agosto 2026. <\/span>R\u00edo Gallegos fue sede de una nueva jornada de los Juegos Santacruce\u00f1os \u201cSanta Cruz Puede\u201d 2026, donde m\u00e1s de 70 deportistas participaron de la instancia provincial de Atletismo Adaptado, en la pista de la Universidad Nacional de la Patagonia Austral (UNPA). La competencia es clasificatoria a los Juegos Nacionales Evita, que se desarrollar\u00e1n del 2 al 7 de noviembre en Mar del Plata.<\/p>\n<div class=\"redes mb-3\">\n<div class=\"d-flex flex-wrap justify-content-between align-items-center gap-3 my-2 mx-1\">\n<p>La pista de la UNPA en R\u00edo Gallegos fue escenario de una nueva instancia provincial de los Juegos Santacruce\u00f1os \u201cSanta Cruz Puede\u201d 2026, con la participaci\u00f3n de m\u00e1s de 70 deportistas que formaron parte de las distintas pruebas de Atletismo Adaptado.<\/p>\n<figure class=\"ssi-inline-image my-3\"><img decoding=\"async\" class=\"img-fluid lazyload\" data-src=\"https:\/\/noticias.santacruz.gob.ar\/media\/ssigallery\/articulos\/26300\/inline\/WhatsApp_Image_2026-08-31_at_5.09.45_PM.jpeg\" alt=\"M\u00e1s de 70 deportistas participaron de la instancia provincial de Atletismo Adaptado\" src=\"data:image\/svg+xml;base64,PHN2ZyB3aWR0aD0iMSIgaGVpZ2h0PSIxIiB4bWxucz0iaHR0cDovL3d3dy53My5vcmcvMjAwMC9zdmciPjwvc3ZnPg==\" \/><\/figure>\n<p>A lo largo de la jornada, los participantes demostraron todo lo trabajado durante el proceso de preparaci\u00f3n y fueron protagonistas de una competencia marcada por el esfuerzo, la dedicaci\u00f3n y las ganas de superarse.<\/p>\n<p>Las pruebas incluyeron\u00a0<strong>lanzamiento de jabalina, lanzamiento de disco, lanzamiento de bala, salto en largo y las competencias de 100 y 200 metros<\/strong>, permitiendo a cada deportista desplegar sus capacidades y disfrutar de una jornada de encuentro a trav\u00e9s del deporte.<\/p>\n<h2>Rumbo a Mar del Plata<\/h2>\n<p>Esta instancia provincial tiene adem\u00e1s un objetivo fundamental:\u00a0<strong>la clasificaci\u00f3n a los Juegos Nacionales Evita<\/strong>, que tendr\u00e1n lugar en la ciudad de Mar del Plata del\u00a0<strong>2 al 7 de noviembre<\/strong>.<\/p>\n<p>De esta manera, los Juegos Santacruce\u00f1os \u201cSanta Cruz Puede\u201d contin\u00faan generando espacios de participaci\u00f3n y competencia para deportistas de toda la provincia, fortaleciendo el desarrollo del deporte adaptado y brindando la posibilidad de representar a Santa Cruz en el escenario nacional.<\/p>\n<h2>Una jornada para seguir creciendo<\/h2>\n<p>En este marco, durante la jornada del domingo continuaron las actividades correspondientes al\u00a0<strong>Deporte Adaptado<\/strong>, con competencias de\u00a0<strong>B\u00e1squet, Boccia, V\u00f3leibol Sentado y Tenis de Mesa<\/strong>.<\/p>\n<p>Cada encuentro estuvo acompa\u00f1ado por momentos de mucha emoci\u00f3n, esfuerzo y compa\u00f1erismo, donde los deportistas no solo pusieron en pr\u00e1ctica lo aprendido, sino que tambi\u00e9n compartieron experiencias y disfrutaron de la posibilidad de encontrarse con otros protagonistas del deporte adaptado provincial.<\/p>\n<figure class=\"ssi-inline-image my-3\"><img decoding=\"async\" class=\"img-fluid lazyload\" data-src=\"https:\/\/noticias.santacruz.gob.ar\/media\/ssigallery\/articulos\/26300\/inline\/WhatsApp_Image_2026-08-31_at_5.10.00_PM.jpeg\" alt=\"M\u00e1s de 70 deportistas participaron de la instancia provincial de Atletismo Adaptado\" src=\"data:image\/svg+xml;base64,PHN2ZyB3aWR0aD0iMSIgaGVpZ2h0PSIxIiB4bWxucz0iaHR0cDovL3d3dy53My5vcmcvMjAwMC9zdmciPjwvc3ZnPg==\" \/><\/figure>\n<p>Cada jornada de los Juegos Santacruce\u00f1os representa una oportunidad para\u00a0<strong>superarse, compartir, aprender y seguir creciendo a trav\u00e9s del deporte<\/strong>, reafirmando el valor de la inclusi\u00f3n y de la participaci\u00f3n deportiva en todas sus expresiones.<\/p>\n<p>As\u00ed, Santa Cruz contin\u00faa transitando las distintas instancias de los Juegos \u201cSanta Cruz Puede\u201d 2026, con la mirada puesta en la etapa nacional y en el desaf\u00edo de acompa\u00f1ar a sus deportistas en el camino hacia Mar del Plata.<\/p>\n<\/div>\n<\/div>\n","protected":false},"excerpt":{"rendered":"<p>31 de Agosto 2026. R\u00edo Gallegos fue sede de una nueva jornada de los Juegos Santacruce\u00f1os \u201cSanta Cruz Puede\u201d 2026,<\/p>\n","protected":false},"author":8,"featured_media":47637,"comment_status":"open","ping_status":"closed","sticky":false,"template":"","format":"standard","meta":{"footnotes":""},"categories":[1156],"tags":[],"class_list":["post-47636","post","type-post","status-publish","format-standard","has-post-thumbnail","hentry","category-ministerio-de-desarrollo-social"],"_links":{"self":[{"href":"https:\/\/ecosdelsur.com\/index.php?rest_route=\/wp\/v2\/posts\/47636","targetHints":{"allow":["GET"]}}],"collection":[{"href":"https:\/\/ecosdelsur.com\/index.php?rest_route=\/wp\/v2\/posts"}],"about":[{"href":"https:\/\/ecosdelsur.com\/index.php?rest_route=\/wp\/v2\/types\/post"}],"author":[{"embeddable":true,"href":"https:\/\/ecosdelsur.com\/index.php?rest_route=\/wp\/v2\/users\/8"}],"replies":[{"embeddable":true,"href":"https:\/\/ecosdelsur.com\/index.php?rest_route=%2Fwp%2Fv2%2Fcomments&post=47636"}],"version-history":[{"count":1,"href":"https:\/\/ecosdelsur.com\/index.php?rest_route=\/wp\/v2\/posts\/47636\/revisions"}],"predecessor-version":[{"id":47638,"href":"https:\/\/ecosdelsur.com\/index.php?rest_route=\/wp\/v2\/posts\/47636\/revisions\/47638"}],"wp:featuredmedia":[{"embeddable":true,"href":"https:\/\/ecosdelsur.com\/index.php?rest_route=\/wp\/v2\/media\/47637"}],"wp:attachment":[{"href":"https:\/\/ecosdelsur.com\/index.php?rest_route=%2Fwp%2Fv2%2Fmedia&parent=47636"}],"wp:term":[{"taxonomy":"category","embeddable":true,"href":"https:\/\/ecosdelsur.com\/index.php?rest_route=%2Fwp%2Fv2%2Fcategories&post=47636"},{"taxonomy":"post_tag","embeddable":true,"href":"https:\/\/ecosdelsur.com\/index.php?rest_route=%2Fwp%2Fv2%2Ftags&post=47636"}],"curies":[{"name":"wp","href":"https:\/\/api.w.org\/{rel}","templated":true}]}}