{"id":47633,"date":"2026-08-31T18:00:52","date_gmt":"2026-08-31T21:00:52","guid":{"rendered":"https:\/\/ecosdelsur.com\/?p=47633"},"modified":"2026-08-31T18:00:52","modified_gmt":"2026-08-31T21:00:52","slug":"refuerzan-la-infraestructura-de-comedores-escolares-para-garantizar-las-trayectorias-educativas","status":"publish","type":"post","link":"https:\/\/ecosdelsur.com\/?p=47633","title":{"rendered":"Refuerzan la infraestructura de comedores escolares para garantizar las trayectorias educativas"},"content":{"rendered":"<p><span style=\"color: #ff0000;\">31 de Agosto 2026. <\/span>En el marco de una pol\u00edtica p\u00fablica definida por la inversi\u00f3n sostenida y la presencia territorial, la cartera Educativa ejecuta trabajos integrales de reacondicionamiento y equipamiento en las Escuelas Provinciales Primarias N\u00b033 y N\u00b063, garantizando las trayectorias escolares y la asistencia alimentaria de los estudiantes.<\/p>\n<div class=\"redes mb-3\">\n<div class=\"d-flex flex-wrap justify-content-between align-items-center gap-3 my-2 mx-1\">\n<section class=\"ssi-block-main mb-5\">\n<div class=\"mb-2\">\n<div class=\"article-full\">\n<p>El Consejo Provincial de Educaci\u00f3n (CPE) contin\u00faa desplegando acciones concretas en el marco del\u00a0<strong>Plan de Mantenimiento Escolar Correctivo y Preventivo<\/strong>. Esta iniciativa busca dar respuesta de manera directa y progresiva a los requerimientos edilicios de los establecimientos educativos de todo el territorio santacruce\u00f1o, reafirmando una decisi\u00f3n pol\u00edtica centrada en el fortalecimiento de la infraestructura p\u00fablica.<\/p>\n<p>En este contexto, las \u00e1reas operativas del organismo abordan de manera prioritaria la intervenci\u00f3n en los comedores escolares, entendiendo estos espacios como recintos fundamentales para el\u00a0<strong>bienestar integral<\/strong>, la\u00a0<strong>contenci\u00f3n social<\/strong>\u00a0y el\u00a0<strong>desarrollo pedag\u00f3gico<\/strong>\u00a0de las comunidades educativas.<\/p>\n<figure class=\"ssi-inline-image my-3\"><img decoding=\"async\" class=\"img-fluid lazyload\" data-src=\"https:\/\/noticias.santacruz.gob.ar\/media\/ssigallery\/articulos\/26299\/inline\/Imagen_1.jpeg\" alt=\"Refuerzan la infraestructura de comedores escolares para garantizar las trayectorias educativas\" src=\"data:image\/svg+xml;base64,PHN2ZyB3aWR0aD0iMSIgaGVpZ2h0PSIxIiB4bWxucz0iaHR0cDovL3d3dy53My5vcmcvMjAwMC9zdmciPjwvc3ZnPg==\" \/><\/figure>\n<h2>Tareas concretas<\/h2>\n<p>Al respecto,\u00a0<strong>Ana Navarrete<\/strong>\u00a0detall\u00f3 las labores de infraestructura y acondicionamiento que se ejecutaron junto a su equipo de trabajo en los comedores de ambas comunidades educativas. En la<strong>\u00a0Escuela Provincial Primaria (EPP) N\u00b0 63,<\/strong>\u00a0se realiz\u00f3 el reemplazo integral de las mesadas de trabajo en el \u00e1rea de cocina, la pintura general tanto en cocina como en el sal\u00f3n comedor, y el reacondicionamiento de las cocinas industriales para asegurar la \u00f3ptima preparaci\u00f3n de los alimentos.<\/p>\n<p>Por otro lado,\u00a0en la\u00a0<strong>Escuela Primaria Provincial (EPP) N\u00b033,\u00a0<\/strong>detall\u00f3 que se concret\u00f3 la instalaci\u00f3n de grifer\u00eda adecuada y de alta resistencia para las exigencias diarias, tareas de pintura en el sector de cocina, el reacondicionamiento de artefactos de cocci\u00f3n y el reemplazo de un termotanque de alta capacidad. Asimismo,\u00a0<strong>Navarrete<\/strong>\u00a0se\u00f1al\u00f3 que resta completar la pintura del sal\u00f3n comedor y reparar filtraciones existentes, trabajos que ya se encuentran contemplados dentro de la planificaci\u00f3n de tareas pendientes.<\/p>\n<figure class=\"ssi-inline-image my-3\"><img decoding=\"async\" class=\"img-fluid lazyload\" data-src=\"https:\/\/noticias.santacruz.gob.ar\/media\/ssigallery\/articulos\/26299\/inline\/Imagen_2.jpeg\" alt=\"Refuerzan la infraestructura de comedores escolares para garantizar las trayectorias educativas\" src=\"data:image\/svg+xml;base64,PHN2ZyB3aWR0aD0iMSIgaGVpZ2h0PSIxIiB4bWxucz0iaHR0cDovL3d3dy53My5vcmcvMjAwMC9zdmciPjwvc3ZnPg==\" \/><\/figure>\n<h2><strong>Una pol\u00edtica p\u00fablica orientada a acompa\u00f1ar y garantizar derechos<\/strong><\/h2>\n<p id=\"m_7709909068827937946gmail-p-rc_80b6aad06c15cc04-31\">El fortalecimiento y puesta en valor de los comedores escolares que lleva adelante el Consejo Provincial de Educaci\u00f3n se enmarca en una pol\u00edtica estatal activa que entiende la\u00a0<strong>asistencia alimentaria<\/strong>\u00a0como una\u00a0<strong>herramienta inseparable\u00a0<\/strong>del\u00a0<strong>derecho a la educaci\u00f3n<\/strong>. La inversi\u00f3n en equipamiento y mantenimiento no s\u00f3lo resuelve emergencias t\u00e9cnicas, sino que consolida entornos adecuados y funcionales en el \u00e1mbito escolar.<\/p>\n<\/div>\n<\/div>\n<\/section>\n<aside class=\"ssi-block-side\">\n<aside class=\"a-gallery mt-2\">\n<div class=\"row g-3 ssigallery-frontend mt-3 row-cols-2 row-cols-sm-3 row-cols-md-3 row-cols-lg-4\">\n<div class=\"col-6 col-sm-4 col-md-4 col-lg-3 mt-0\"><a class=\"ssig-item\" href=\"https:\/\/noticias.santacruz.gob.ar\/media\/ssigallery\/articulos\/26299\/galeria\/260831-MANTENIMIENTO_COMEDORES_ESCOLARES__10_.jpeg\" data-ssig=\"1\" data-caption=\"\" data-fancybox=\"ssigallery-article-26299\"><img decoding=\"async\" class=\"img-fluid rounded lazyload\" data-src=\"https:\/\/noticias.santacruz.gob.ar\/media\/ssigallery\/articulos\/26299\/galeria\/thumbs\/260831-MANTENIMIENTO_COMEDORES_ESCOLARES__10_.jpeg\" alt=\"Refuerzan la infraestructura de comedores escolares para garantizar las trayectorias educativas\" src=\"data:image\/svg+xml;base64,PHN2ZyB3aWR0aD0iMSIgaGVpZ2h0PSIxIiB4bWxucz0iaHR0cDovL3d3dy53My5vcmcvMjAwMC9zdmciPjwvc3ZnPg==\" \/><\/a><\/div>\n<div class=\"col-6 col-sm-4 col-md-4 col-lg-3 mt-0\"><a class=\"ssig-item\" href=\"https:\/\/noticias.santacruz.gob.ar\/media\/ssigallery\/articulos\/26299\/galeria\/260831-MANTENIMIENTO_COMEDORES_ESCOLARES__12_.jpeg\" data-ssig=\"1\" data-caption=\"\" data-fancybox=\"ssigallery-article-26299\"><img decoding=\"async\" class=\"img-fluid rounded lazyload\" data-src=\"https:\/\/noticias.santacruz.gob.ar\/media\/ssigallery\/articulos\/26299\/galeria\/thumbs\/260831-MANTENIMIENTO_COMEDORES_ESCOLARES__12_.jpeg\" alt=\"Refuerzan la infraestructura de comedores escolares para garantizar las trayectorias educativas\" src=\"data:image\/svg+xml;base64,PHN2ZyB3aWR0aD0iMSIgaGVpZ2h0PSIxIiB4bWxucz0iaHR0cDovL3d3dy53My5vcmcvMjAwMC9zdmciPjwvc3ZnPg==\" \/><\/a><\/div>\n<div class=\"col-6 col-sm-4 col-md-4 col-lg-3 mt-0\"><a class=\"ssig-item\" href=\"https:\/\/noticias.santacruz.gob.ar\/media\/ssigallery\/articulos\/26299\/galeria\/260831-MANTENIMIENTO_COMEDORES_ESCOLARES__13_.jpeg\" data-ssig=\"1\" data-caption=\"\" data-fancybox=\"ssigallery-article-26299\"><img decoding=\"async\" class=\"img-fluid rounded lazyload\" data-src=\"https:\/\/noticias.santacruz.gob.ar\/media\/ssigallery\/articulos\/26299\/galeria\/thumbs\/260831-MANTENIMIENTO_COMEDORES_ESCOLARES__13_.jpeg\" alt=\"Refuerzan la infraestructura de comedores escolares para garantizar las trayectorias educativas\" src=\"data:image\/svg+xml;base64,PHN2ZyB3aWR0aD0iMSIgaGVpZ2h0PSIxIiB4bWxucz0iaHR0cDovL3d3dy53My5vcmcvMjAwMC9zdmciPjwvc3ZnPg==\" \/><\/a><\/div>\n<div class=\"col-6 col-sm-4 col-md-4 col-lg-3 mt-0\"><a class=\"ssig-item\" href=\"https:\/\/noticias.santacruz.gob.ar\/media\/ssigallery\/articulos\/26299\/galeria\/260831-MANTENIMIENTO_COMEDORES_ESCOLARES__1_.jpeg\" data-ssig=\"1\" data-caption=\"\" data-fancybox=\"ssigallery-article-26299\"><img decoding=\"async\" class=\"img-fluid rounded lazyload\" data-src=\"https:\/\/noticias.santacruz.gob.ar\/media\/ssigallery\/articulos\/26299\/galeria\/thumbs\/260831-MANTENIMIENTO_COMEDORES_ESCOLARES__1_.jpeg\" alt=\"Refuerzan la infraestructura de comedores escolares para garantizar las trayectorias educativas\" src=\"data:image\/svg+xml;base64,PHN2ZyB3aWR0aD0iMSIgaGVpZ2h0PSIxIiB4bWxucz0iaHR0cDovL3d3dy53My5vcmcvMjAwMC9zdmciPjwvc3ZnPg==\" \/><\/a><\/div>\n<div class=\"col-6 col-sm-4 col-md-4 col-lg-3 mt-0\"><a class=\"ssig-item\" href=\"https:\/\/noticias.santacruz.gob.ar\/media\/ssigallery\/articulos\/26299\/galeria\/260831-MANTENIMIENTO_COMEDORES_ESCOLARES__3_.jpeg\" data-ssig=\"1\" data-caption=\"\" data-fancybox=\"ssigallery-article-26299\"><img decoding=\"async\" class=\"img-fluid rounded lazyload\" data-src=\"https:\/\/noticias.santacruz.gob.ar\/media\/ssigallery\/articulos\/26299\/galeria\/thumbs\/260831-MANTENIMIENTO_COMEDORES_ESCOLARES__3_.jpeg\" alt=\"Refuerzan la infraestructura de comedores escolares para garantizar las trayectorias educativas\" src=\"data:image\/svg+xml;base64,PHN2ZyB3aWR0aD0iMSIgaGVpZ2h0PSIxIiB4bWxucz0iaHR0cDovL3d3dy53My5vcmcvMjAwMC9zdmciPjwvc3ZnPg==\" \/><\/a><\/div>\n<div class=\"col-6 col-sm-4 col-md-4 col-lg-3 mt-0\"><a class=\"ssig-item\" href=\"https:\/\/noticias.santacruz.gob.ar\/media\/ssigallery\/articulos\/26299\/galeria\/260831-MANTENIMIENTO_COMEDORES_ESCOLARES__4_.jpeg\" data-ssig=\"1\" data-caption=\"\" data-fancybox=\"ssigallery-article-26299\"><img decoding=\"async\" class=\"img-fluid rounded lazyload\" data-src=\"https:\/\/noticias.santacruz.gob.ar\/media\/ssigallery\/articulos\/26299\/galeria\/thumbs\/260831-MANTENIMIENTO_COMEDORES_ESCOLARES__4_.jpeg\" alt=\"Refuerzan la infraestructura de comedores escolares para garantizar las trayectorias educativas\" src=\"data:image\/svg+xml;base64,PHN2ZyB3aWR0aD0iMSIgaGVpZ2h0PSIxIiB4bWxucz0iaHR0cDovL3d3dy53My5vcmcvMjAwMC9zdmciPjwvc3ZnPg==\" \/><\/a><\/div>\n<div class=\"col-6 col-sm-4 col-md-4 col-lg-3 mt-0\"><a class=\"ssig-item\" href=\"https:\/\/noticias.santacruz.gob.ar\/media\/ssigallery\/articulos\/26299\/galeria\/260831-MANTENIMIENTO_COMEDORES_ESCOLARES__5_.jpeg\" data-ssig=\"1\" data-caption=\"\" data-fancybox=\"ssigallery-article-26299\"><img decoding=\"async\" class=\"img-fluid rounded lazyload\" data-src=\"https:\/\/noticias.santacruz.gob.ar\/media\/ssigallery\/articulos\/26299\/galeria\/thumbs\/260831-MANTENIMIENTO_COMEDORES_ESCOLARES__5_.jpeg\" alt=\"Refuerzan la infraestructura de comedores escolares para garantizar las trayectorias educativas\" src=\"data:image\/svg+xml;base64,PHN2ZyB3aWR0aD0iMSIgaGVpZ2h0PSIxIiB4bWxucz0iaHR0cDovL3d3dy53My5vcmcvMjAwMC9zdmciPjwvc3ZnPg==\" \/><\/a><\/div>\n<div class=\"col-6 col-sm-4 col-md-4 col-lg-3 mt-0\"><a class=\"ssig-item\" href=\"https:\/\/noticias.santacruz.gob.ar\/media\/ssigallery\/articulos\/26299\/galeria\/260831-MANTENIMIENTO_COMEDORES_ESCOLARES__6_.jpeg\" data-ssig=\"1\" data-caption=\"\" data-fancybox=\"ssigallery-article-26299\"><img decoding=\"async\" class=\"img-fluid rounded lazyload\" data-src=\"https:\/\/noticias.santacruz.gob.ar\/media\/ssigallery\/articulos\/26299\/galeria\/thumbs\/260831-MANTENIMIENTO_COMEDORES_ESCOLARES__6_.jpeg\" alt=\"Refuerzan la infraestructura de comedores escolares para garantizar las trayectorias educativas\" src=\"data:image\/svg+xml;base64,PHN2ZyB3aWR0aD0iMSIgaGVpZ2h0PSIxIiB4bWxucz0iaHR0cDovL3d3dy53My5vcmcvMjAwMC9zdmciPjwvc3ZnPg==\" \/><\/a><\/div>\n<div class=\"col-6 col-sm-4 col-md-4 col-lg-3 mt-0\"><a class=\"ssig-item\" href=\"https:\/\/noticias.santacruz.gob.ar\/media\/ssigallery\/articulos\/26299\/galeria\/260831-MANTENIMIENTO_COMEDORES_ESCOLARES__7_.jpeg\" data-ssig=\"1\" data-caption=\"\" data-fancybox=\"ssigallery-article-26299\"><img decoding=\"async\" class=\"img-fluid rounded lazyload\" data-src=\"https:\/\/noticias.santacruz.gob.ar\/media\/ssigallery\/articulos\/26299\/galeria\/thumbs\/260831-MANTENIMIENTO_COMEDORES_ESCOLARES__7_.jpeg\" alt=\"Refuerzan la infraestructura de comedores escolares para garantizar las trayectorias educativas\" src=\"data:image\/svg+xml;base64,PHN2ZyB3aWR0aD0iMSIgaGVpZ2h0PSIxIiB4bWxucz0iaHR0cDovL3d3dy53My5vcmcvMjAwMC9zdmciPjwvc3ZnPg==\" \/><\/a><\/div>\n<div class=\"col-6 col-sm-4 col-md-4 col-lg-3 mt-0\"><a class=\"ssig-item\" href=\"https:\/\/noticias.santacruz.gob.ar\/media\/ssigallery\/articulos\/26299\/galeria\/260831-MANTENIMIENTO_COMEDORES_ESCOLARES__9_.jpeg\" data-ssig=\"1\" data-caption=\"\" data-fancybox=\"ssigallery-article-26299\"><img decoding=\"async\" class=\"img-fluid rounded lazyload\" data-src=\"https:\/\/noticias.santacruz.gob.ar\/media\/ssigallery\/articulos\/26299\/galeria\/thumbs\/260831-MANTENIMIENTO_COMEDORES_ESCOLARES__9_.jpeg\" alt=\"Refuerzan la infraestructura de comedores escolares para garantizar las trayectorias educativas\" src=\"data:image\/svg+xml;base64,PHN2ZyB3aWR0aD0iMSIgaGVpZ2h0PSIxIiB4bWxucz0iaHR0cDovL3d3dy53My5vcmcvMjAwMC9zdmciPjwvc3ZnPg==\" \/><\/a><\/div>\n<\/div>\n<\/aside>\n<\/aside>\n<\/div>\n<\/div>\n","protected":false},"excerpt":{"rendered":"<p>31 de Agosto 2026. En el marco de una pol\u00edtica p\u00fablica definida por la inversi\u00f3n sostenida y la presencia territorial,<\/p>\n","protected":false},"author":8,"featured_media":47634,"comment_status":"open","ping_status":"closed","sticky":false,"template":"","format":"standard","meta":{"footnotes":""},"categories":[89],"tags":[],"class_list":["post-47633","post","type-post","status-publish","format-standard","has-post-thumbnail","hentry","category-educacion"],"_links":{"self":[{"href":"https:\/\/ecosdelsur.com\/index.php?rest_route=\/wp\/v2\/posts\/47633","targetHints":{"allow":["GET"]}}],"collection":[{"href":"https:\/\/ecosdelsur.com\/index.php?rest_route=\/wp\/v2\/posts"}],"about":[{"href":"https:\/\/ecosdelsur.com\/index.php?rest_route=\/wp\/v2\/types\/post"}],"author":[{"embeddable":true,"href":"https:\/\/ecosdelsur.com\/index.php?rest_route=\/wp\/v2\/users\/8"}],"replies":[{"embeddable":true,"href":"https:\/\/ecosdelsur.com\/index.php?rest_route=%2Fwp%2Fv2%2Fcomments&post=47633"}],"version-history":[{"count":1,"href":"https:\/\/ecosdelsur.com\/index.php?rest_route=\/wp\/v2\/posts\/47633\/revisions"}],"predecessor-version":[{"id":47635,"href":"https:\/\/ecosdelsur.com\/index.php?rest_route=\/wp\/v2\/posts\/47633\/revisions\/47635"}],"wp:featuredmedia":[{"embeddable":true,"href":"https:\/\/ecosdelsur.com\/index.php?rest_route=\/wp\/v2\/media\/47634"}],"wp:attachment":[{"href":"https:\/\/ecosdelsur.com\/index.php?rest_route=%2Fwp%2Fv2%2Fmedia&parent=47633"}],"wp:term":[{"taxonomy":"category","embeddable":true,"href":"https:\/\/ecosdelsur.com\/index.php?rest_route=%2Fwp%2Fv2%2Fcategories&post=47633"},{"taxonomy":"post_tag","embeddable":true,"href":"https:\/\/ecosdelsur.com\/index.php?rest_route=%2Fwp%2Fv2%2Ftags&post=47633"}],"curies":[{"name":"wp","href":"https:\/\/api.w.org\/{rel}","templated":true}]}}