{"id":47630,"date":"2026-08-31T17:59:16","date_gmt":"2026-08-31T20:59:16","guid":{"rendered":"https:\/\/ecosdelsur.com\/?p=47630"},"modified":"2026-08-31T17:59:16","modified_gmt":"2026-08-31T20:59:16","slug":"rio-turbio-incorpora-telemedicina-para-ampliar-el-acceso-a-especialidades-medicas","status":"publish","type":"post","link":"https:\/\/ecosdelsur.com\/?p=47630","title":{"rendered":"R\u00edo Turbio incorpora telemedicina para ampliar el acceso a especialidades m\u00e9dicas"},"content":{"rendered":"<p><span style=\"color: #ff0000;\">31 de Agosto 2026. <\/span>El Hospital \u201cJos\u00e9 Alberto S\u00e1nchez\u201d sum\u00f3 una cabina de consulta remota que conecta a la Cuenca Carbon\u00edfera con la red p\u00fablica de salud provincial. Toda Santa Cruz cuenta con el acceso a Telemedicina.<\/p>\n<div class=\"redes mb-3\">\n<div class=\"d-flex flex-wrap justify-content-between align-items-center gap-3 my-2 mx-1\">\n<p>El Hospital \u201cJos\u00e9 Alberto S\u00e1nchez\u201d de R\u00edo Turbio incorpor\u00f3 una\u00a0<strong>cabina de telemedicina<\/strong>\u00a0que permitir\u00e1 facilitar el acceso a consultas m\u00e9dicas presenciales y remotas y vincular a la Cuenca Carbon\u00edfera con la red p\u00fablica sanitaria de Santa Cruz.<\/p>\n<figure class=\"ssi-inline-image my-3\"><img decoding=\"async\" class=\"img-fluid lazyload\" data-src=\"https:\/\/noticias.santacruz.gob.ar\/media\/ssigallery\/articulos\/26298\/inline\/1_A.jpeg\" alt=\"R\u00edo Turbio incorpora telemedicina para ampliar el acceso a especialidades m\u00e9dicas\" src=\"data:image\/svg+xml;base64,PHN2ZyB3aWR0aD0iMSIgaGVpZ2h0PSIxIiB4bWxucz0iaHR0cDovL3d3dy53My5vcmcvMjAwMC9zdmciPjwvc3ZnPg==\" \/><\/figure>\n<p>La nueva herramienta fue presentada por el director del establecimiento,\u00a0<strong>Dr. Marcelo Romaniello<\/strong>, y la directora asociada administradora,\u00a0<strong>Emilce Godoy<\/strong>, durante un recorrido por las instalaciones del nosocomio.<\/p>\n<p>\u201cEs una gran iniciativa, un modo de trabajar nuevo impulsado por el Gobierno de Santa Cruz a trav\u00e9s del Ministerio de Salud\u201d, destac\u00f3 Romaniello al referirse a la incorporaci\u00f3n del sistema.<\/p>\n<p>La plataforma permite simplificar la solicitud de atenci\u00f3n mediante una\u00a0<strong>pantalla t\u00e1ctil e interactiva<\/strong>, en la que los usuarios completan sus datos por \u00fanica vez. Actualmente, la propuesta contempla consultas en\u00a0<strong>cardiolog\u00eda, endocrinolog\u00eda, diabetes, neurolog\u00eda, psiquiatr\u00eda, dermatolog\u00eda, cl\u00ednica m\u00e9dica, pediatr\u00eda y psicolog\u00eda<\/strong>.<\/p>\n<figure class=\"ssi-inline-image my-3\"><img decoding=\"async\" class=\"img-fluid lazyload\" data-src=\"https:\/\/noticias.santacruz.gob.ar\/media\/ssigallery\/articulos\/26298\/inline\/3_A.jpeg\" alt=\"R\u00edo Turbio incorpora telemedicina para ampliar el acceso a especialidades m\u00e9dicas\" src=\"data:image\/svg+xml;base64,PHN2ZyB3aWR0aD0iMSIgaGVpZ2h0PSIxIiB4bWxucz0iaHR0cDovL3d3dy53My5vcmcvMjAwMC9zdmciPjwvc3ZnPg==\" \/><\/figure>\n<h2>Turnos y seguimiento de consultas<\/h2>\n<p>El sistema contempla la\u00a0<strong>confirmaci\u00f3n de los turnos por correo electr\u00f3nico y SMS<\/strong>, adem\u00e1s de la asignaci\u00f3n de consultas con m\u00e9dicos matriculados y el seguimiento de casos que no revisten car\u00e1cter urgente.<\/p>\n<p>De esta manera, la incorporaci\u00f3n de herramientas digitales busca facilitar la gesti\u00f3n de turnos y ampliar las posibilidades de acceso a distintas especialidades m\u00e9dicas para los habitantes de la Cuenca Carbon\u00edfera.<\/p>\n<h2>La atenci\u00f3n de urgencias contin\u00faa siendo presencial<\/h2>\n<p>El nuevo sistema est\u00e1 destinado a\u00a0<strong>consultas programadas de pacientes estables<\/strong>\u00a0y no reemplaza la atenci\u00f3n m\u00e9dica ante situaciones de emergencia.<\/p>\n<p>Antes de la consulta m\u00e9dica online, el paciente debe realizar un control con el personal de enfermer\u00eda para evaluar sus signos vitales y descartar pautas de alarma.<\/p>\n<p>\u201cPreviamente a la consulta con el m\u00e9dico online, se hace un chequeo con enfermer\u00eda para evaluar signos vitales y descartar pautas de alarma\u201d, explic\u00f3 Romaniello. Al mismo tiempo, remarc\u00f3 que \u201cla emergencia sigue siendo presencial en la guardia\u201d.<strong>\u00a0<\/strong><\/p>\n<figure class=\"ssi-inline-image my-3\"><img decoding=\"async\" class=\"img-fluid lazyload\" data-src=\"https:\/\/noticias.santacruz.gob.ar\/media\/ssigallery\/articulos\/26298\/inline\/4_a.jpeg\" alt=\"R\u00edo Turbio incorpora telemedicina para ampliar el acceso a especialidades m\u00e9dicas\" src=\"data:image\/svg+xml;base64,PHN2ZyB3aWR0aD0iMSIgaGVpZ2h0PSIxIiB4bWxucz0iaHR0cDovL3d3dy53My5vcmcvMjAwMC9zdmciPjwvc3ZnPg==\" \/><\/figure>\n<h2>Acompa\u00f1amiento para los usuarios<\/h2>\n<p>El Hospital de R\u00edo Turbio tambi\u00e9n dispondr\u00e1 de personal para acompa\u00f1ar a los usuarios durante el proceso de registro y carga de informaci\u00f3n.<\/p>\n<p>Godoy explic\u00f3 que habr\u00e1 una recepcionista destinada a orientar a quienes necesiten asistencia durante esta etapa, especialmente durante los primeros pasos de utilizaci\u00f3n de la plataforma.<\/p>\n<p><strong>Telemedicina para fortalecer la atenci\u00f3n en la Cuenca Carbon\u00edfera<\/strong><\/p>\n<p>La incorporaci\u00f3n de esta tecnolog\u00eda forma parte del desarrollo de las\u00a0<strong>cabinas inform\u00e1ticas de la provincia<\/strong>, destinadas a facilitar el acceso a especialidades consideradas cr\u00edticas y contribuir a la descentralizaci\u00f3n de la atenci\u00f3n m\u00e9dica.<\/p>\n<p>\u201cCreemos que va a ser muy beneficioso para quitar complejidad, descomprimir y satisfacer las necesidades de la gente\u201d, se\u00f1al\u00f3 el director del Hospital Jos\u00e9 Alberto S\u00e1nchez.<\/p>\n<\/div>\n<\/div>\n","protected":false},"excerpt":{"rendered":"<p>31 de Agosto 2026. El Hospital \u201cJos\u00e9 Alberto S\u00e1nchez\u201d sum\u00f3 una cabina de consulta remota que conecta a la Cuenca<\/p>\n","protected":false},"author":8,"featured_media":47631,"comment_status":"open","ping_status":"closed","sticky":false,"template":"","format":"standard","meta":{"footnotes":""},"categories":[1139],"tags":[],"class_list":["post-47630","post","type-post","status-publish","format-standard","has-post-thumbnail","hentry","category-ministerio-de-salud-y-ambiente"],"_links":{"self":[{"href":"https:\/\/ecosdelsur.com\/index.php?rest_route=\/wp\/v2\/posts\/47630","targetHints":{"allow":["GET"]}}],"collection":[{"href":"https:\/\/ecosdelsur.com\/index.php?rest_route=\/wp\/v2\/posts"}],"about":[{"href":"https:\/\/ecosdelsur.com\/index.php?rest_route=\/wp\/v2\/types\/post"}],"author":[{"embeddable":true,"href":"https:\/\/ecosdelsur.com\/index.php?rest_route=\/wp\/v2\/users\/8"}],"replies":[{"embeddable":true,"href":"https:\/\/ecosdelsur.com\/index.php?rest_route=%2Fwp%2Fv2%2Fcomments&post=47630"}],"version-history":[{"count":1,"href":"https:\/\/ecosdelsur.com\/index.php?rest_route=\/wp\/v2\/posts\/47630\/revisions"}],"predecessor-version":[{"id":47632,"href":"https:\/\/ecosdelsur.com\/index.php?rest_route=\/wp\/v2\/posts\/47630\/revisions\/47632"}],"wp:featuredmedia":[{"embeddable":true,"href":"https:\/\/ecosdelsur.com\/index.php?rest_route=\/wp\/v2\/media\/47631"}],"wp:attachment":[{"href":"https:\/\/ecosdelsur.com\/index.php?rest_route=%2Fwp%2Fv2%2Fmedia&parent=47630"}],"wp:term":[{"taxonomy":"category","embeddable":true,"href":"https:\/\/ecosdelsur.com\/index.php?rest_route=%2Fwp%2Fv2%2Fcategories&post=47630"},{"taxonomy":"post_tag","embeddable":true,"href":"https:\/\/ecosdelsur.com\/index.php?rest_route=%2Fwp%2Fv2%2Ftags&post=47630"}],"curies":[{"name":"wp","href":"https:\/\/api.w.org\/{rel}","templated":true}]}}