{"id":47624,"date":"2026-08-31T17:55:39","date_gmt":"2026-08-31T20:55:39","guid":{"rendered":"https:\/\/ecosdelsur.com\/?p=47624"},"modified":"2026-08-31T17:55:39","modified_gmt":"2026-08-31T20:55:39","slug":"realizaron-encuentro-presencial-del-simposio-de-actualizacion-en-ciencias-del-ejercicio-el-deporte-y-la-salud","status":"publish","type":"post","link":"https:\/\/ecosdelsur.com\/?p=47624","title":{"rendered":"Realizaron encuentro presencial del Simposio de Actualizaci\u00f3n en Ciencias del Ejercicio, el Deporte y la Salud"},"content":{"rendered":"<p><span style=\"color: #ff0000;\">31 de Agosto 2026. <\/span>El Consejo Provincial de Educaci\u00f3n junto a la Secretar\u00eda de Estado de Deporte y Recreaci\u00f3n llevaron adelante el Simposio de Actualizaci\u00f3n en Ciencias del Ejercicio, el Deporte y la Salud con el objeto de fortalecer la capacitaci\u00f3n permanente de los profesionales de toda Santa Cruz.<\/p>\n<div class=\"redes mb-3\">\n<div class=\"d-flex flex-wrap justify-content-between align-items-center gap-3 my-2 mx-1\">\n<section class=\"ssi-block-main mb-5\">\n<div class=\"mb-2\">\n<div class=\"article-full\">\n<p>En el marco del Programa Provincial\u00a0<strong>EduActiva<\/strong>, impulsado por el Gobierno de Santa Cruz a trav\u00e9s del Consejo Provincial de Educaci\u00f3n y el Ministerio de Desarrollo Social, Igualdad e Integraci\u00f3n, a trav\u00e9s de la Secretar\u00eda de Estado de Deporte y Recreaci\u00f3n, se llev\u00f3 adelante hoy el primer encuentro presencial del Simposio de Actualizaci\u00f3n en Ciencias del Ejercicio, el Deporte y la Salud en las instalaciones del Complejo Cultural de R\u00edo Gallegos.<\/p>\n<figure class=\"ssi-inline-image my-3\"><img decoding=\"async\" class=\"img-fluid lazyload\" data-src=\"https:\/\/noticias.santacruz.gob.ar\/media\/ssigallery\/articulos\/26296\/inline\/260829-SIMPOSIO__10_.JPG\" alt=\"Realizaron encuentro presencial del Simposio de Actualizaci\u00f3n en Ciencias del Ejercicio, el Deporte y la Salud\" src=\"data:image\/svg+xml;base64,PHN2ZyB3aWR0aD0iMSIgaGVpZ2h0PSIxIiB4bWxucz0iaHR0cDovL3d3dy53My5vcmcvMjAwMC9zdmciPjwvc3ZnPg==\" \/><\/figure>\n<h2>Autoridades presentes e impulso institucional<\/h2>\n<p>El encuentro estuvo encabezado por la secretaria de Gesti\u00f3n Educativa, Daniela Franchini; la directora provincial de Formaci\u00f3n Docente Continua y Desarrollo Profesional, Paulina Salemi; y el organizador de la propuesta, Lic. Jos\u00e9 Huaiquil. Las autoridades destacaron el valor pedag\u00f3gico y formativo de estas instancias para acompa\u00f1ar la capacitaci\u00f3n permanente de los profesionales en toda la provincia.<\/p>\n<p>La propuesta, llevada a cabo en articulaci\u00f3n con el Observatorio de Actividad F\u00edsica y Deporte de Santa Cruz Deportes, est\u00e1 orientada a fortalecer la formaci\u00f3n continua y la actualizaci\u00f3n profesional con los mismos est\u00e1ndares acad\u00e9micos para todos los participantes.<\/p>\n<\/div>\n<\/div>\n<\/section>\n<aside class=\"ssi-block-side\">\n<aside class=\"a-gallery mt-2\">\n<div class=\"row g-3 ssigallery-frontend mt-3 row-cols-2 row-cols-sm-3 row-cols-md-3 row-cols-lg-4\">\n<div class=\"col-6 col-sm-4 col-md-4 col-lg-3 mt-0\"><a class=\"ssig-item\" href=\"https:\/\/noticias.santacruz.gob.ar\/media\/ssigallery\/articulos\/26296\/galeria\/260829-SIMPOSIO__2_.JPG\" data-ssig=\"1\" data-caption=\"\" data-fancybox=\"ssigallery-article-26296\"><img decoding=\"async\" class=\"img-fluid rounded lazyload\" data-src=\"https:\/\/noticias.santacruz.gob.ar\/media\/ssigallery\/articulos\/26296\/galeria\/thumbs\/260829-SIMPOSIO__2_.JPG\" alt=\"Realizaron encuentro presencial del Simposio de Actualizaci\u00f3n en Ciencias del Ejercicio, el Deporte y la Salud\" src=\"data:image\/svg+xml;base64,PHN2ZyB3aWR0aD0iMSIgaGVpZ2h0PSIxIiB4bWxucz0iaHR0cDovL3d3dy53My5vcmcvMjAwMC9zdmciPjwvc3ZnPg==\" \/><\/a><\/div>\n<div class=\"col-6 col-sm-4 col-md-4 col-lg-3 mt-0\"><a class=\"ssig-item\" href=\"https:\/\/noticias.santacruz.gob.ar\/media\/ssigallery\/articulos\/26296\/galeria\/260829-SIMPOSIO__7_.JPG\" data-ssig=\"1\" data-caption=\"\" data-fancybox=\"ssigallery-article-26296\"><img decoding=\"async\" class=\"img-fluid rounded lazyload\" data-src=\"https:\/\/noticias.santacruz.gob.ar\/media\/ssigallery\/articulos\/26296\/galeria\/thumbs\/260829-SIMPOSIO__7_.JPG\" alt=\"Realizaron encuentro presencial del Simposio de Actualizaci\u00f3n en Ciencias del Ejercicio, el Deporte y la Salud\" src=\"data:image\/svg+xml;base64,PHN2ZyB3aWR0aD0iMSIgaGVpZ2h0PSIxIiB4bWxucz0iaHR0cDovL3d3dy53My5vcmcvMjAwMC9zdmciPjwvc3ZnPg==\" \/><\/a><\/div>\n<\/div>\n<\/aside>\n<\/aside>\n<\/div>\n<\/div>\n","protected":false},"excerpt":{"rendered":"<p>31 de Agosto 2026. El Consejo Provincial de Educaci\u00f3n junto a la Secretar\u00eda de Estado de Deporte y Recreaci\u00f3n llevaron<\/p>\n","protected":false},"author":8,"featured_media":47625,"comment_status":"open","ping_status":"closed","sticky":false,"template":"","format":"standard","meta":{"footnotes":""},"categories":[1094],"tags":[],"class_list":["post-47624","post","type-post","status-publish","format-standard","has-post-thumbnail","hentry","category-gobierno"],"_links":{"self":[{"href":"https:\/\/ecosdelsur.com\/index.php?rest_route=\/wp\/v2\/posts\/47624","targetHints":{"allow":["GET"]}}],"collection":[{"href":"https:\/\/ecosdelsur.com\/index.php?rest_route=\/wp\/v2\/posts"}],"about":[{"href":"https:\/\/ecosdelsur.com\/index.php?rest_route=\/wp\/v2\/types\/post"}],"author":[{"embeddable":true,"href":"https:\/\/ecosdelsur.com\/index.php?rest_route=\/wp\/v2\/users\/8"}],"replies":[{"embeddable":true,"href":"https:\/\/ecosdelsur.com\/index.php?rest_route=%2Fwp%2Fv2%2Fcomments&post=47624"}],"version-history":[{"count":1,"href":"https:\/\/ecosdelsur.com\/index.php?rest_route=\/wp\/v2\/posts\/47624\/revisions"}],"predecessor-version":[{"id":47626,"href":"https:\/\/ecosdelsur.com\/index.php?rest_route=\/wp\/v2\/posts\/47624\/revisions\/47626"}],"wp:featuredmedia":[{"embeddable":true,"href":"https:\/\/ecosdelsur.com\/index.php?rest_route=\/wp\/v2\/media\/47625"}],"wp:attachment":[{"href":"https:\/\/ecosdelsur.com\/index.php?rest_route=%2Fwp%2Fv2%2Fmedia&parent=47624"}],"wp:term":[{"taxonomy":"category","embeddable":true,"href":"https:\/\/ecosdelsur.com\/index.php?rest_route=%2Fwp%2Fv2%2Fcategories&post=47624"},{"taxonomy":"post_tag","embeddable":true,"href":"https:\/\/ecosdelsur.com\/index.php?rest_route=%2Fwp%2Fv2%2Ftags&post=47624"}],"curies":[{"name":"wp","href":"https:\/\/api.w.org\/{rel}","templated":true}]}}