{"id":47621,"date":"2026-08-31T17:53:50","date_gmt":"2026-08-31T20:53:50","guid":{"rendered":"https:\/\/ecosdelsur.com\/?p=47621"},"modified":"2026-08-31T17:53:50","modified_gmt":"2026-08-31T20:53:50","slug":"acompanando-a-las-organizaciones-barriales-durante-el-mes-de-las-infancias","status":"publish","type":"post","link":"https:\/\/ecosdelsur.com\/?p=47621","title":{"rendered":"Acompa\u00f1ando a las organizaciones barriales durante el Mes de las Infancias"},"content":{"rendered":"<p><span style=\"color: #ff0000;\">31 de Agosto 2026. <\/span>El Gobierno de Santa Cruz da continuidad al trabajo articulado con actores sociales de distintos puntos de la provincia de Santa Cruz. En esta oportunidad se acompa\u00f1aron los festejos del D\u00eda de las Infancias en el barrio San Benito.<\/p>\n<div class=\"redes mb-3\">\n<div class=\"d-flex flex-wrap justify-content-between align-items-center gap-3 my-2 mx-1\">\n<section class=\"ssi-block-main mb-5\">\n<div class=\"mb-2\">\n<div class=\"article-full\">\n<p>En el marco del trabajo articulado que el Ministerio de Desarrollo Social, Igualdad e Integraci\u00f3n lleva adelante junto a organizaciones sociales de R\u00edo Gallegos, el secretario de Estado de Pol\u00edticas para el Desarrollo Local,\u00a0<strong>Rub\u00e9n Segura<\/strong>, y la directora de Instituciones y Organizaciones,\u00a0<strong>Daniela Ulloa<\/strong>, acompa\u00f1aron durante el fin de semana la celebraci\u00f3n por el D\u00eda de las Infancias organizada por\u00a0<strong>la Asociaci\u00f3n Pro-Ayuda<\/strong>\u00a0a Vecinos del barrio San Benito.<\/p>\n<p>La jornada reuni\u00f3 a ni\u00f1as, ni\u00f1os y familias del sector, quienes disfrutaron de\u00a0<strong>juegos, maquillaje art\u00edstico, inflables y una merienda comunitaria<\/strong>, en un espacio pensado para compartir y celebrar en comunidad.<\/p>\n<p>Durante la actividad, los funcionarios provinciales destacaron el trabajo que la asociaci\u00f3n desarrolla de manera cotidiana en el barrio y mantuvieron un encuentro con su referente,\u00a0<strong>Petrona L\u00f3pez<\/strong>, para conocer las acciones que llevan adelante y dialogar sobre las necesidades de la comunidad.<\/p>\n<p>En este marco, tambi\u00e9n se abordaron distintas l\u00edneas de acompa\u00f1amiento que desde la c<strong>artera social<\/strong>\u00a0pueden fortalecerse junto a las organizaciones, reconociendo su rol fundamental en el territorio y su cercan\u00eda con los vecinos.<\/p>\n<p>Al respecto,\u00a0<strong>Ulloa<\/strong>\u00a0destac\u00f3 la importancia de profundizar el trabajo conjunto: \u201cTenemos planificado continuar con este tipo de articulaciones. Es importante este v\u00ednculo porque son las organizaciones las que tienen la cercan\u00eda en territorio y conocen de primera mano las necesidades de los vecinos. Esto tiene que ver con lo que plantea el gobernador\u00a0<strong>Claudio Vidal<\/strong>:\u00a0<strong>trabajar cerca de la gente<\/strong>\u201d.<\/p>\n<\/div>\n<\/div>\n<\/section>\n<aside class=\"ssi-block-side\">\n<aside class=\"a-gallery mt-2\">\n<div class=\"row g-3 ssigallery-frontend mt-3 row-cols-2 row-cols-sm-3 row-cols-md-3 row-cols-lg-4\">\n<div class=\"col-6 col-sm-4 col-md-4 col-lg-3 mt-0\"><a class=\"ssig-item\" href=\"https:\/\/noticias.santacruz.gob.ar\/media\/ssigallery\/articulos\/26295\/galeria\/MDSII_ORGANIZACIONES_SOCIALES_Y_NI__EZ_SAN_BENITO__10_.jpeg\" data-ssig=\"1\" data-caption=\"\" data-fancybox=\"ssigallery-article-26295\"><img decoding=\"async\" class=\"img-fluid rounded lazyload\" data-src=\"https:\/\/noticias.santacruz.gob.ar\/media\/ssigallery\/articulos\/26295\/galeria\/thumbs\/MDSII_ORGANIZACIONES_SOCIALES_Y_NI__EZ_SAN_BENITO__10_.jpeg\" alt=\"Acompa\u00f1ando a las organizaciones barriales durante el Mes de las Infancias\" src=\"data:image\/svg+xml;base64,PHN2ZyB3aWR0aD0iMSIgaGVpZ2h0PSIxIiB4bWxucz0iaHR0cDovL3d3dy53My5vcmcvMjAwMC9zdmciPjwvc3ZnPg==\" \/><\/a><\/div>\n<div class=\"col-6 col-sm-4 col-md-4 col-lg-3 mt-0\"><a class=\"ssig-item\" href=\"https:\/\/noticias.santacruz.gob.ar\/media\/ssigallery\/articulos\/26295\/galeria\/MDSII_ORGANIZACIONES_SOCIALES_Y_NI__EZ_SAN_BENITO__14_.jpeg\" data-ssig=\"1\" data-caption=\"\" data-fancybox=\"ssigallery-article-26295\"><img decoding=\"async\" class=\"img-fluid rounded lazyload\" data-src=\"https:\/\/noticias.santacruz.gob.ar\/media\/ssigallery\/articulos\/26295\/galeria\/thumbs\/MDSII_ORGANIZACIONES_SOCIALES_Y_NI__EZ_SAN_BENITO__14_.jpeg\" alt=\"Acompa\u00f1ando a las organizaciones barriales durante el Mes de las Infancias\" src=\"data:image\/svg+xml;base64,PHN2ZyB3aWR0aD0iMSIgaGVpZ2h0PSIxIiB4bWxucz0iaHR0cDovL3d3dy53My5vcmcvMjAwMC9zdmciPjwvc3ZnPg==\" \/><\/a><\/div>\n<div class=\"col-6 col-sm-4 col-md-4 col-lg-3 mt-0\"><a class=\"ssig-item\" href=\"https:\/\/noticias.santacruz.gob.ar\/media\/ssigallery\/articulos\/26295\/galeria\/MDSII_ORGANIZACIONES_SOCIALES_Y_NI__EZ_SAN_BENITO__1_.jpeg\" data-ssig=\"1\" data-caption=\"\" data-fancybox=\"ssigallery-article-26295\"><img decoding=\"async\" class=\"img-fluid rounded lazyload\" data-src=\"https:\/\/noticias.santacruz.gob.ar\/media\/ssigallery\/articulos\/26295\/galeria\/thumbs\/MDSII_ORGANIZACIONES_SOCIALES_Y_NI__EZ_SAN_BENITO__1_.jpeg\" alt=\"Acompa\u00f1ando a las organizaciones barriales durante el Mes de las Infancias\" src=\"data:image\/svg+xml;base64,PHN2ZyB3aWR0aD0iMSIgaGVpZ2h0PSIxIiB4bWxucz0iaHR0cDovL3d3dy53My5vcmcvMjAwMC9zdmciPjwvc3ZnPg==\" \/><\/a><\/div>\n<div class=\"col-6 col-sm-4 col-md-4 col-lg-3 mt-0\"><a class=\"ssig-item\" href=\"https:\/\/noticias.santacruz.gob.ar\/media\/ssigallery\/articulos\/26295\/galeria\/MDSII_ORGANIZACIONES_SOCIALES_Y_NI__EZ_SAN_BENITO__2_.jpeg\" data-ssig=\"1\" data-caption=\"\" data-fancybox=\"ssigallery-article-26295\"><img decoding=\"async\" class=\"img-fluid rounded lazyload\" data-src=\"https:\/\/noticias.santacruz.gob.ar\/media\/ssigallery\/articulos\/26295\/galeria\/thumbs\/MDSII_ORGANIZACIONES_SOCIALES_Y_NI__EZ_SAN_BENITO__2_.jpeg\" alt=\"Acompa\u00f1ando a las organizaciones barriales durante el Mes de las Infancias\" src=\"data:image\/svg+xml;base64,PHN2ZyB3aWR0aD0iMSIgaGVpZ2h0PSIxIiB4bWxucz0iaHR0cDovL3d3dy53My5vcmcvMjAwMC9zdmciPjwvc3ZnPg==\" \/><\/a><\/div>\n<div class=\"col-6 col-sm-4 col-md-4 col-lg-3 mt-0\"><a class=\"ssig-item\" href=\"https:\/\/noticias.santacruz.gob.ar\/media\/ssigallery\/articulos\/26295\/galeria\/MDSII_ORGANIZACIONES_SOCIALES_Y_NI__EZ_SAN_BENITO__3_.jpeg\" data-ssig=\"1\" data-caption=\"\" data-fancybox=\"ssigallery-article-26295\"><img decoding=\"async\" class=\"img-fluid rounded lazyload\" data-src=\"https:\/\/noticias.santacruz.gob.ar\/media\/ssigallery\/articulos\/26295\/galeria\/thumbs\/MDSII_ORGANIZACIONES_SOCIALES_Y_NI__EZ_SAN_BENITO__3_.jpeg\" alt=\"Acompa\u00f1ando a las organizaciones barriales durante el Mes de las Infancias\" src=\"data:image\/svg+xml;base64,PHN2ZyB3aWR0aD0iMSIgaGVpZ2h0PSIxIiB4bWxucz0iaHR0cDovL3d3dy53My5vcmcvMjAwMC9zdmciPjwvc3ZnPg==\" \/><\/a><\/div>\n<div class=\"col-6 col-sm-4 col-md-4 col-lg-3 mt-0\"><a class=\"ssig-item\" href=\"https:\/\/noticias.santacruz.gob.ar\/media\/ssigallery\/articulos\/26295\/galeria\/MDSII_ORGANIZACIONES_SOCIALES_Y_NI__EZ_SAN_BENITO__4_.jpeg\" data-ssig=\"1\" data-caption=\"\" data-fancybox=\"ssigallery-article-26295\"><img decoding=\"async\" class=\"img-fluid rounded lazyload\" data-src=\"https:\/\/noticias.santacruz.gob.ar\/media\/ssigallery\/articulos\/26295\/galeria\/thumbs\/MDSII_ORGANIZACIONES_SOCIALES_Y_NI__EZ_SAN_BENITO__4_.jpeg\" alt=\"Acompa\u00f1ando a las organizaciones barriales durante el Mes de las Infancias\" src=\"data:image\/svg+xml;base64,PHN2ZyB3aWR0aD0iMSIgaGVpZ2h0PSIxIiB4bWxucz0iaHR0cDovL3d3dy53My5vcmcvMjAwMC9zdmciPjwvc3ZnPg==\" \/><\/a><\/div>\n<div class=\"col-6 col-sm-4 col-md-4 col-lg-3 mt-0\"><a class=\"ssig-item\" href=\"https:\/\/noticias.santacruz.gob.ar\/media\/ssigallery\/articulos\/26295\/galeria\/MDSII_ORGANIZACIONES_SOCIALES_Y_NI__EZ_SAN_BENITO__5_.jpeg\" data-ssig=\"1\" data-caption=\"\" data-fancybox=\"ssigallery-article-26295\"><img decoding=\"async\" class=\"img-fluid rounded lazyload\" data-src=\"https:\/\/noticias.santacruz.gob.ar\/media\/ssigallery\/articulos\/26295\/galeria\/thumbs\/MDSII_ORGANIZACIONES_SOCIALES_Y_NI__EZ_SAN_BENITO__5_.jpeg\" alt=\"Acompa\u00f1ando a las organizaciones barriales durante el Mes de las Infancias\" src=\"data:image\/svg+xml;base64,PHN2ZyB3aWR0aD0iMSIgaGVpZ2h0PSIxIiB4bWxucz0iaHR0cDovL3d3dy53My5vcmcvMjAwMC9zdmciPjwvc3ZnPg==\" \/><\/a><\/div>\n<div class=\"col-6 col-sm-4 col-md-4 col-lg-3 mt-0\"><a class=\"ssig-item\" href=\"https:\/\/noticias.santacruz.gob.ar\/media\/ssigallery\/articulos\/26295\/galeria\/MDSII_ORGANIZACIONES_SOCIALES_Y_NI__EZ_SAN_BENITO__6_.jpeg\" data-ssig=\"1\" data-caption=\"\" data-fancybox=\"ssigallery-article-26295\"><img decoding=\"async\" class=\"img-fluid rounded lazyload\" data-src=\"https:\/\/noticias.santacruz.gob.ar\/media\/ssigallery\/articulos\/26295\/galeria\/thumbs\/MDSII_ORGANIZACIONES_SOCIALES_Y_NI__EZ_SAN_BENITO__6_.jpeg\" alt=\"Acompa\u00f1ando a las organizaciones barriales durante el Mes de las Infancias\" src=\"data:image\/svg+xml;base64,PHN2ZyB3aWR0aD0iMSIgaGVpZ2h0PSIxIiB4bWxucz0iaHR0cDovL3d3dy53My5vcmcvMjAwMC9zdmciPjwvc3ZnPg==\" \/><\/a><\/div>\n<div class=\"col-6 col-sm-4 col-md-4 col-lg-3 mt-0\"><a class=\"ssig-item\" href=\"https:\/\/noticias.santacruz.gob.ar\/media\/ssigallery\/articulos\/26295\/galeria\/MDSII_ORGANIZACIONES_SOCIALES_Y_NI__EZ_SAN_BENITO__7_.jpeg\" data-ssig=\"1\" data-caption=\"\" data-fancybox=\"ssigallery-article-26295\"><img decoding=\"async\" class=\"img-fluid rounded lazyload\" data-src=\"https:\/\/noticias.santacruz.gob.ar\/media\/ssigallery\/articulos\/26295\/galeria\/thumbs\/MDSII_ORGANIZACIONES_SOCIALES_Y_NI__EZ_SAN_BENITO__7_.jpeg\" alt=\"Acompa\u00f1ando a las organizaciones barriales durante el Mes de las Infancias\" src=\"data:image\/svg+xml;base64,PHN2ZyB3aWR0aD0iMSIgaGVpZ2h0PSIxIiB4bWxucz0iaHR0cDovL3d3dy53My5vcmcvMjAwMC9zdmciPjwvc3ZnPg==\" \/><\/a><\/div>\n<div class=\"col-6 col-sm-4 col-md-4 col-lg-3 mt-0\"><a class=\"ssig-item\" href=\"https:\/\/noticias.santacruz.gob.ar\/media\/ssigallery\/articulos\/26295\/galeria\/MDSII_ORGANIZACIONES_SOCIALES_Y_NI__EZ_SAN_BENITO__8_.jpeg\" data-ssig=\"1\" data-caption=\"\" data-fancybox=\"ssigallery-article-26295\"><img decoding=\"async\" class=\"img-fluid rounded lazyload\" data-src=\"https:\/\/noticias.santacruz.gob.ar\/media\/ssigallery\/articulos\/26295\/galeria\/thumbs\/MDSII_ORGANIZACIONES_SOCIALES_Y_NI__EZ_SAN_BENITO__8_.jpeg\" alt=\"Acompa\u00f1ando a las organizaciones barriales durante el Mes de las Infancias\" src=\"data:image\/svg+xml;base64,PHN2ZyB3aWR0aD0iMSIgaGVpZ2h0PSIxIiB4bWxucz0iaHR0cDovL3d3dy53My5vcmcvMjAwMC9zdmciPjwvc3ZnPg==\" \/><\/a><\/div>\n<div class=\"col-6 col-sm-4 col-md-4 col-lg-3 mt-0\"><a class=\"ssig-item\" href=\"https:\/\/noticias.santacruz.gob.ar\/media\/ssigallery\/articulos\/26295\/galeria\/MDSII_ORGANIZACIONES_SOCIALES_Y_NI__EZ_SAN_BENITO__9_.jpeg\" data-ssig=\"1\" data-caption=\"\" data-fancybox=\"ssigallery-article-26295\"><img decoding=\"async\" class=\"img-fluid rounded lazyload\" data-src=\"https:\/\/noticias.santacruz.gob.ar\/media\/ssigallery\/articulos\/26295\/galeria\/thumbs\/MDSII_ORGANIZACIONES_SOCIALES_Y_NI__EZ_SAN_BENITO__9_.jpeg\" alt=\"Acompa\u00f1ando a las organizaciones barriales durante el Mes de las Infancias\" src=\"data:image\/svg+xml;base64,PHN2ZyB3aWR0aD0iMSIgaGVpZ2h0PSIxIiB4bWxucz0iaHR0cDovL3d3dy53My5vcmcvMjAwMC9zdmciPjwvc3ZnPg==\" \/><\/a><\/div>\n<\/div>\n<\/aside>\n<\/aside>\n<\/div>\n<\/div>\n<p>&nbsp;<\/p>\n","protected":false},"excerpt":{"rendered":"<p>31 de Agosto 2026. El Gobierno de Santa Cruz da continuidad al trabajo articulado con actores sociales de distintos puntos<\/p>\n","protected":false},"author":8,"featured_media":47622,"comment_status":"open","ping_status":"closed","sticky":false,"template":"","format":"standard","meta":{"footnotes":""},"categories":[1156],"tags":[],"class_list":["post-47621","post","type-post","status-publish","format-standard","has-post-thumbnail","hentry","category-ministerio-de-desarrollo-social"],"_links":{"self":[{"href":"https:\/\/ecosdelsur.com\/index.php?rest_route=\/wp\/v2\/posts\/47621","targetHints":{"allow":["GET"]}}],"collection":[{"href":"https:\/\/ecosdelsur.com\/index.php?rest_route=\/wp\/v2\/posts"}],"about":[{"href":"https:\/\/ecosdelsur.com\/index.php?rest_route=\/wp\/v2\/types\/post"}],"author":[{"embeddable":true,"href":"https:\/\/ecosdelsur.com\/index.php?rest_route=\/wp\/v2\/users\/8"}],"replies":[{"embeddable":true,"href":"https:\/\/ecosdelsur.com\/index.php?rest_route=%2Fwp%2Fv2%2Fcomments&post=47621"}],"version-history":[{"count":1,"href":"https:\/\/ecosdelsur.com\/index.php?rest_route=\/wp\/v2\/posts\/47621\/revisions"}],"predecessor-version":[{"id":47623,"href":"https:\/\/ecosdelsur.com\/index.php?rest_route=\/wp\/v2\/posts\/47621\/revisions\/47623"}],"wp:featuredmedia":[{"embeddable":true,"href":"https:\/\/ecosdelsur.com\/index.php?rest_route=\/wp\/v2\/media\/47622"}],"wp:attachment":[{"href":"https:\/\/ecosdelsur.com\/index.php?rest_route=%2Fwp%2Fv2%2Fmedia&parent=47621"}],"wp:term":[{"taxonomy":"category","embeddable":true,"href":"https:\/\/ecosdelsur.com\/index.php?rest_route=%2Fwp%2Fv2%2Fcategories&post=47621"},{"taxonomy":"post_tag","embeddable":true,"href":"https:\/\/ecosdelsur.com\/index.php?rest_route=%2Fwp%2Fv2%2Ftags&post=47621"}],"curies":[{"name":"wp","href":"https:\/\/api.w.org\/{rel}","templated":true}]}}